{"id":1000,"date":"2012-05-10T21:02:22","date_gmt":"2012-05-11T02:02:22","guid":{"rendered":"http:\/\/www.icesi.edu.co\/blogs\/biblioteca\/?p=1000"},"modified":"2012-05-10T21:02:22","modified_gmt":"2012-05-11T02:02:22","slug":"exposicion-de-la-18-version-del-salon-de-calicomix-caricaturas-2012","status":"publish","type":"post","link":"https:\/\/www.icesi.edu.co\/blogs\/biblioteca\/2012\/05\/10\/exposicion-de-la-18-version-del-salon-de-calicomix-caricaturas-2012\/","title":{"rendered":"EXPOSICI\u00d3N DE LA 18 VERSI\u00d3N DEL SAL\u00d3N DE CALICOMIX \u2013 CARICATURAS 2012"},"content":{"rendered":"<p><a href=\"http:\/\/www.icesi.edu.co\/blogs\/biblioteca\/files\/2012\/05\/DSC02683.jpg\"><img fetchpriority=\"high\" decoding=\"async\" class=\"alignnone size-medium wp-image-1002\" src=\"http:\/\/www.icesi.edu.co\/blogs\/biblioteca\/files\/2012\/05\/DSC02683-300x168.jpg\" alt=\"\" width=\"300\" height=\"168\" \/><\/a><\/p>\n<p>El pasado 3 y 4 de mayo de 2012, la Biblioteca de la <a href=\"http:\/\/www.icesi.edu.co\/\">Universidad Icesi<\/a> se uni\u00f3 a la celebraci\u00f3n de la 18 versi\u00f3n del sal\u00f3n de <a href=\"http:\/\/www.calicomix.com\/\">Calicomix<\/a>, este homenaje estuvo acompa\u00f1ado de conferencistas nacionales, como el caricaturista <a href=\"http:\/\/www.semana.com\/wf_InfoPonente.aspx?IdPnt=19\">Vladimir Fl\u00f3rez<\/a>, m\u00e1s conocido como <a href=\"http:\/\/www.vladdo.com\/VladdoFiles.html\/vladdo-bio.htm\">\u201cVladdo\u201d<\/a>, quien expuso su personaje de <a href=\"http:\/\/www.aleida.com\/\">Aleida<\/a> y su trabajo como caricaturista en la <a href=\"http:\/\/www.semana.com\/Home.aspx\">Revista Semana<\/a>.<\/p>\n<p><a href=\"http:\/\/www.icesi.edu.co\/blogs\/biblioteca\/files\/2012\/05\/caricaturistas-icesi.jpg\"><img decoding=\"async\" class=\"alignnone size-medium wp-image-1003\" src=\"http:\/\/www.icesi.edu.co\/blogs\/biblioteca\/files\/2012\/05\/caricaturistas-icesi-300x199.jpg\" alt=\"\" width=\"300\" height=\"199\" \/><\/a><\/p>\n<p>Tambi\u00e9n estuvo como invitado <a href=\"http:\/\/www.plastilinacreativa.com\/\">Edgar Humberto \u00c1lvarez<\/a>, quien comparti\u00f3 su experiencia como creador de comerciales y cabezotes de programas de televisi\u00f3n a partir de sus creaciones en plastilina, las cuales son animadas en stop motion. A nivel internacional, estuvo como invitado el ilustrador y caricaturista mexicano <a href=\"http:\/\/chubascocaricaturero.blogspot.com\/\">V\u00edctor V\u00e9lez \u201cChubasco\u201d<\/a>, quien a trav\u00e9s de sus obras busca despertar conciencia de la problem\u00e1tica social. Al final de su conferencia, el artista obsequi\u00f3 algunas de sus caricaturas con dedicatoria, adem\u00e1s, se tom\u00f3 fotograf\u00edas con los participantes.<\/p>\n<p><a href=\"http:\/\/www.icesi.edu.co\/blogs\/biblioteca\/files\/2012\/05\/DSC02848.jpg\"><img decoding=\"async\" class=\"alignnone size-medium wp-image-1004\" src=\"http:\/\/www.icesi.edu.co\/blogs\/biblioteca\/files\/2012\/05\/DSC02848-300x168.jpg\" alt=\"\" width=\"300\" height=\"168\" \/><\/a><\/p>\n<p>Estas conferencias culminaron con la participaci\u00f3n de los mejores caricaturistas del mundo, como: <a href=\"http:\/\/www.rauldelanuez.com\/home2.html\">Ra\u00fal de la Nuez<\/a> de Cuba, <a href=\"http:\/\/www.vicentecorpus.com\/\">Vicente Corpus<\/a> de M\u00e9xico, <a href=\"http:\/\/www.facebook.com\/masatomasato\">Masato Kaizawa<\/a> de Jap\u00f3n, <a href=\"http:\/\/www.sicaf.org\/2012\/index.jsp\">Jim Woo Choi<\/a> de Corea, <a href=\"http:\/\/www.blogger.com\/profile\/06376684069980220810\">Lu\u00eds Eduardo Le\u00f3n<\/a> de Bogot\u00e1, <a href=\"http:\/\/intercambio-caricaturas.blogspot.com\/2011\/07\/tatiana-ramirez-sandoval-tatik-libelula.html\">Tatiana Ram\u00edrez Sandoval<\/a> de Santander de Quilichao, <a href=\"http:\/\/guaicolandia.blogspot.com\/\">Guaico<\/a> de Bogot\u00e1, <a href=\"http:\/\/trianacartoon.blogspot.com\/\">Camilo Triana<\/a> de Funza y <a href=\"http:\/\/Janlops%20Sandoval%20\">Janlops Sandoval <\/a>de Cali, quienes nos acompa\u00f1aron en la Tarima de Bienestar Universitario caricaturizando a estudiantes, docentes y colaboradores de la Universidad Icesi.<\/p>\n<p>La Biblioteca de la Universidad Icesi expondr\u00e1 las caricaturas de los artistas que nos visitaron, a partir del 10 al 26 de Mayo de 2012.<\/p>\n<p>&nbsp;<\/p>\n<p>Para mayor informaci\u00f3n comun\u00edquese a la <a href=\"http:\/\/www.icesi.edu.co\/biblioteca\/\"><strong>Biblioteca<\/strong> <\/a>con los <strong>Referencistas<\/strong> al PBX: 555 23 34 a la Ext. 8889 &#8211; 8726<\/p>\n","protected":false},"excerpt":{"rendered":"<p>El pasado 3 y 4 de mayo de 2012, la Biblioteca de la Universidad Icesi se uni\u00f3 a la celebraci\u00f3n [&hellip;]<\/p>\n","protected":false},"author":1191,"featured_media":0,"comment_status":"open","ping_status":"open","sticky":false,"template":"","format":"standard","meta":{"site-sidebar-layout":"default","site-content-layout":"","ast-site-content-layout":"","site-content-style":"default","site-sidebar-style":"default","ast-global-header-display":"","ast-banner-title-visibility":"","ast-main-header-display":"","ast-hfb-above-header-display":"","ast-hfb-below-header-display":"","ast-hfb-mobile-header-display":"","site-post-title":"","ast-breadcrumbs-content":"","ast-featured-img":"","footer-sml-layout":"","theme-transparent-header-meta":"","adv-header-id-meta":"","stick-header-meta":"","header-above-stick-meta":"","header-main-stick-meta":"","header-below-stick-meta":"","astra-migrate-meta-layouts":"default","ast-page-background-enabled":"default","ast-page-background-meta":{"desktop":{"background-color":"var(--ast-global-color-4)","background-image":"","background-repeat":"repeat","background-position":"center center","background-size":"auto","background-attachment":"scroll","background-type":"","background-media":"","overlay-type":"","overlay-color":"","overlay-opacity":"","overlay-gradient":""},"tablet":{"background-color":"","background-image":"","background-repeat":"repeat","background-position":"center center","background-size":"auto","background-attachment":"scroll","background-type":"","background-media":"","overlay-type":"","overlay-color":"","overlay-opacity":"","overlay-gradient":""},"mobile":{"background-color":"","background-image":"","background-repeat":"repeat","background-position":"center center","background-size":"auto","background-attachment":"scroll","background-type":"","background-media":"","overlay-type":"","overlay-color":"","overlay-opacity":"","overlay-gradient":""}},"ast-content-background-meta":{"desktop":{"background-color":"var(--ast-global-color-5)","background-image":"","background-repeat":"repeat","background-position":"center center","background-size":"auto","background-attachment":"scroll","background-type":"","background-media":"","overlay-type":"","overlay-color":"","overlay-opacity":"","overlay-gradient":""},"tablet":{"background-color":"var(--ast-global-color-5)","background-image":"","background-repeat":"repeat","background-position":"center center","background-size":"auto","background-attachment":"scroll","background-type":"","background-media":"","overlay-type":"","overlay-color":"","overlay-opacity":"","overlay-gradient":""},"mobile":{"background-color":"var(--ast-global-color-5)","background-image":"","background-repeat":"repeat","background-position":"center center","background-size":"auto","background-attachment":"scroll","background-type":"","background-media":"","overlay-type":"","overlay-color":"","overlay-opacity":"","overlay-gradient":""}},"footnotes":""},"categories":[1],"tags":[],"class_list":["post-1000","post","type-post","status-publish","format-standard","hentry","category-general"],"aioseo_notices":[],"rttpg_featured_image_url":null,"rttpg_author":{"display_name":"Eduardo Giron Aguirre","author_link":"https:\/\/www.icesi.edu.co\/blogs\/biblioteca\/author\/16803244\/"},"rttpg_comment":0,"rttpg_category":"<a href=\"https:\/\/www.icesi.edu.co\/blogs\/biblioteca\/category\/general\/\" rel=\"category tag\">General<\/a>","rttpg_excerpt":"El pasado 3 y 4 de mayo de 2012, la Biblioteca de la Universidad Icesi se uni\u00f3 a la celebraci\u00f3n [&hellip;]","_links":{"self":[{"href":"https:\/\/www.icesi.edu.co\/blogs\/biblioteca\/wp-json\/wp\/v2\/posts\/1000"}],"collection":[{"href":"https:\/\/www.icesi.edu.co\/blogs\/biblioteca\/wp-json\/wp\/v2\/posts"}],"about":[{"href":"https:\/\/www.icesi.edu.co\/blogs\/biblioteca\/wp-json\/wp\/v2\/types\/post"}],"author":[{"embeddable":true,"href":"https:\/\/www.icesi.edu.co\/blogs\/biblioteca\/wp-json\/wp\/v2\/users\/1191"}],"replies":[{"embeddable":true,"href":"https:\/\/www.icesi.edu.co\/blogs\/biblioteca\/wp-json\/wp\/v2\/comments?post=1000"}],"version-history":[{"count":2,"href":"https:\/\/www.icesi.edu.co\/blogs\/biblioteca\/wp-json\/wp\/v2\/posts\/1000\/revisions"}],"predecessor-version":[{"id":1006,"href":"https:\/\/www.icesi.edu.co\/blogs\/biblioteca\/wp-json\/wp\/v2\/posts\/1000\/revisions\/1006"}],"wp:attachment":[{"href":"https:\/\/www.icesi.edu.co\/blogs\/biblioteca\/wp-json\/wp\/v2\/media?parent=1000"}],"wp:term":[{"taxonomy":"category","embeddable":true,"href":"https:\/\/www.icesi.edu.co\/blogs\/biblioteca\/wp-json\/wp\/v2\/categories?post=1000"},{"taxonomy":"post_tag","embeddable":true,"href":"https:\/\/www.icesi.edu.co\/blogs\/biblioteca\/wp-json\/wp\/v2\/tags?post=1000"}],"curies":[{"name":"wp","href":"https:\/\/api.w.org\/{rel}","templated":true}]}}