{"id":1267,"date":"2013-08-23T11:33:16","date_gmt":"2013-08-23T16:33:16","guid":{"rendered":"http:\/\/www.icesi.edu.co\/blogs\/biblioteca\/?p=1267"},"modified":"2013-08-23T11:34:28","modified_gmt":"2013-08-23T16:34:28","slug":"imagen-del-dia","status":"publish","type":"post","link":"https:\/\/www.icesi.edu.co\/blogs\/biblioteca\/2013\/08\/23\/imagen-del-dia\/","title":{"rendered":"Imagen del d\u00eda"},"content":{"rendered":"<h2><strong><a href=\"http:\/\/hdl.handle.net\/10906\/35167\">Anuncio de la peluquer\u00eda de Ignacio Zamora Casta\u00f1o: tarifas y cortes. de 1952.<\/a><\/strong><\/h2>\n<p>&nbsp;<\/p>\n<p style=\"text-align: justify\"><a href=\"http:\/\/www.icesi.edu.co\/blogs\/biblioteca\/files\/2013\/08\/peluqueria1.jpg\"><img fetchpriority=\"high\" decoding=\"async\" class=\"alignleft size-medium wp-image-1269\" alt=\"peluqueria1\" src=\"http:\/\/www.icesi.edu.co\/blogs\/biblioteca\/files\/2013\/08\/peluqueria1-291x300.jpg\" width=\"291\" height=\"300\" \/><\/a><strong>IGNACIO ZAMORA. Anuncio de la peluquer\u00eda de Ignacio Zamora Casta\u00f1o: tarifas y cortes<\/strong> y 200604. OTRO: Biblioteca Departamental Jorge Garc\u00e9s Borrero, 1952. 5.5X5.5.<\/p>\n<p style=\"text-align: justify\">[Tomado el viernes 23 de agosto de 2013]. Disponible en Biblioteca Digital. Universidad Icesi. <a href=\"http:\/\/hdl.handle.net\/10906\/35167\">http:\/\/hdl.handle.net\/10906\/35167<\/a><\/p>\n<p style=\"text-align: justify\">Este <strong>documento hist\u00f3rico<\/strong>, pertenece al <strong>Archivo del Patrimonio Fotogr\u00e1fico y F\u00edlmico del Valle del Cauca<\/strong> es responsabilidad de la <strong>Biblioteca Departamental del Valle Jorge Garc\u00e9s Borrero<\/strong>, por convenio de cooperaci\u00f3n suscrito con la <strong>Secretaria del Cultura<\/strong> Departamental, con el fin de aunar esfuerzos para su conservaci\u00f3n, preservaci\u00f3n y divulgaci\u00f3n del <strong>Archivo<\/strong> entre la comunidad Vallecaucana, especialmente entre los <strong>estudiantes e investigadores<\/strong> que visitan la Biblioteca, propiciando el su uso y consulta permanente. La <a href=\"http:\/\/www.icesi.edu.co\/biblioteca\/\"><strong>universidad Icesi<\/strong><\/a> es un colaborador en el proceso de difusi\u00f3n, facilitando la tecnolog\u00eda que permite la consulta de las im\u00e1genes.<\/p>\n<p>Para mayor informaci\u00f3n comun\u00edquese con los referencistas al PBX: 555 23 34 EXT. 8726-8889, o al correo:<\/p>\n<p><img decoding=\"async\" alt=\"correo referencia\" src=\"http:\/\/www.icesi.edu.co\/blogs\/novedadesbibliograficas\/files\/2012\/03\/correo-referencia1.jpg\" width=\"254\" height=\"24\" \/><\/p>\n","protected":false},"excerpt":{"rendered":"<p>Anuncio de la peluquer\u00eda de Ignacio Zamora Casta\u00f1o: tarifas y cortes. de 1952. &nbsp; IGNACIO ZAMORA. Anuncio de la peluquer\u00eda [&hellip;]<\/p>\n","protected":false},"author":938,"featured_media":0,"comment_status":"open","ping_status":"open","sticky":false,"template":"","format":"standard","meta":{"site-sidebar-layout":"default","site-content-layout":"","ast-site-content-layout":"","site-content-style":"default","site-sidebar-style":"default","ast-global-header-display":"","ast-banner-title-visibility":"","ast-main-header-display":"","ast-hfb-above-header-display":"","ast-hfb-below-header-display":"","ast-hfb-mobile-header-display":"","site-post-title":"","ast-breadcrumbs-content":"","ast-featured-img":"","footer-sml-layout":"","theme-transparent-header-meta":"","adv-header-id-meta":"","stick-header-meta":"","header-above-stick-meta":"","header-main-stick-meta":"","header-below-stick-meta":"","astra-migrate-meta-layouts":"default","ast-page-background-enabled":"default","ast-page-background-meta":{"desktop":{"background-color":"var(--ast-global-color-4)","background-image":"","background-repeat":"repeat","background-position":"center center","background-size":"auto","background-attachment":"scroll","background-type":"","background-media":"","overlay-type":"","overlay-color":"","overlay-opacity":"","overlay-gradient":""},"tablet":{"background-color":"","background-image":"","background-repeat":"repeat","background-position":"center center","background-size":"auto","background-attachment":"scroll","background-type":"","background-media":"","overlay-type":"","overlay-color":"","overlay-opacity":"","overlay-gradient":""},"mobile":{"background-color":"","background-image":"","background-repeat":"repeat","background-position":"center center","background-size":"auto","background-attachment":"scroll","background-type":"","background-media":"","overlay-type":"","overlay-color":"","overlay-opacity":"","overlay-gradient":""}},"ast-content-background-meta":{"desktop":{"background-color":"var(--ast-global-color-5)","background-image":"","background-repeat":"repeat","background-position":"center center","background-size":"auto","background-attachment":"scroll","background-type":"","background-media":"","overlay-type":"","overlay-color":"","overlay-opacity":"","overlay-gradient":""},"tablet":{"background-color":"var(--ast-global-color-5)","background-image":"","background-repeat":"repeat","background-position":"center center","background-size":"auto","background-attachment":"scroll","background-type":"","background-media":"","overlay-type":"","overlay-color":"","overlay-opacity":"","overlay-gradient":""},"mobile":{"background-color":"var(--ast-global-color-5)","background-image":"","background-repeat":"repeat","background-position":"center center","background-size":"auto","background-attachment":"scroll","background-type":"","background-media":"","overlay-type":"","overlay-color":"","overlay-opacity":"","overlay-gradient":""}},"footnotes":""},"categories":[1],"tags":[16315,11624,16319,604,16318,16321,16316,16320,16317],"class_list":["post-1267","post","type-post","status-publish","format-standard","hentry","category-general","tag-anuncio-de-la-peluqueria","tag-archivo-del-patrimonio-fotografico-y-filmico-del-valle-del-cauca","tag-biblioteca-departamental-del-valle-jorge-garces-borrero","tag-biblioteca-digital","tag-documento-historico","tag-estudiantes-e-investigadores","tag-ignacio-zamora-castano","tag-secretaria-del-cultura","tag-tarifas-y-cortes-1952"],"aioseo_notices":[],"rttpg_featured_image_url":null,"rttpg_author":{"display_name":"Diana Anyeli Perdomo","author_link":"https:\/\/www.icesi.edu.co\/blogs\/biblioteca\/author\/1118236103\/"},"rttpg_comment":0,"rttpg_category":"<a href=\"https:\/\/www.icesi.edu.co\/blogs\/biblioteca\/category\/general\/\" rel=\"category tag\">General<\/a>","rttpg_excerpt":"Anuncio de la peluquer\u00eda de Ignacio Zamora Casta\u00f1o: tarifas y cortes. de 1952. &nbsp; IGNACIO ZAMORA. Anuncio de la peluquer\u00eda [&hellip;]","_links":{"self":[{"href":"https:\/\/www.icesi.edu.co\/blogs\/biblioteca\/wp-json\/wp\/v2\/posts\/1267"}],"collection":[{"href":"https:\/\/www.icesi.edu.co\/blogs\/biblioteca\/wp-json\/wp\/v2\/posts"}],"about":[{"href":"https:\/\/www.icesi.edu.co\/blogs\/biblioteca\/wp-json\/wp\/v2\/types\/post"}],"author":[{"embeddable":true,"href":"https:\/\/www.icesi.edu.co\/blogs\/biblioteca\/wp-json\/wp\/v2\/users\/938"}],"replies":[{"embeddable":true,"href":"https:\/\/www.icesi.edu.co\/blogs\/biblioteca\/wp-json\/wp\/v2\/comments?post=1267"}],"version-history":[{"count":4,"href":"https:\/\/www.icesi.edu.co\/blogs\/biblioteca\/wp-json\/wp\/v2\/posts\/1267\/revisions"}],"predecessor-version":[{"id":1292,"href":"https:\/\/www.icesi.edu.co\/blogs\/biblioteca\/wp-json\/wp\/v2\/posts\/1267\/revisions\/1292"}],"wp:attachment":[{"href":"https:\/\/www.icesi.edu.co\/blogs\/biblioteca\/wp-json\/wp\/v2\/media?parent=1267"}],"wp:term":[{"taxonomy":"category","embeddable":true,"href":"https:\/\/www.icesi.edu.co\/blogs\/biblioteca\/wp-json\/wp\/v2\/categories?post=1267"},{"taxonomy":"post_tag","embeddable":true,"href":"https:\/\/www.icesi.edu.co\/blogs\/biblioteca\/wp-json\/wp\/v2\/tags?post=1267"}],"curies":[{"name":"wp","href":"https:\/\/api.w.org\/{rel}","templated":true}]}}