{"id":1381,"date":"2014-04-21T09:32:36","date_gmt":"2014-04-21T14:32:36","guid":{"rendered":"http:\/\/www.icesi.edu.co\/blogs\/biblioteca\/?p=1381"},"modified":"2014-04-21T10:51:23","modified_gmt":"2014-04-21T15:51:23","slug":"gabriel-garcia-marquez","status":"publish","type":"post","link":"https:\/\/www.icesi.edu.co\/blogs\/biblioteca\/2014\/04\/21\/gabriel-garcia-marquez\/","title":{"rendered":"Gabriel Garc\u00eda Marqu\u00e9z"},"content":{"rendered":"<p style=\"text-align: justify\">Lamentamos el fallecimiento de nuestro Nobel Colombiano, <strong>Gabriel Garc\u00eda M\u00e1rquez<\/strong><br \/>\n<a href=\"http:\/\/www.icesi.edu.co\/blogs\/biblioteca\/files\/2014\/04\/GABO.jpg\"><img fetchpriority=\"high\" decoding=\"async\" class=\"alignleft size-medium wp-image-1382\" alt=\"GABO\" src=\"http:\/\/www.icesi.edu.co\/blogs\/biblioteca\/files\/2014\/04\/GABO-300x233.jpg\" width=\"300\" height=\"233\" \/><\/a><br \/>\nA los veintisiete a\u00f1os public\u00f3 su primera novela, <strong>La hojarasca<\/strong>, y, m\u00e1s adelante, <strong>Cien a\u00f1os de soledad<\/strong>, la novela que lo lanz\u00f3 a la fama: en una semana vendi\u00f3 8.000 copias.\u00a0 De all\u00ed en adelante, el \u00e9xito estuvo asegurado y la novela vendi\u00f3 una nueva edici\u00f3n cada semana, completando el medio mill\u00f3n de copias en tres a\u00f1os.<\/p>\n<p style=\"text-align: justify\">En 1982, <strong>Garc\u00eda M\u00e1rquez<\/strong> recibi\u00f3 el <strong>Premio Nobel de Literatura<\/strong>\u00a0por su libro\u00a0<strong><a href=\"http:\/\/www.biografiasyvidas.com\/reportaje\/garcia_marquez\/cien_anos.htm\">Cien a\u00f1os de soledad<\/a><\/strong>, publicado en 1967, novela cuyo universo es el tiempo c\u00edclico, en el que suceden historias fant\u00e1sticas: pestes de insomnio, diluvios, fertilidad desmedida, levitaciones&#8230; Es una gran met\u00e1fora en la que, a la vez que se narra la historia de las <strong>generaciones de los Buend\u00eda<\/strong> en el mundo m\u00e1gico de<strong> Macondo<\/strong>, desde la fundaci\u00f3n del pueblo hasta la completa extinci\u00f3n de la estirpe, se cuenta de manera insuperable la historia <strong>colombiana\u00a0<\/strong>\u00a0desde y despu\u00e9s del Libertador hasta los a\u00f1os treinta del presente siglo. De ese libro<strong> Pablo Neruda<\/strong>, el gran poeta chileno, opin\u00f3: &#8220;Es la mejor novela que se ha escrito en castellano despu\u00e9s del<strong> Quijote<\/strong>&#8220;. Con tan calificado concepto se ha dicho todo: el libro no s\u00f3lo es <strong>laopus magnum\u00a0de Garc\u00eda M\u00e1rquez<\/strong>, sino que constituye un hito en Latinoam\u00e9rica, como uno de los libros que m\u00e1s traducciones tiene, treinta idiomas por lo menos, y que mayores ventas ha logrado, convirti\u00e9ndose en un verdadero\u00a0bestseller\u00a0mundial.<\/p>\n<p style=\"text-align: justify\">Fuente:<br \/>\n*Muere Gabriel Garc\u00eda M\u00e1rquez- El nobel de literatura colombiano falleci\u00f3 a sus 87 a\u00f1os de edad junto a su familia en su casa en M\u00e9xico. <a href=\"http:\/\/www.elespectador.com\/noticias\/cultura\/muere-gabriel-garcia-marquez-articulo-487482http:\/www.elespectador.com\/noticias\/cultura\">CULTURA\u00a017 ABR 2014 &#8211; <\/a><a href=\"http:\/\/www.elespectador.com\/noticias\/cultura\/muere-gabriel-garcia-marquez-articulo-487482http:\/www.elespectador.com\/noticias\/cultura\">Por: Elespectador.com<\/a><br \/>\n*<a href=\"http:\/\/www.biografiasyvidas.com\/reportaje\/garcia_marquez\/\">Gabriel <\/a><a href=\"http:\/\/www.biografiasyvidas.com\/reportaje\/garcia_marquez\/\">Garc\u00eda <\/a><a href=\"http:\/\/www.biografiasyvidas.com\/reportaje\/garcia_marquez\/\">M\u00e1rquez. biografiasyvidas.com<\/a><\/p>\n<p style=\"text-align: justify\">Los invitamos a leer sus obras disponibles en la Biblioteca de la Universidad Icesi:<\/p>\n<p><a href=\"http:\/\/biblioteca2.icesi.edu.co\/cgi-olib?infile=details.glu&amp;loid=179227&amp;rs=1814416&amp;hitno=1\">La bendita man\u00eda de contar (c2006)<\/a><br \/>\n<a href=\"http:\/\/biblioteca2.icesi.edu.co\/cgi-olib?infile=details.glu&amp;loid=2880&amp;rs=1814416&amp;hitno=2\">Cien a\u00f1os de soledad (1967)<\/a><br \/>\n<a href=\"http:\/\/biblioteca2.icesi.edu.co\/cgi-olib?infile=details.glu&amp;loid=2883&amp;rs=1814416&amp;hitno=6\">El coronel no tiene quien le escriba (1972)<\/a><br \/>\n<a href=\"http:\/\/biblioteca2.icesi.edu.co\/cgi-olib?infile=details.glu&amp;loid=2850&amp;rs=1814416&amp;hitno=7\">Cr\u00f3nica de una muerte anunciada (4 ed.) (\u00a91988)<\/a><br \/>\n<a href=\"http:\/\/biblioteca2.icesi.edu.co\/cgi-olib?infile=details.glu&amp;loid=2868&amp;rs=1814416&amp;hitno=10\">Cr\u00f3nicas y reportajes (1994)<\/a><br \/>\n<a href=\"http:\/\/biblioteca2.icesi.edu.co\/cgi-olib?infile=details.glu&amp;loid=2884&amp;rs=1814416&amp;hitno=11\">Cuando<\/a><a href=\"http:\/\/biblioteca2.icesi.edu.co\/cgi-olib?infile=details.glu&amp;loid=2884&amp;rs=1814416&amp;hitno=11\"> era feliz e indocumentado (1973)<\/a><br \/>\n<a href=\"http:\/\/biblioteca2.icesi.edu.co\/cgi-olib?infile=details.glu&amp;loid=225893&amp;rs=1814416&amp;hitno=12\">Cuentos completos (2008)<\/a><br \/>\n<a href=\"http:\/\/biblioteca2.icesi.edu.co\/cgi-olib?infile=details.glu&amp;loid=2878&amp;rs=1814416&amp;hitno=14\">De viaje por los pa\u00edses socialistas (1957)<\/a><br \/>\n<a href=\"http:\/\/biblioteca2.icesi.edu.co\/cgi-olib?infile=details.glu&amp;loid=2875&amp;rs=1814416&amp;hitno=15\">Del amor y otros demonios (1994)<\/a><br \/>\n<a href=\"http:\/\/biblioteca2.icesi.edu.co\/cgi-olib?infile=details.glu&amp;loid=2874&amp;rs=1814416&amp;hitno=17\">Doce cuentos peregrinos (\u00a91992)<\/a><br \/>\n<a href=\"http:\/\/biblioteca2.icesi.edu.co\/cgi-olib?infile=details.glu&amp;loid=2887&amp;rs=1814416&amp;hitno=19\">El amor en los tiempos del c\u00f3lera (1985)<\/a><br \/>\n<a href=\"http:\/\/biblioteca2.icesi.edu.co\/cgi-olib?infile=details.glu&amp;loid=261040&amp;rs=1814416&amp;hitno=20\">El general en su laberinto (\u00a91989)<\/a><br \/>\nEntre otros \u2026<\/p>\n<p>Mayor informaci\u00f3n con los referencistas al pbx: 555 23 34 ext. 8889-8726 o al correo:<\/p>\n<p><a href=\"http:\/\/www.icesi.edu.co\/blogs\/biblioteca\/files\/2012\/02\/correo-referencia.jpg\"><img decoding=\"async\" alt=\"correo referencia\" src=\"http:\/\/www.icesi.edu.co\/blogs\/biblioteca\/files\/2012\/02\/correo-referencia.jpg\" width=\"254\" height=\"24\" \/><\/a><\/p>\n<p>DAP<\/p>\n","protected":false},"excerpt":{"rendered":"<p>Lamentamos el fallecimiento de nuestro Nobel Colombiano, Gabriel Garc\u00eda M\u00e1rquez A los veintisiete a\u00f1os public\u00f3 su primera novela, La hojarasca, [&hellip;]<\/p>\n","protected":false},"author":938,"featured_media":0,"comment_status":"open","ping_status":"open","sticky":false,"template":"","format":"standard","meta":{"site-sidebar-layout":"default","site-content-layout":"","ast-site-content-layout":"","site-content-style":"default","site-sidebar-style":"default","ast-global-header-display":"","ast-banner-title-visibility":"","ast-main-header-display":"","ast-hfb-above-header-display":"","ast-hfb-below-header-display":"","ast-hfb-mobile-header-display":"","site-post-title":"","ast-breadcrumbs-content":"","ast-featured-img":"","footer-sml-layout":"","theme-transparent-header-meta":"","adv-header-id-meta":"","stick-header-meta":"","header-above-stick-meta":"","header-main-stick-meta":"","header-below-stick-meta":"","astra-migrate-meta-layouts":"default","ast-page-background-enabled":"default","ast-page-background-meta":{"desktop":{"background-color":"var(--ast-global-color-4)","background-image":"","background-repeat":"repeat","background-position":"center center","background-size":"auto","background-attachment":"scroll","background-type":"","background-media":"","overlay-type":"","overlay-color":"","overlay-opacity":"","overlay-gradient":""},"tablet":{"background-color":"","background-image":"","background-repeat":"repeat","background-position":"center center","background-size":"auto","background-attachment":"scroll","background-type":"","background-media":"","overlay-type":"","overlay-color":"","overlay-opacity":"","overlay-gradient":""},"mobile":{"background-color":"","background-image":"","background-repeat":"repeat","background-position":"center center","background-size":"auto","background-attachment":"scroll","background-type":"","background-media":"","overlay-type":"","overlay-color":"","overlay-opacity":"","overlay-gradient":""}},"ast-content-background-meta":{"desktop":{"background-color":"var(--ast-global-color-5)","background-image":"","background-repeat":"repeat","background-position":"center center","background-size":"auto","background-attachment":"scroll","background-type":"","background-media":"","overlay-type":"","overlay-color":"","overlay-opacity":"","overlay-gradient":""},"tablet":{"background-color":"var(--ast-global-color-5)","background-image":"","background-repeat":"repeat","background-position":"center center","background-size":"auto","background-attachment":"scroll","background-type":"","background-media":"","overlay-type":"","overlay-color":"","overlay-opacity":"","overlay-gradient":""},"mobile":{"background-color":"var(--ast-global-color-5)","background-image":"","background-repeat":"repeat","background-position":"center center","background-size":"auto","background-attachment":"scroll","background-type":"","background-media":"","overlay-type":"","overlay-color":"","overlay-opacity":"","overlay-gradient":""}},"footnotes":""},"categories":[1,20],"tags":[1243,15212,15223,16409,15222,16406,16405,16407,15321,16408],"class_list":["post-1381","post","type-post","status-publish","format-standard","hentry","category-general","category-libros-recomendados","tag-biblioteca-de-la-universidad-icesi","tag-cali-colombia","tag-cien-anos-de-soledad","tag-el-coronel-no-tiene-quien-le-escriba","tag-gabriel-garcia-marquez","tag-generaciones-de-los-buendia","tag-la-hojarasca","tag-macondo","tag-premio-nobel-de-literatura","tag-quijote"],"aioseo_notices":[],"rttpg_featured_image_url":null,"rttpg_author":{"display_name":"Diana Anyeli Perdomo","author_link":"https:\/\/www.icesi.edu.co\/blogs\/biblioteca\/author\/1118236103\/"},"rttpg_comment":0,"rttpg_category":"<a href=\"https:\/\/www.icesi.edu.co\/blogs\/biblioteca\/category\/general\/\" rel=\"category tag\">General<\/a> <a href=\"https:\/\/www.icesi.edu.co\/blogs\/biblioteca\/category\/libros-recomendados\/\" rel=\"category tag\">Libros recomendados<\/a>","rttpg_excerpt":"Lamentamos el fallecimiento de nuestro Nobel Colombiano, Gabriel Garc\u00eda M\u00e1rquez A los veintisiete a\u00f1os public\u00f3 su primera novela, La hojarasca, [&hellip;]","_links":{"self":[{"href":"https:\/\/www.icesi.edu.co\/blogs\/biblioteca\/wp-json\/wp\/v2\/posts\/1381"}],"collection":[{"href":"https:\/\/www.icesi.edu.co\/blogs\/biblioteca\/wp-json\/wp\/v2\/posts"}],"about":[{"href":"https:\/\/www.icesi.edu.co\/blogs\/biblioteca\/wp-json\/wp\/v2\/types\/post"}],"author":[{"embeddable":true,"href":"https:\/\/www.icesi.edu.co\/blogs\/biblioteca\/wp-json\/wp\/v2\/users\/938"}],"replies":[{"embeddable":true,"href":"https:\/\/www.icesi.edu.co\/blogs\/biblioteca\/wp-json\/wp\/v2\/comments?post=1381"}],"version-history":[{"count":5,"href":"https:\/\/www.icesi.edu.co\/blogs\/biblioteca\/wp-json\/wp\/v2\/posts\/1381\/revisions"}],"predecessor-version":[{"id":1387,"href":"https:\/\/www.icesi.edu.co\/blogs\/biblioteca\/wp-json\/wp\/v2\/posts\/1381\/revisions\/1387"}],"wp:attachment":[{"href":"https:\/\/www.icesi.edu.co\/blogs\/biblioteca\/wp-json\/wp\/v2\/media?parent=1381"}],"wp:term":[{"taxonomy":"category","embeddable":true,"href":"https:\/\/www.icesi.edu.co\/blogs\/biblioteca\/wp-json\/wp\/v2\/categories?post=1381"},{"taxonomy":"post_tag","embeddable":true,"href":"https:\/\/www.icesi.edu.co\/blogs\/biblioteca\/wp-json\/wp\/v2\/tags?post=1381"}],"curies":[{"name":"wp","href":"https:\/\/api.w.org\/{rel}","templated":true}]}}