{"id":539,"date":"2010-10-20T11:19:20","date_gmt":"2010-10-20T16:19:20","guid":{"rendered":"http:\/\/www.icesi.edu.co\/blogs\/biblioteca\/?p=539"},"modified":"2010-10-20T11:19:20","modified_gmt":"2010-10-20T16:19:20","slug":"%e2%80%9cano-de-eduardo-caballero-calderon%e2%80%9d","status":"publish","type":"post","link":"https:\/\/www.icesi.edu.co\/blogs\/biblioteca\/2010\/10\/20\/%e2%80%9cano-de-eduardo-caballero-calderon%e2%80%9d\/","title":{"rendered":"\u201cA\u00d1O DE EDUARDO CABALLERO CALDER\u00d3N\u201d"},"content":{"rendered":"<p style=\"text-align: center\"><strong>Programa Recuperaci\u00f3n de la Memoria Literaria Nacional<\/strong><a href=\"http:\/\/www.icesi.edu.co\/blogs\/biblioteca\/files\/2010\/10\/A\u00d1O-DE-CABALLERO-CALDERON1.jpg\"><img decoding=\"async\" class=\"aligncenter size-full wp-image-540\" title=\"A\u00d1O DE CABALLERO CALDERON\" src=\"http:\/\/www.icesi.edu.co\/blogs\/biblioteca\/files\/2010\/10\/A\u00d1O-DE-CABALLERO-CALDERON1.jpg\" alt=\"\" width=\"283\" height=\"153\" \/><\/a><\/p>\n<p style=\"text-align: center\">El <a href=\"http:\/\/www.mincultura.gov.co\/\">Ministerio de Cultura <\/a>present\u00f3 el <a href=\"http:\/\/www.ciudadviva.gov.co\/portal\/node\/47\">\u2018A\u00f1o Caballero Calder\u00f3n<\/a>\u2019 con una exposici\u00f3n sobre su vida y obra, con fotograf\u00edas familiares in\u00e9ditas y audiovisuales relacionadas con su entorno.<\/p>\n<p>El maestro <a href=\"http:\/\/www.ciudadviva.gov.co\/portal\/node\/47\">Caballero Calder\u00f3n<\/a>, escritor de \u2018Siervo sin tierra\u2019 y \u2018<a href=\"http:\/\/biblioteca2.icesi.edu.co\/cgi-olib?session=30762318&amp;infile=details.glu&amp;loid=103524&amp;rs=2278796&amp;hitno=2\">El Cristo de espaldas<\/a>\u2019, obras de suma importancia para la historia de la literatura colombiana, se destaca por su sensibilidad y compromiso con las causas sociales, pues aborda tem\u00e1ticas que a\u00fan\u00a0 hoy nos cuestionan: la relaci\u00f3n entre el campo y la ciudad, el fen\u00f3meno de la violencia en Colombia, la condici\u00f3n infrahumana de los despose\u00eddos, las pasiones primitivas, el amor a la tierra y la vida de nuestros campesinos.<\/p>\n<p><strong>Sobre \u00a0el escritor<br \/>\n<\/strong><\/p>\n<p><strong> <\/strong>Fue novelista, ensayista y periodista colombiano, naci\u00f3 en Bogot\u00e1 el 6 de marzo de 1910. Como muchos periodistas de la \u00e9poca, inici\u00f3 estudios de derecho en la universidad Externado de Colombia, los cuales abandon\u00f3 para dedicarse a lo que m\u00e1s le apasionaba: el periodismo. Su amor por el oficio lo hered\u00f3 de su familia, sobre todo de su padre, Lucas Caballero.<\/p>\n<p><strong>Hombre P\u00fablico:<\/strong><br \/>\nCaballero\u00a0 Calder\u00f3n desempe\u00f1\u00f3 cargos diplom\u00e1ticos en Lima, Madrid, Buenos Aires y Par\u00eds. Fue embajador de Colombia ante la UNESCO, diputado de las Asambleas de Boyac\u00e1 y Cundinamarca, representante a la C\u00e1mara y alcalde de Tipacoque, Boyac\u00e1.<\/p>\n<p>La <a href=\"http:\/\/www.icesi.edu.co\/biblioteca\/\">biblioteca<\/a> invita a la comunidad <a href=\"http:\/\/www.icesi.edu.co\/\">universitaria<\/a> disfrutar de esta exposici\u00f3n desde el 15 al 22 de octubre en el primer piso de <a href=\"http:\/\/www.icesi.edu.co\/biblioteca\/\">biblioteca<\/a>.<\/p>\n<p><strong>Libros recomendados:<\/strong><\/p>\n<p>\\<a href=\"http:\/\/biblioteca2.icesi.edu.co\/cgi-olib?session=25624750&amp;infile=details.glu&amp;loid=109396&amp;rs=2278807&amp;hitno=1\">Ca\u00edn. <\/a>\\Bogot\u00e1: Intermedio Editores, 2004. ISBN 9588227860<br \/>\nSig. Topogr\u00e1fica: C863.6\/C112\/1969<\/p>\n<p>\\<a href=\"http:\/\/biblioteca2.icesi.edu.co\/cgi-olib?session=25624750&amp;infile=details.glu&amp;loid=103524&amp;rs=2278803&amp;hitno=3\">El cristo de espaldas<\/a>. \\Bogot\u00e1: EL TIEMPO, 2003. ISBN 9587060318<br \/>\nSig. Topogr\u00e1fica: C863.44\/C112cr<\/p>\n<p>Paginas Recomendadas: <a href=\"http:\/\/www.bibliotecanacional.gov.co\/index.php?idcategoria=34610\">http:\/\/www.bibliotecanacional.gov.coindex.php?idcategoria=34610<\/a><\/p>\n<p style=\"text-align: center\"><a href=\"http:\/\/www.icesi.edu.co\/blogs\/biblioteca\/files\/2010\/10\/Imagen-2061.jpg\"><\/a><a href=\"http:\/\/www.icesi.edu.co\/blogs\/biblioteca\/files\/2010\/10\/Imagen-209.jpg\"><img decoding=\"async\" class=\"aligncenter size-full wp-image-569\" title=\"Imagen 209\" src=\"http:\/\/www.icesi.edu.co\/blogs\/biblioteca\/files\/2010\/10\/Imagen-209.jpg\" alt=\"\" width=\"188\" height=\"166\" \/><\/a><a href=\"http:\/\/www.icesi.edu.co\/blogs\/biblioteca\/files\/2010\/10\/Imagen-2081.jpg\"><img decoding=\"async\" class=\"aligncenter size-full wp-image-566\" title=\"Imagen 208\" src=\"http:\/\/www.icesi.edu.co\/blogs\/biblioteca\/files\/2010\/10\/Imagen-2081.jpg\" alt=\"\" width=\"160\" height=\"223\" \/><\/a><\/p>\n<p style=\"text-align: center\">\n<p><strong>Mayor informaci\u00f3n:<\/strong><\/p>\n<p><strong>Referencistas:<\/strong><\/p>\n<p><strong>Sandra Patricia Salazar<\/strong><strong>: 8889<\/strong><\/p>\n<p><strong>Sandra Jaramillo<\/strong><strong>: 8726<\/strong><\/p>\n","protected":false},"excerpt":{"rendered":"<p>Programa Recuperaci\u00f3n de la Memoria Literaria Nacional El Ministerio de Cultura present\u00f3 el \u2018A\u00f1o Caballero Calder\u00f3n\u2019 con una exposici\u00f3n sobre [&hellip;]<\/p>\n","protected":false},"author":553,"featured_media":0,"comment_status":"open","ping_status":"open","sticky":false,"template":"","format":"standard","meta":{"site-sidebar-layout":"default","site-content-layout":"","ast-site-content-layout":"","site-content-style":"default","site-sidebar-style":"default","ast-global-header-display":"","ast-banner-title-visibility":"","ast-main-header-display":"","ast-hfb-above-header-display":"","ast-hfb-below-header-display":"","ast-hfb-mobile-header-display":"","site-post-title":"","ast-breadcrumbs-content":"","ast-featured-img":"","footer-sml-layout":"","theme-transparent-header-meta":"","adv-header-id-meta":"","stick-header-meta":"","header-above-stick-meta":"","header-main-stick-meta":"","header-below-stick-meta":"","astra-migrate-meta-layouts":"default","ast-page-background-enabled":"default","ast-page-background-meta":{"desktop":{"background-color":"var(--ast-global-color-4)","background-image":"","background-repeat":"repeat","background-position":"center center","background-size":"auto","background-attachment":"scroll","background-type":"","background-media":"","overlay-type":"","overlay-color":"","overlay-opacity":"","overlay-gradient":""},"tablet":{"background-color":"","background-image":"","background-repeat":"repeat","background-position":"center center","background-size":"auto","background-attachment":"scroll","background-type":"","background-media":"","overlay-type":"","overlay-color":"","overlay-opacity":"","overlay-gradient":""},"mobile":{"background-color":"","background-image":"","background-repeat":"repeat","background-position":"center center","background-size":"auto","background-attachment":"scroll","background-type":"","background-media":"","overlay-type":"","overlay-color":"","overlay-opacity":"","overlay-gradient":""}},"ast-content-background-meta":{"desktop":{"background-color":"var(--ast-global-color-5)","background-image":"","background-repeat":"repeat","background-position":"center center","background-size":"auto","background-attachment":"scroll","background-type":"","background-media":"","overlay-type":"","overlay-color":"","overlay-opacity":"","overlay-gradient":""},"tablet":{"background-color":"var(--ast-global-color-5)","background-image":"","background-repeat":"repeat","background-position":"center center","background-size":"auto","background-attachment":"scroll","background-type":"","background-media":"","overlay-type":"","overlay-color":"","overlay-opacity":"","overlay-gradient":""},"mobile":{"background-color":"var(--ast-global-color-5)","background-image":"","background-repeat":"repeat","background-position":"center center","background-size":"auto","background-attachment":"scroll","background-type":"","background-media":"","overlay-type":"","overlay-color":"","overlay-opacity":"","overlay-gradient":""}},"footnotes":""},"categories":[1],"tags":[916,1866,1867,1869,1277,1868,1870,775,762,1865,1797,304,1872,1871],"class_list":["post-539","post","type-post","status-publish","format-standard","hentry","category-general","tag-biblioteca","tag-caballero","tag-calderon","tag-colombiana","tag-cultura","tag-exposicion","tag-hombre","tag-libros","tag-literatura","tag-ministerio","tag-patrimonio","tag-publico","tag-recomendados","tag-universitaria"],"aioseo_notices":[],"rttpg_featured_image_url":null,"rttpg_author":{"display_name":"Sandra Patricia\n\tSalazar Velez","author_link":"https:\/\/www.icesi.edu.co\/blogs\/biblioteca\/author\/38610712\/"},"rttpg_comment":0,"rttpg_category":"<a href=\"https:\/\/www.icesi.edu.co\/blogs\/biblioteca\/category\/general\/\" rel=\"category tag\">General<\/a>","rttpg_excerpt":"Programa Recuperaci\u00f3n de la Memoria Literaria Nacional El Ministerio de Cultura present\u00f3 el \u2018A\u00f1o Caballero Calder\u00f3n\u2019 con una exposici\u00f3n sobre [&hellip;]","_links":{"self":[{"href":"https:\/\/www.icesi.edu.co\/blogs\/biblioteca\/wp-json\/wp\/v2\/posts\/539"}],"collection":[{"href":"https:\/\/www.icesi.edu.co\/blogs\/biblioteca\/wp-json\/wp\/v2\/posts"}],"about":[{"href":"https:\/\/www.icesi.edu.co\/blogs\/biblioteca\/wp-json\/wp\/v2\/types\/post"}],"author":[{"embeddable":true,"href":"https:\/\/www.icesi.edu.co\/blogs\/biblioteca\/wp-json\/wp\/v2\/users\/553"}],"replies":[{"embeddable":true,"href":"https:\/\/www.icesi.edu.co\/blogs\/biblioteca\/wp-json\/wp\/v2\/comments?post=539"}],"version-history":[{"count":30,"href":"https:\/\/www.icesi.edu.co\/blogs\/biblioteca\/wp-json\/wp\/v2\/posts\/539\/revisions"}],"predecessor-version":[{"id":575,"href":"https:\/\/www.icesi.edu.co\/blogs\/biblioteca\/wp-json\/wp\/v2\/posts\/539\/revisions\/575"}],"wp:attachment":[{"href":"https:\/\/www.icesi.edu.co\/blogs\/biblioteca\/wp-json\/wp\/v2\/media?parent=539"}],"wp:term":[{"taxonomy":"category","embeddable":true,"href":"https:\/\/www.icesi.edu.co\/blogs\/biblioteca\/wp-json\/wp\/v2\/categories?post=539"},{"taxonomy":"post_tag","embeddable":true,"href":"https:\/\/www.icesi.edu.co\/blogs\/biblioteca\/wp-json\/wp\/v2\/tags?post=539"}],"curies":[{"name":"wp","href":"https:\/\/api.w.org\/{rel}","templated":true}]}}