{"id":60,"date":"2009-02-20T11:30:39","date_gmt":"2009-02-20T16:30:39","guid":{"rendered":"http:\/\/www.icesi.edu.co\/blogs\/biblioteca\/2009\/02\/20\/libro-de-la-semana\/"},"modified":"2009-03-09T09:51:25","modified_gmt":"2009-03-09T14:51:25","slug":"libro-de-la-semana","status":"publish","type":"post","link":"https:\/\/www.icesi.edu.co\/blogs\/biblioteca\/2009\/02\/20\/libro-de-la-semana\/","title":{"rendered":"Libro de la semana"},"content":{"rendered":"<p><a href=\"http:\/\/www.icesi.edu.co\/blogs\/biblioteca\/files\/2009\/02\/fogon1.jpg\" title=\"fogon1.jpg\"><img decoding=\"async\" src=\"http:\/\/www.icesi.edu.co\/blogs\/biblioteca\/files\/2009\/02\/fogon1.thumbnail.jpg\" alt=\"fogon1.jpg\" \/><\/a><\/p>\n<p><a href=\"http:\/\/biblioteca2.icesi.edu.co\/cgi-olib\/w21.sh?session=-1&amp;infile=details.glu&amp;oid=199942&amp;rs=1072013&amp;hitno=1\" title=\"Fog\u00f3n de negros\">Fog\u00f3n de negros, cocina y cultura en una regi\u00f3n latinoamericana\/ Pati\u00f1o Ossa, German, 1948-. &#8211; Bogot\u00e1 : Convenio Andr\u00e9s Bello, 2007. &#8211; 143 p. : il. ; 24 cm.. &#8211; 306.09861\/P298f.<\/a><\/p>\n<p><font face=\"Calibri\"><strong>Fog\u00f3n de negros,<\/strong> es uno de los tres mejores libros del mundo seleccionados en la tem\u00e1tica de culinaria y literatura de los premios Gourmand Awards 2007.<\/font><\/p>\n<p><strong>Rese\u00f1a: <\/strong>En este texto, a veces teniendo como marco la novela Mar\u00eda \u2013la literatura como hecho formativo-, se analiza la cultura de manera integral, esto es, lo que el hombre hace y c\u00f3mo lo hace, pero, sobre todo, se estudia la cocina y los h\u00e1bitos alimentarios para dar cuenta de la naturaleza y del destino de los habitantes de una vasta regi\u00f3n en la naciente Colombia del siglo XIX.<\/p>\n<p>Estudio documentado y po\u00e9ticamente compuesto sobre la gastronom\u00eda de una regi\u00f3n del suroccidente colombiano, bien puede servir de modelo de aproximaci\u00f3n en cualquier regi\u00f3n de Am\u00e9rica Latina. El autor nos revela, a trav\u00e9s de un proceso de recuperaci\u00f3n de sugestivas fuentes hist\u00f3ricas y minuciosas indagaciones personales, c\u00f3mo la gastronom\u00eda y \u201clas artes de mesa\u201d de una zona geogr\u00e1fica determinada, en la que han confluido en el tiempo diversos grupos \u00e9tnicos, en especial los descendientes de africanos esclavos, despliegan una densa red de relaciones significantes en las que se ven reflejadas la vida y las tensiones de la colectividad, con sus elaboradas expresiones culturales, entre ellas, las refinadas e imaginativas preparaciones que hacen del comer una funci\u00f3n no \u00fanicamente fisiol\u00f3gica, sino altamente simb\u00f3lica y sensorial.<\/p>\n<p>Este libro, Premio Andr\u00e9s Bello de Pensamiento Iberoamericano en la modalidad de ensayo, es reflejo no s\u00f3lo de la trama que teje con sus amplios conocimientos el autor, sino un buen ejemplo de integraci\u00f3n disciplinar.<\/p>\n","protected":false},"excerpt":{"rendered":"<p>Fog\u00f3n de negros, cocina y cultura en una regi\u00f3n latinoamericana\/ Pati\u00f1o Ossa, German, 1948-. &#8211; Bogot\u00e1 : Convenio Andr\u00e9s Bello, [&hellip;]<\/p>\n","protected":false},"author":13,"featured_media":0,"comment_status":"open","ping_status":"open","sticky":false,"template":"","format":"standard","meta":{"site-sidebar-layout":"default","site-content-layout":"","ast-site-content-layout":"","site-content-style":"default","site-sidebar-style":"default","ast-global-header-display":"","ast-banner-title-visibility":"","ast-main-header-display":"","ast-hfb-above-header-display":"","ast-hfb-below-header-display":"","ast-hfb-mobile-header-display":"","site-post-title":"","ast-breadcrumbs-content":"","ast-featured-img":"","footer-sml-layout":"","theme-transparent-header-meta":"","adv-header-id-meta":"","stick-header-meta":"","header-above-stick-meta":"","header-main-stick-meta":"","header-below-stick-meta":"","astra-migrate-meta-layouts":"default","ast-page-background-enabled":"default","ast-page-background-meta":{"desktop":{"background-color":"var(--ast-global-color-4)","background-image":"","background-repeat":"repeat","background-position":"center center","background-size":"auto","background-attachment":"scroll","background-type":"","background-media":"","overlay-type":"","overlay-color":"","overlay-opacity":"","overlay-gradient":""},"tablet":{"background-color":"","background-image":"","background-repeat":"repeat","background-position":"center center","background-size":"auto","background-attachment":"scroll","background-type":"","background-media":"","overlay-type":"","overlay-color":"","overlay-opacity":"","overlay-gradient":""},"mobile":{"background-color":"","background-image":"","background-repeat":"repeat","background-position":"center center","background-size":"auto","background-attachment":"scroll","background-type":"","background-media":"","overlay-type":"","overlay-color":"","overlay-opacity":"","overlay-gradient":""}},"ast-content-background-meta":{"desktop":{"background-color":"var(--ast-global-color-5)","background-image":"","background-repeat":"repeat","background-position":"center center","background-size":"auto","background-attachment":"scroll","background-type":"","background-media":"","overlay-type":"","overlay-color":"","overlay-opacity":"","overlay-gradient":""},"tablet":{"background-color":"var(--ast-global-color-5)","background-image":"","background-repeat":"repeat","background-position":"center center","background-size":"auto","background-attachment":"scroll","background-type":"","background-media":"","overlay-type":"","overlay-color":"","overlay-opacity":"","overlay-gradient":""},"mobile":{"background-color":"var(--ast-global-color-5)","background-image":"","background-repeat":"repeat","background-position":"center center","background-size":"auto","background-attachment":"scroll","background-type":"","background-media":"","overlay-type":"","overlay-color":"","overlay-opacity":"","overlay-gradient":""}},"footnotes":""},"categories":[1],"tags":[],"class_list":["post-60","post","type-post","status-publish","format-standard","hentry","category-general"],"aioseo_notices":[],"rttpg_featured_image_url":null,"rttpg_author":{"display_name":"Sandra Jaramillo Marin","author_link":"https:\/\/www.icesi.edu.co\/blogs\/biblioteca\/author\/66845009\/"},"rttpg_comment":0,"rttpg_category":"<a href=\"https:\/\/www.icesi.edu.co\/blogs\/biblioteca\/category\/general\/\" rel=\"category tag\">General<\/a>","rttpg_excerpt":"Fog\u00f3n de negros, cocina y cultura en una regi\u00f3n latinoamericana\/ Pati\u00f1o Ossa, German, 1948-. &#8211; Bogot\u00e1 : Convenio Andr\u00e9s Bello, [&hellip;]","_links":{"self":[{"href":"https:\/\/www.icesi.edu.co\/blogs\/biblioteca\/wp-json\/wp\/v2\/posts\/60"}],"collection":[{"href":"https:\/\/www.icesi.edu.co\/blogs\/biblioteca\/wp-json\/wp\/v2\/posts"}],"about":[{"href":"https:\/\/www.icesi.edu.co\/blogs\/biblioteca\/wp-json\/wp\/v2\/types\/post"}],"author":[{"embeddable":true,"href":"https:\/\/www.icesi.edu.co\/blogs\/biblioteca\/wp-json\/wp\/v2\/users\/13"}],"replies":[{"embeddable":true,"href":"https:\/\/www.icesi.edu.co\/blogs\/biblioteca\/wp-json\/wp\/v2\/comments?post=60"}],"version-history":[{"count":0,"href":"https:\/\/www.icesi.edu.co\/blogs\/biblioteca\/wp-json\/wp\/v2\/posts\/60\/revisions"}],"wp:attachment":[{"href":"https:\/\/www.icesi.edu.co\/blogs\/biblioteca\/wp-json\/wp\/v2\/media?parent=60"}],"wp:term":[{"taxonomy":"category","embeddable":true,"href":"https:\/\/www.icesi.edu.co\/blogs\/biblioteca\/wp-json\/wp\/v2\/categories?post=60"},{"taxonomy":"post_tag","embeddable":true,"href":"https:\/\/www.icesi.edu.co\/blogs\/biblioteca\/wp-json\/wp\/v2\/tags?post=60"}],"curies":[{"name":"wp","href":"https:\/\/api.w.org\/{rel}","templated":true}]}}