{"id":1373,"date":"2022-01-23T09:26:03","date_gmt":"2022-01-23T14:26:03","guid":{"rendered":"http:\/\/www.icesi.edu.co\/blogs\/cultura\/?p=1373"},"modified":"2022-01-23T09:35:04","modified_gmt":"2022-01-23T14:35:04","slug":"la-ruta-del-viche","status":"publish","type":"post","link":"https:\/\/www.icesi.edu.co\/blogs\/cultura\/2022\/01\/23\/la-ruta-del-viche\/","title":{"rendered":"La ruta del Viche"},"content":{"rendered":"<p>Pol\u00edticas, procesos y saberes vinculados a la patrimonializaci\u00f3n cultural del viche.<\/p>\n<p>El Laboratorio Etnogr\u00e1fico del Programa de Antropolog\u00eda, en alianza con la polit\u00f3loga Luisa Tejada Saa, egresada de la Universidad Icesi y vinculada al Plan especial de Salvaguardia del viche como paisaje cultural coordinado por el Ministerio de Cultura, la Escuela Taller de Buenaventura, y el Colectivo Destila Patrimonio, realiz\u00f3 en los meses de noviembre y diciembre de 2021 un circuito itinerante para explorar el proceso de patrimonializaci\u00f3n del viche como bebida ancestral de las comunidades afrocolombianas del pac\u00edfico colombiano.<\/p>\n<p>La propuesta rastre\u00f3 y analiz\u00f3 tanto los elementos discursivos del plan y las pol\u00edticas asociadas, as\u00ed como los procesos sociales y los saberes vinculados a la manifestaci\u00f3n cultural del viche. La ruta inclu\u00eda la visita a alambiques en zona rural de Buenaventura, en especial aquellos vinculados a la Asociaci\u00f3n de Mujeres AMUCIB. Pero por asuntos de seguridad y orden p\u00fablico, se reorientaron los esfuerzos para conocer algunos de los maestros vicheros en la zonas aleda\u00f1as a Nuqui en el Choco. Finalmente, a trav\u00e9s de festivales como el Petronio \u00c1lvarez, la \u201cCUARTA VERSI\u00d3N DE LA CUMBRE DEL VICHE\/BICHE DEL PACIFICO\u201d y actividades culturales en la ciudad como &#8220;Viche pal barrio&#8221; vol.2 y &#8220;Datos y Viche&#8221; se rastrearon aspectos de su patrimonializaci\u00f3n y comercializaci\u00f3n que trascienden los escenarios comunitarios.<\/p>\n<p><a href=\"http:\/\/www.icesi.edu.co\/blogs\/cultura\/files\/2022\/01\/1fd03c7b-2bca-46f5-ba63-6c4e35800f7d.jpg\"><img fetchpriority=\"high\" decoding=\"async\" class=\"aligncenter wp-image-1380\" src=\"http:\/\/www.icesi.edu.co\/blogs\/cultura\/files\/2022\/01\/1fd03c7b-2bca-46f5-ba63-6c4e35800f7d.jpg\" alt=\"\" width=\"634\" height=\"476\" \/><\/a><\/p>\n<p><a href=\"http:\/\/www.icesi.edu.co\/blogs\/cultura\/files\/2022\/01\/0df8ff1f-2b9a-4c27-b80c-34a8bbae5c20-2.jpg\"><img decoding=\"async\" class=\"aligncenter wp-image-1376\" src=\"http:\/\/www.icesi.edu.co\/blogs\/cultura\/files\/2022\/01\/0df8ff1f-2b9a-4c27-b80c-34a8bbae5c20-2.jpg\" alt=\"\" width=\"306\" height=\"408\" \/><\/a><\/p>\n<p><a href=\"http:\/\/www.icesi.edu.co\/blogs\/cultura\/files\/2022\/01\/cce6c621-d910-47b3-8406-0020a5987df2.jpeg\"><img decoding=\"async\" class=\"aligncenter wp-image-1375\" src=\"http:\/\/www.icesi.edu.co\/blogs\/cultura\/files\/2022\/01\/cce6c621-d910-47b3-8406-0020a5987df2.jpeg\" alt=\"\" width=\"552\" height=\"414\" \/><\/a><\/p>\n<p><a href=\"http:\/\/www.icesi.edu.co\/blogs\/cultura\/files\/2022\/01\/dafa9338-17b8-45a9-beb4-cc41befc3dcb.jpeg\"><img loading=\"lazy\" decoding=\"async\" class=\"aligncenter wp-image-1374\" src=\"http:\/\/www.icesi.edu.co\/blogs\/cultura\/files\/2022\/01\/dafa9338-17b8-45a9-beb4-cc41befc3dcb.jpeg\" alt=\"\" width=\"554\" height=\"416\" \/><\/a><\/p>\n","protected":false},"excerpt":{"rendered":"<p>Pol\u00edticas, procesos y saberes vinculados a la patrimonializaci\u00f3n cultural del viche. El Laboratorio Etnogr\u00e1fico del Programa de Antropolog\u00eda, en alianza&hellip;<\/p>\n","protected":false},"author":165,"featured_media":0,"comment_status":"closed","ping_status":"open","sticky":false,"template":"","format":"standard","meta":{"footnotes":""},"categories":[1],"tags":[],"class_list":["post-1373","post","type-post","status-publish","format-standard","hentry","category-general"],"aioseo_notices":[],"rttpg_featured_image_url":null,"rttpg_author":{"display_name":"Etnolab","author_link":"https:\/\/www.icesi.edu.co\/blogs\/cultura\/author\/94492890\/"},"rttpg_comment":0,"rttpg_category":"<a href=\"https:\/\/www.icesi.edu.co\/blogs\/cultura\/category\/general\/\" rel=\"category tag\">General<\/a>","rttpg_excerpt":"Pol\u00edticas, procesos y saberes vinculados a la patrimonializaci\u00f3n cultural del viche. El Laboratorio Etnogr\u00e1fico del Programa de Antropolog\u00eda, en alianza&hellip;","_links":{"self":[{"href":"https:\/\/www.icesi.edu.co\/blogs\/cultura\/wp-json\/wp\/v2\/posts\/1373"}],"collection":[{"href":"https:\/\/www.icesi.edu.co\/blogs\/cultura\/wp-json\/wp\/v2\/posts"}],"about":[{"href":"https:\/\/www.icesi.edu.co\/blogs\/cultura\/wp-json\/wp\/v2\/types\/post"}],"author":[{"embeddable":true,"href":"https:\/\/www.icesi.edu.co\/blogs\/cultura\/wp-json\/wp\/v2\/users\/165"}],"replies":[{"embeddable":true,"href":"https:\/\/www.icesi.edu.co\/blogs\/cultura\/wp-json\/wp\/v2\/comments?post=1373"}],"version-history":[{"count":5,"href":"https:\/\/www.icesi.edu.co\/blogs\/cultura\/wp-json\/wp\/v2\/posts\/1373\/revisions"}],"predecessor-version":[{"id":1384,"href":"https:\/\/www.icesi.edu.co\/blogs\/cultura\/wp-json\/wp\/v2\/posts\/1373\/revisions\/1384"}],"wp:attachment":[{"href":"https:\/\/www.icesi.edu.co\/blogs\/cultura\/wp-json\/wp\/v2\/media?parent=1373"}],"wp:term":[{"taxonomy":"category","embeddable":true,"href":"https:\/\/www.icesi.edu.co\/blogs\/cultura\/wp-json\/wp\/v2\/categories?post=1373"},{"taxonomy":"post_tag","embeddable":true,"href":"https:\/\/www.icesi.edu.co\/blogs\/cultura\/wp-json\/wp\/v2\/tags?post=1373"}],"curies":[{"name":"wp","href":"https:\/\/api.w.org\/{rel}","templated":true}]}}