{"id":78,"date":"2013-10-09T01:30:28","date_gmt":"2013-10-09T01:30:28","guid":{"rendered":"http:\/\/www.icesi.edu.co\/blogs\/labsonoropcc\/?p=78"},"modified":"2013-10-09T02:07:07","modified_gmt":"2013-10-09T02:07:07","slug":"primera-sesion-segundo-modulo","status":"publish","type":"post","link":"https:\/\/www.icesi.edu.co\/blogs\/labsonoropcc\/2013\/10\/09\/primera-sesion-segundo-modulo\/","title":{"rendered":"Primera sesi\u00f3n: segundo m\u00f3dulo"},"content":{"rendered":"<p>27 de Septiembre de 2013, 5 \u2013 7PM<\/p>\n<p>El segundo m\u00f3dulo estuvo dedicado a \u201cLa Escucha\u201d. Se abord\u00f3 el concepto desde autores como Chion, Tomlinson y Pellinski. Se termin\u00f3 con un ejercicio de escucha, similar a los que planteo Chion en el primer cap\u00edtulo de su libro <i>Audiovisi\u00f3n<\/i>.<\/p>\n<p>La \u00faltima parte del viernes estuvo dedicada a la teor\u00eda del sonido y sus propiedades f\u00edsicas. Posteriormente se realiz\u00f3 una charla sobre el sonido y la grabaci\u00f3n digital donde los participantes se familiarizaron con los micr\u00f3fonos y t\u00e9cnicas m\u00e1s usadas para la grabaci\u00f3n de paisajes sonoros.<\/p>\n<p>Cerramos la sesi\u00f3n dejando un par de ejercicios de escucha en casa para comentarlo al d\u00eda siguiente, el s\u00e1bado en la ma\u00f1ana. Para el primer ejercicio deb\u00edan hacer un alto en la cotidianidad de la noche por diez minutos y anotar todos los sonidos que capt\u00e1bamos. El segundo ejercicio consist\u00eda en anotar:<\/p>\n<p>\u2022 \u00bfCu\u00e1l fue el primer sonido que escuch\u00f3 esta ma\u00f1ana al despertarse?<\/p>\n<p>\u2022 \u00bfCu\u00e1l fue el \u00faltimo sonido que escuch\u00f3 anoche antes de dormir?<\/p>\n<p>\u2022 \u00bfCu\u00e1l fue el sonido m\u00e1s fuerte que escuch\u00f3 hoy?<\/p>\n<p>\u2022 \u00bfCu\u00e1l fue el sonido m\u00e1s hermoso que escuch\u00f3 hoy?<\/p>\n<p>Nos despedimos con una caminata sonora por la ciudad hasta el Parque de la Concordia, donde comentamos los sonidos m\u00e1s interesantes del paseo.<\/p>\n<p>Adjunto algunos textos, a modo de lecturas recomendadas, que se usaron para este m\u00f3dulo:<\/p>\n<p><a href=\"http:\/\/www.icesi.edu.co\/blogs\/labsonoropcc\/files\/2013\/10\/Definiciones-Patrimonio-Sonoro.pdf\">Definiciones-Patrimonio Sonoro<\/a><\/p>\n<p><a href=\"http:\/\/www.icesi.edu.co\/blogs\/labsonoropcc\/files\/2013\/10\/El-o\u00eddo-alerta.-Modos-de-escuchar-el-entorno-sonoro-Por-Ram\u00f3n-Pelinski.pdf\">El o\u00eddo alerta. Modos de escuchar el entorno sonoro Por Ram\u00f3n Pelinski<\/a><\/p>\n<p><a href=\"http:\/\/www.icesi.edu.co\/blogs\/labsonoropcc\/files\/2013\/10\/El-paisaje-sonoro-una-herramienta-interdisciplinar-J.L.-Carles.pdf\">El paisaje sonoro, una herramienta interdisciplinar-J.L. Carles<\/a><\/p>\n<p><a href=\"http:\/\/www.icesi.edu.co\/blogs\/labsonoropcc\/files\/2013\/10\/La-composici\u00f3n-de-paisajes-sonoros-como-m\u00fasica-global-B.-Truax.pdf\">La composici\u00f3n de paisajes sonoros como m\u00fasica global-B. Truax<\/a><\/p>\n<p><a href=\"http:\/\/www.icesi.edu.co\/blogs\/labsonoropcc\/files\/2013\/10\/Vornin-Colin.J-Llorca.pdf\">Vornin Colin.J Llorca<\/a><\/p>\n","protected":false},"excerpt":{"rendered":"<p>27 de Septiembre de 2013, 5 \u2013 7PM El segundo m\u00f3dulo estuvo dedicado a \u201cLa Escucha\u201d. Se abord\u00f3 el concepto desde autores como Chion, Tomlinson y Pellinski. Se termin\u00f3 con un ejercicio de escucha, similar a los que planteo Chion &hellip; <a href=\"https:\/\/www.icesi.edu.co\/blogs\/labsonoropcc\/2013\/10\/09\/primera-sesion-segundo-modulo\/\">Sigue leyendo <span class=\"meta-nav\">&rarr;<\/span><\/a><\/p>\n","protected":false},"author":7,"featured_media":0,"comment_status":"open","ping_status":"open","sticky":false,"template":"","format":"standard","meta":{"footnotes":""},"categories":[2001],"tags":[],"class_list":["post-78","post","type-post","status-publish","format-standard","hentry","category-sin-categoria"],"aioseo_notices":[],"rttpg_featured_image_url":null,"rttpg_author":{"display_name":"margarita","author_link":"https:\/\/www.icesi.edu.co\/blogs\/labsonoropcc\/author\/66923096\/"},"rttpg_comment":0,"rttpg_category":"<a href=\"https:\/\/www.icesi.edu.co\/blogs\/labsonoropcc\/category\/sin-categoria\/\" rel=\"category tag\">Sin categor\u00eda<\/a>","rttpg_excerpt":"27 de Septiembre de 2013, 5 \u2013 7PM El segundo m\u00f3dulo estuvo dedicado a \u201cLa Escucha\u201d. Se abord\u00f3 el concepto desde autores como Chion, Tomlinson y Pellinski. Se termin\u00f3 con un ejercicio de escucha, similar a los que planteo Chion &hellip; Sigue leyendo &rarr;","_links":{"self":[{"href":"https:\/\/www.icesi.edu.co\/blogs\/labsonoropcc\/wp-json\/wp\/v2\/posts\/78"}],"collection":[{"href":"https:\/\/www.icesi.edu.co\/blogs\/labsonoropcc\/wp-json\/wp\/v2\/posts"}],"about":[{"href":"https:\/\/www.icesi.edu.co\/blogs\/labsonoropcc\/wp-json\/wp\/v2\/types\/post"}],"author":[{"embeddable":true,"href":"https:\/\/www.icesi.edu.co\/blogs\/labsonoropcc\/wp-json\/wp\/v2\/users\/7"}],"replies":[{"embeddable":true,"href":"https:\/\/www.icesi.edu.co\/blogs\/labsonoropcc\/wp-json\/wp\/v2\/comments?post=78"}],"version-history":[{"count":4,"href":"https:\/\/www.icesi.edu.co\/blogs\/labsonoropcc\/wp-json\/wp\/v2\/posts\/78\/revisions"}],"predecessor-version":[{"id":90,"href":"https:\/\/www.icesi.edu.co\/blogs\/labsonoropcc\/wp-json\/wp\/v2\/posts\/78\/revisions\/90"}],"wp:attachment":[{"href":"https:\/\/www.icesi.edu.co\/blogs\/labsonoropcc\/wp-json\/wp\/v2\/media?parent=78"}],"wp:term":[{"taxonomy":"category","embeddable":true,"href":"https:\/\/www.icesi.edu.co\/blogs\/labsonoropcc\/wp-json\/wp\/v2\/categories?post=78"},{"taxonomy":"post_tag","embeddable":true,"href":"https:\/\/www.icesi.edu.co\/blogs\/labsonoropcc\/wp-json\/wp\/v2\/tags?post=78"}],"curies":[{"name":"wp","href":"https:\/\/api.w.org\/{rel}","templated":true}]}}