{"id":57,"date":"2009-01-12T15:48:27","date_gmt":"2009-01-12T20:48:27","guid":{"rendered":"http:\/\/www.icesi.edu.co\/blogs\/lenguajevirtual\/2009\/01\/12\/bienvenidos\/"},"modified":"2009-07-28T08:20:45","modified_gmt":"2009-07-28T13:20:45","slug":"bienvenidos","status":"publish","type":"post","link":"https:\/\/www.icesi.edu.co\/blogs\/lenguajevirtual\/2009\/01\/12\/bienvenidos\/","title":{"rendered":"BIENVENIDOS"},"content":{"rendered":"<p>Sean ustedes bienvenidos a este espacio de clase en el que reflexionaremos, opinaremos, conversaremos, nos re\u00edremos un poco y, sobre todo, intentaremos aprender algo de esta cosa-tarea-forzosa que es la producci\u00f3n intelectual oral y escrita <em>con intenci\u00f3n<\/em>&#8230;<br \/>\nMmmm, \u00bfcomunicaci\u00f3n oral y escrita <em>con intenci\u00f3n<\/em>? Toda producci\u00f3n tiene una intenci\u00f3n. Es como hablar. Uno dice algo porque quiere que Otro lo escuche, lo entienda y comprenda -a veces Uno quiere que le respondan-&#8230; Uno quiere comunicarse -esa es una de nuestras palabras clave-. Si no fuera as\u00ed, si Uno  anduviese por el mundo produciendo cualquier cantidad de fonemas inintelegibles para Otro, pues nada&#8230; no pasar\u00eda nada&#8230; A no ser que Uno desee que Otro crea que Uno est\u00e1 un poco mal de la cabeza&#8230; y del coraz\u00f3n&#8230; Porque si bien cabeza y coraz\u00f3n son dos \u00f3rganos diferentes, y Uno crea que el acto de la producci\u00f3n oral y  escrita surge \u00fanicamente de los pensamientos, otra vez, pues nada&#8230; que Uno est\u00e1 equivocado al pensar que los pensamientos surgen solitos por ah\u00ed en alg\u00fan recoveco enlombrizado del cerebro y que esta actividad intelectual nada tiene que ver con el deseo-anhelo de expresarse&#8230;<\/p>\n<p>Tenemos entonces como amistoso y cordial saludo de bienvenida a este curso, la tarea seria de reflexionar sobre estos tres asuntos:<\/p>\n<p>1. \u00bfQu\u00e9 quiero-anhelo-deseo decir-escribir con <em><strong>eso<\/strong><\/em> que quiero decir-escribir?<br \/>\n2. \u00bfPor qu\u00e9 quiero-anhelo-deseo decir-escribir <strong><em>eso<\/em><\/strong>?<br \/>\n3. \u00bfPara qu\u00e9 quiero-anhelo-deseo que <strong><em>eso<\/em><\/strong> sea escuchado-le\u00eddo por Otro?<\/p>\n<p>Una sugerencia (que no es para que estemos prevenidos, nos sintamos amenazados o acorralados, sino listos):<br \/>\nPreparen sus sentidos: conozcan sus quereres-anhelos-deseos. Y, sobre todo, est\u00e9n prestos a lo que esperan de ustedes mismos. Es en los actos comunicativos en los que mediremos nuestras fuerzas.<\/p>\n<p>Un abrazo de oso para todos los Unos y Otros,<\/p>\n<p>Andrea  <\/p>\n","protected":false},"excerpt":{"rendered":"<p>Sean ustedes bienvenidos a este espacio de clase en el que reflexionaremos, opinaremos, conversaremos, nos re\u00edremos un poco y, sobre todo, intentaremos aprender algo de esta cosa-tarea-forzosa que es la producci\u00f3n intelectual oral y escrita con intenci\u00f3n&#8230; Mmmm, \u00bfcomunicaci\u00f3n oral y escrita con intenci\u00f3n? Toda producci\u00f3n tiene una intenci\u00f3n. Es como hablar. Uno dice algo &hellip; <a href=\"https:\/\/www.icesi.edu.co\/blogs\/lenguajevirtual\/2009\/01\/12\/bienvenidos\/\" class=\"more-link\">Seguir leyendo <span class=\"screen-reader-text\">BIENVENIDOS<\/span> <span class=\"meta-nav\">&rarr;<\/span><\/a><\/p>\n","protected":false},"author":16,"featured_media":0,"comment_status":"open","ping_status":"open","sticky":false,"template":"","format":"standard","meta":{"footnotes":""},"categories":[80],"tags":[],"class_list":["post-57","post","type-post","status-publish","format-standard","hentry","category-80"],"aioseo_notices":[],"rttpg_featured_image_url":null,"rttpg_author":{"display_name":"Andrea Rodriguez Mancera","author_link":"https:\/\/www.icesi.edu.co\/blogs\/lenguajevirtual\/author\/66984904\/"},"rttpg_comment":0,"rttpg_category":"<a href=\"https:\/\/www.icesi.edu.co\/blogs\/lenguajevirtual\/category\/1\/\" rel=\"category tag\">1<\/a>","rttpg_excerpt":"Sean ustedes bienvenidos a este espacio de clase en el que reflexionaremos, opinaremos, conversaremos, nos re\u00edremos un poco y, sobre todo, intentaremos aprender algo de esta cosa-tarea-forzosa que es la producci\u00f3n intelectual oral y escrita con intenci\u00f3n&#8230; Mmmm, \u00bfcomunicaci\u00f3n oral y escrita con intenci\u00f3n? Toda producci\u00f3n tiene una intenci\u00f3n. Es como hablar. Uno dice algo&hellip;","_links":{"self":[{"href":"https:\/\/www.icesi.edu.co\/blogs\/lenguajevirtual\/wp-json\/wp\/v2\/posts\/57"}],"collection":[{"href":"https:\/\/www.icesi.edu.co\/blogs\/lenguajevirtual\/wp-json\/wp\/v2\/posts"}],"about":[{"href":"https:\/\/www.icesi.edu.co\/blogs\/lenguajevirtual\/wp-json\/wp\/v2\/types\/post"}],"author":[{"embeddable":true,"href":"https:\/\/www.icesi.edu.co\/blogs\/lenguajevirtual\/wp-json\/wp\/v2\/users\/16"}],"replies":[{"embeddable":true,"href":"https:\/\/www.icesi.edu.co\/blogs\/lenguajevirtual\/wp-json\/wp\/v2\/comments?post=57"}],"version-history":[{"count":2,"href":"https:\/\/www.icesi.edu.co\/blogs\/lenguajevirtual\/wp-json\/wp\/v2\/posts\/57\/revisions"}],"predecessor-version":[{"id":187,"href":"https:\/\/www.icesi.edu.co\/blogs\/lenguajevirtual\/wp-json\/wp\/v2\/posts\/57\/revisions\/187"}],"wp:attachment":[{"href":"https:\/\/www.icesi.edu.co\/blogs\/lenguajevirtual\/wp-json\/wp\/v2\/media?parent=57"}],"wp:term":[{"taxonomy":"category","embeddable":true,"href":"https:\/\/www.icesi.edu.co\/blogs\/lenguajevirtual\/wp-json\/wp\/v2\/categories?post=57"},{"taxonomy":"post_tag","embeddable":true,"href":"https:\/\/www.icesi.edu.co\/blogs\/lenguajevirtual\/wp-json\/wp\/v2\/tags?post=57"}],"curies":[{"name":"wp","href":"https:\/\/api.w.org\/{rel}","templated":true}]}}