{"id":621,"date":"2019-05-23T06:05:51","date_gmt":"2019-05-23T06:05:51","guid":{"rendered":"https:\/\/www.icesi.edu.co\/blogs\/licenciaturas\/?p=621"},"modified":"2020-11-04T04:35:31","modified_gmt":"2020-11-04T04:35:31","slug":"primer-rito-de-paso","status":"publish","type":"post","link":"https:\/\/www.icesi.edu.co\/blogs\/licenciaturas\/2019\/05\/23\/primer-rito-de-paso\/","title":{"rendered":"Rito de Paso 2019-1"},"content":{"rendered":"<p>Las Licenciaturas de la Universidad Icesi celebraron, este 23 de mayo, su primer rito de paso. La ceremonia, que cont\u00f3 con la presencia del rector Francisco Piedrahita, la profesora Cristina Upegui, directiva de la Instituci\u00f3n Educativa Santaf\u00e9, estudiantes, padres y madres de familia, directivos y profesores de la Universidad, fue un acto simb\u00f3lico de transici\u00f3n que conmemor\u00f3 el paso de los estudiantes de su ciclo fundamental de aprendizaje a sus pr\u00e1cticas profesionales.<\/p>\n<p>La primera cohorte de homenajeadas fueron Diana Salazar, Nicol G\u00f3mez, Keren Renter\u00eda, Mar\u00eda Cuaran, Dolly Alarc\u00f3n, Mar\u00eda Cuartas, Marcela Guerrero y el homenajeado, Federico Salinas.<\/p>\n","protected":false},"excerpt":{"rendered":"<p>Las Licenciaturas de la Universidad Icesi celebraron, este 23 de mayo, su primer rito de paso. La ceremonia, que cont\u00f3 con la presencia del rector Francisco Piedrahita, la profesora Cristina Upegui, directiva de la Instituci\u00f3n Educativa Santaf\u00e9, estudiantes, padres y madres de familia, directivos y profesores de la Universidad, fue un acto simb\u00f3lico de transici\u00f3n &hellip; <a href=\"https:\/\/www.icesi.edu.co\/blogs\/licenciaturas\/2019\/05\/23\/primer-rito-de-paso\/\" class=\"more-link\">Seguir leyendo <span class=\"screen-reader-text\">Rito de Paso 2019-1<\/span> <span class=\"meta-nav\">&rarr;<\/span><\/a><\/p>\n","protected":false},"author":42165738,"featured_media":0,"comment_status":"open","ping_status":"open","sticky":false,"template":"","format":"standard","meta":{"footnotes":""},"categories":[2001],"tags":[],"class_list":["post-621","post","type-post","status-publish","format-standard","hentry","category-sin-categoria"],"aioseo_notices":[],"rttpg_featured_image_url":null,"rttpg_author":{"display_name":"Diana Lucia Collazos Beron","author_link":"https:\/\/www.icesi.edu.co\/blogs\/licenciaturas\/author\/1144096026\/"},"rttpg_comment":0,"rttpg_category":"<a href=\"https:\/\/www.icesi.edu.co\/blogs\/licenciaturas\/category\/sin-categoria\/\" rel=\"category tag\">Sin categor\u00eda<\/a>","rttpg_excerpt":"Las Licenciaturas de la Universidad Icesi celebraron, este 23 de mayo, su primer rito de paso. La ceremonia, que cont\u00f3 con la presencia del rector Francisco Piedrahita, la profesora Cristina Upegui, directiva de la Instituci\u00f3n Educativa Santaf\u00e9, estudiantes, padres y madres de familia, directivos y profesores de la Universidad, fue un acto simb\u00f3lico de transici\u00f3n&hellip;","_links":{"self":[{"href":"https:\/\/www.icesi.edu.co\/blogs\/licenciaturas\/wp-json\/wp\/v2\/posts\/621"}],"collection":[{"href":"https:\/\/www.icesi.edu.co\/blogs\/licenciaturas\/wp-json\/wp\/v2\/posts"}],"about":[{"href":"https:\/\/www.icesi.edu.co\/blogs\/licenciaturas\/wp-json\/wp\/v2\/types\/post"}],"author":[{"embeddable":true,"href":"https:\/\/www.icesi.edu.co\/blogs\/licenciaturas\/wp-json\/wp\/v2\/users\/42165738"}],"replies":[{"embeddable":true,"href":"https:\/\/www.icesi.edu.co\/blogs\/licenciaturas\/wp-json\/wp\/v2\/comments?post=621"}],"version-history":[{"count":3,"href":"https:\/\/www.icesi.edu.co\/blogs\/licenciaturas\/wp-json\/wp\/v2\/posts\/621\/revisions"}],"predecessor-version":[{"id":1159,"href":"https:\/\/www.icesi.edu.co\/blogs\/licenciaturas\/wp-json\/wp\/v2\/posts\/621\/revisions\/1159"}],"wp:attachment":[{"href":"https:\/\/www.icesi.edu.co\/blogs\/licenciaturas\/wp-json\/wp\/v2\/media?parent=621"}],"wp:term":[{"taxonomy":"category","embeddable":true,"href":"https:\/\/www.icesi.edu.co\/blogs\/licenciaturas\/wp-json\/wp\/v2\/categories?post=621"},{"taxonomy":"post_tag","embeddable":true,"href":"https:\/\/www.icesi.edu.co\/blogs\/licenciaturas\/wp-json\/wp\/v2\/tags?post=621"}],"curies":[{"name":"wp","href":"https:\/\/api.w.org\/{rel}","templated":true}]}}