{"id":1158,"date":"2023-03-29T21:07:11","date_gmt":"2023-03-29T21:07:11","guid":{"rendered":"http:\/\/www.icesi.edu.co\/blogs\/point\/?p=1158"},"modified":"2023-07-03T04:05:33","modified_gmt":"2023-07-03T04:05:33","slug":"study-tour-santiago-de-cali-2023-1","status":"publish","type":"post","link":"https:\/\/www.icesi.edu.co\/blogs\/point\/2023\/03\/29\/study-tour-santiago-de-cali-2023-1\/","title":{"rendered":"Study Tour Santiago de Cali 2023"},"content":{"rendered":"<p>Los d\u00edas 7 y 9 marzo del presente a\u00f1o, se realiz\u00f3 el Study Tour Local \u201cSantiago de Cali: historia pol\u00edtica, pol\u00edtica electoral y pol\u00edticas p\u00fablicas\u201d. En esta oportunidad, los estudiantes tuvieron participaron en los conversatorios \u201c\u00c9lites pol\u00edticas de Cali\u201d y \u201cPol\u00edtica electoral en Cali\u201d dirigidos por los profesores Jos\u00e9 Dar\u00edo S\u00e1enz y Juan Pablo Milanese respectivamente. Adicionalmente, los estudiantes visitaron la Secretaria de Desarrollo Econ\u00f3mico de la Ciudad de Cali.<\/p>\n<p><img decoding=\"async\" src=\"https:\/\/scontent.fclo2-2.fna.fbcdn.net\/v\/t39.30808-6\/335431612_230480672689201_8897977129119759632_n.jpg?stp=cp6_dst-jpg&amp;_nc_cat=111&amp;ccb=1-7&amp;_nc_sid=8bfeb9&amp;_nc_ohc=N2k88wtsbSQAX-kb5oM&amp;_nc_ht=scontent.fclo2-2.fna&amp;oh=00_AfDPk4egdgvOTna1Rz5PBoGwM-N9AgwLhVdv-5p1a_SBUQ&amp;oe=6490BF1D\" alt=\"No hay ninguna descripci\u00f3n de la foto disponible.\" \/><\/p>\n<p><img decoding=\"async\" src=\"https:\/\/scontent.fclo2-2.fna.fbcdn.net\/v\/t39.30808-6\/335445283_735093168118335_314904122153665666_n.jpg?stp=cp6_dst-jpg&amp;_nc_cat=100&amp;ccb=1-7&amp;_nc_sid=8bfeb9&amp;_nc_ohc=7dOdfu9rss0AX8E0R1x&amp;_nc_ht=scontent.fclo2-2.fna&amp;oh=00_AfAL98vMd4fR5esblFSM5IODlb8F8CsP9BZ9JurFJhi6pA&amp;oe=649112BD\" alt=\"No hay ninguna descripci\u00f3n de la foto disponible.\" \/><\/p>\n<p>Reflexiones estudiantes:<\/p>\n<ul>\n<li>\n<p class=\"post-title\">Castrill\u00f3n, J. (2023).<a href=\"https:\/\/www.icesi.edu.co\/blogs\/point\/2023\/03\/20\/catrillo-j-study-tour-cali\/\">Reflexi\u00f3n \u2013 Study Tour Cali<\/a><\/p>\n<\/li>\n<li>\n<p class=\"post-title\">Leyton, L. (2023).\u00a0<a href=\"http:\/\/www.icesi.edu.co\/blogs\/point\/2023\/03\/29\/leyton-l-reflexion-study-tour-cali\/\">Reflexi\u00f3n Study Tour Cali<\/a><\/p>\n<\/li>\n<\/ul>\n","protected":false},"excerpt":{"rendered":"<p>Los d\u00edas 7 y 9 marzo del presente a\u00f1o, se realiz\u00f3 el Study Tour Local \u201cSantiago de Cali: historia pol\u00edtica, [&hellip;]<\/p>\n","protected":false},"author":42165942,"featured_media":0,"comment_status":"open","ping_status":"open","sticky":false,"template":"","format":"standard","meta":{"site-sidebar-layout":"default","site-content-layout":"","ast-site-content-layout":"","site-content-style":"default","site-sidebar-style":"default","ast-global-header-display":"","ast-banner-title-visibility":"","ast-main-header-display":"","ast-hfb-above-header-display":"","ast-hfb-below-header-display":"","ast-hfb-mobile-header-display":"","site-post-title":"","ast-breadcrumbs-content":"","ast-featured-img":"","footer-sml-layout":"","theme-transparent-header-meta":"","adv-header-id-meta":"","stick-header-meta":"","header-above-stick-meta":"","header-main-stick-meta":"","header-below-stick-meta":"","astra-migrate-meta-layouts":"default","ast-page-background-enabled":"default","ast-page-background-meta":{"desktop":{"background-color":"var(--ast-global-color-4)","background-image":"","background-repeat":"repeat","background-position":"center center","background-size":"auto","background-attachment":"scroll","background-type":"","background-media":"","overlay-type":"","overlay-color":"","overlay-opacity":"","overlay-gradient":""},"tablet":{"background-color":"","background-image":"","background-repeat":"repeat","background-position":"center center","background-size":"auto","background-attachment":"scroll","background-type":"","background-media":"","overlay-type":"","overlay-color":"","overlay-opacity":"","overlay-gradient":""},"mobile":{"background-color":"","background-image":"","background-repeat":"repeat","background-position":"center center","background-size":"auto","background-attachment":"scroll","background-type":"","background-media":"","overlay-type":"","overlay-color":"","overlay-opacity":"","overlay-gradient":""}},"ast-content-background-meta":{"desktop":{"background-color":"var(--ast-global-color-5)","background-image":"","background-repeat":"repeat","background-position":"center center","background-size":"auto","background-attachment":"scroll","background-type":"","background-media":"","overlay-type":"","overlay-color":"","overlay-opacity":"","overlay-gradient":""},"tablet":{"background-color":"var(--ast-global-color-5)","background-image":"","background-repeat":"repeat","background-position":"center center","background-size":"auto","background-attachment":"scroll","background-type":"","background-media":"","overlay-type":"","overlay-color":"","overlay-opacity":"","overlay-gradient":""},"mobile":{"background-color":"var(--ast-global-color-5)","background-image":"","background-repeat":"repeat","background-position":"center center","background-size":"auto","background-attachment":"scroll","background-type":"","background-media":"","overlay-type":"","overlay-color":"","overlay-opacity":"","overlay-gradient":""}},"footnotes":""},"categories":[2001],"tags":[],"class_list":["post-1158","post","type-post","status-publish","format-standard","hentry","category-sin-categoria"],"aioseo_notices":[],"rttpg_featured_image_url":null,"rttpg_author":{"display_name":"Monica Alexandra Ramirez Guevara","author_link":"https:\/\/www.icesi.edu.co\/blogs\/point\/author\/1144100584\/"},"rttpg_comment":0,"rttpg_category":"<a href=\"https:\/\/www.icesi.edu.co\/blogs\/point\/category\/sin-categoria\/\" rel=\"category tag\">Sin categor\u00eda<\/a>","rttpg_excerpt":"Los d\u00edas 7 y 9 marzo del presente a\u00f1o, se realiz\u00f3 el Study Tour Local \u201cSantiago de Cali: historia pol\u00edtica, [&hellip;]","_links":{"self":[{"href":"https:\/\/www.icesi.edu.co\/blogs\/point\/wp-json\/wp\/v2\/posts\/1158"}],"collection":[{"href":"https:\/\/www.icesi.edu.co\/blogs\/point\/wp-json\/wp\/v2\/posts"}],"about":[{"href":"https:\/\/www.icesi.edu.co\/blogs\/point\/wp-json\/wp\/v2\/types\/post"}],"author":[{"embeddable":true,"href":"https:\/\/www.icesi.edu.co\/blogs\/point\/wp-json\/wp\/v2\/users\/42165942"}],"replies":[{"embeddable":true,"href":"https:\/\/www.icesi.edu.co\/blogs\/point\/wp-json\/wp\/v2\/comments?post=1158"}],"version-history":[{"count":5,"href":"https:\/\/www.icesi.edu.co\/blogs\/point\/wp-json\/wp\/v2\/posts\/1158\/revisions"}],"predecessor-version":[{"id":1383,"href":"https:\/\/www.icesi.edu.co\/blogs\/point\/wp-json\/wp\/v2\/posts\/1158\/revisions\/1383"}],"wp:attachment":[{"href":"https:\/\/www.icesi.edu.co\/blogs\/point\/wp-json\/wp\/v2\/media?parent=1158"}],"wp:term":[{"taxonomy":"category","embeddable":true,"href":"https:\/\/www.icesi.edu.co\/blogs\/point\/wp-json\/wp\/v2\/categories?post=1158"},{"taxonomy":"post_tag","embeddable":true,"href":"https:\/\/www.icesi.edu.co\/blogs\/point\/wp-json\/wp\/v2\/tags?post=1158"}],"curies":[{"name":"wp","href":"https:\/\/api.w.org\/{rel}","templated":true}]}}