{"id":130,"date":"2018-12-17T17:18:25","date_gmt":"2018-12-17T17:18:25","guid":{"rendered":"http:\/\/www.icesi.edu.co\/blogs\/point\/?p=130"},"modified":"2019-02-01T19:04:45","modified_gmt":"2019-02-01T19:04:45","slug":"buscando-la-identidad-del-mito-europeo","status":"publish","type":"post","link":"https:\/\/www.icesi.edu.co\/blogs\/point\/2018\/12\/17\/buscando-la-identidad-del-mito-europeo\/","title":{"rendered":"Buscando la identidad del mito europeo"},"content":{"rendered":"<p>Por: Christian Fernando Salcedo<\/p>\n<p>&nbsp;<\/p>\n<p>En ocasiones, creo, nos damos a ver situaciones, realidades, personas y falsedades como lejanas. Quiz\u00e1 como imposibles. Es as\u00ed como, lo europeo para muchos, incluy\u00e9ndome, tiene una concepci\u00f3n m\u00e1gica, un supuesto de distancia inalcanzable. No solamente, por la naturaleza geogr\u00e1fica que nos divide mediante el Gran Atl\u00e1ntico, sino, por unos prejuicios (o certezas) naturalizados, causantes de imaginarios englobados en \u201cellos son muy diferentes a nosotros\u201d o \u201cEuropa es supremamente organizada, casi que perfecta\u201d. Gracias al Stady Tour 2018 realizado entre el mes de junio y julio, puedo ser cr\u00edtico de esas creencias, conservarlas o dejarlas en pasado,\u00a0 proyectarme otras.<\/p>\n<p>Es as\u00ed como, en breves l\u00edneas, describir\u00e9 mi experiencia en este viaje acad\u00e9mico, utilizando para ello algunos lugares y visitas realizados en buena compa\u00f1\u00eda de profesores y compa\u00f1eros durante el viaje. El primer pa\u00eds visitado fue B\u00e9lgica, espec\u00edficamente su capital \u00a0Bruselas. Una ciudad, de especial aprecio para los polit\u00f3logos, pues en ella se da el movimiento e interacciones interestatales de los miembros de la Uni\u00f3n Europea. Aspecto que pudimos corroborar al visitar la magn\u00e1nima sede de la Comisi\u00f3n Europea, entendiendo (someramente) su complejo funcionamiento, y lo trascendental de este \u00f3rgano ejecutivo. Paralelo a esa vida burocr\u00e1tica, est\u00e1 la bella infraestructura de Bruselas, en particular de su Gran Plaza en el centro de la ciudad. Un lugar que te deja perplejo ante sus edificaciones y perfecci\u00f3n.<\/p>\n<p>Despu\u00e9s de estar en el pa\u00eds del buen chocolate y los deliciosos ostiones, nos dirigimos a Par\u00eds. Sin lugar a duda una ciudad m\u00e1gica. Por supuesto, puede parecer que he ca\u00eddo en el clich\u00e9 de considerar a la Ciudad Luz como un lugar atiborrado de perfecci\u00f3n \u00a1y no! Es bastante imperfecta, en su cantidad escandalosa de turistas, en la suciedad de sus calles, y en su (en ocasiones) ca\u00f3tico sistema de metro, por nombrar algunos aspectos. Pero, esto no puede opacar la imponencia de sus construcciones, la sencillez y delicadeza de sus calles y su\u00a0 inocultable historia de revoluciones. La Torre Eiffel por ejemplo es un s\u00edmbolo impresionante, un lugar que se puede admirar por varias horas (como en efecto lo hicimos), y lo reitero, m\u00e1gico.<\/p>\n<p>No pod\u00eda dejar de lado una experiencia que me enterneci\u00f3 y llen\u00f3 de orgullo. Al asistir a la embajada de Colombia en Francia, una mujer nos atendi\u00f3 de la mejor manera, nos explic\u00f3 todo lo relacionado a la carrera diplom\u00e1tica,\u00a0 adem\u00e1s del\u00a0 \u00e1mbito profesional\u00a0 su experiencia personal en esa\u00a0 escogencia de vida. Al detallar su acento algo se me hizo familiar, y efectivamente mi intuici\u00f3n no fall\u00f3, era nari\u00f1ense como yo. Al percatarse ella de eso, junto con otra compa\u00f1era de tour, nos dio una bienvenida en demas\u00eda cordial, se notaba en sus maneras lo complacida de encontrar a dos paisanos (pastusos) a miles de kil\u00f3metros de su lugar de origen. Ella, Sonia Pereira Ministra Plenipotenciaria, la segunda\u00a0 en la direcci\u00f3n de la embajada (Despu\u00e9s del embajador),\u00a0 me dej\u00f3 un recuerdo particularmente bonito.<\/p>\n<p>Nuestro siguiente pa\u00eds fue Alemania, en su capital descubr\u00ed diferentes aspectos. Uno de ellos es sus aires de modernidad, de culturas urbanas, es extra\u00f1o no ver grafitis, o arte sobre los muros. Otro, la indiscutible labor pedag\u00f3gica, en pro de recatar la memoria del holocausto jud\u00edo, muestra de ello est\u00e1 en el impresi\u00f3nate \u00a0Monumento al\u00a0 Holocausto sobre el Arco de Brandemburgo, o el\u00a0 Museo Jud\u00edo, que con su magn\u00edfica arquitectura y\u00a0 material hist\u00f3rico, te da algo as\u00ed como \u201cuna conciencia jud\u00eda\u201d. En la misma l\u00ednea est\u00e1 La Topograf\u00eda del Terror, un lugar en\u00a0 donde se muestra lo nefasto de los\u00a0 sitios (y sus pr\u00e1cticas)\u00a0 utilizados por los nazis para la tortura y aniquilaci\u00f3n.\u00a0 Nuevamente la asistencia a la Embajada de Colombia fue gratificante, pues de ella, reforzando lo que comprendimos en Par\u00eds, nos dimos cuenta, que nuestro pa\u00eds no est\u00e1 relegado a los ojos de esas potencias al menos (y general en Europa pienso) al terreno de la burda criminalidad o violencia, m\u00e1s bien sus pr\u00e1cticas culturales, territorios, en sinton\u00eda con la firma del Acuerdo de Paz, han refrescado la imagen de lo colombiano.<\/p>\n<p>Nuestro \u00faltimo pa\u00eds en visitar fue Rep\u00fablica Checa, en su tan sonada Praga. Ah\u00ed fue la primera vez en el viaje, en donde todo el grupo comparti\u00f3 un mismo sitio de alojamiento. Esto dio pie a disfrutar de cosas en conjunto, siendo transversal a esto la risa, la recocha, y el saber convivir con el otro. Praga me sorprendi\u00f3 de una manera tremenda, tiene una belleza \u00fanica, es como estar caminando por cuadras en el \u00a0lienzo de una obra de arte. Cargada de historia, m\u00fasica y cerveza es un lugar de sue\u00f1o. Este ambiente de primavera, tuvo un freno en seco, fue la visita al campo de concertaci\u00f3n jud\u00edo Terez\u00edn a una hora y media de Praga. Es quiz\u00e1s la sensaci\u00f3n m\u00e1s estremecedora respecto a la muerte que haya tenido a\u00a0 mi edad. Un lugar en donde la palabra humanidad perdi\u00f3 su significado, una experiencia que te da indicios para sospechar sobre la naturaleza ben\u00e9vola de los hombres. En fin, un infierno de reflexi\u00f3n, guiado por un compromiso de no repetici\u00f3n.<\/p>\n<p>Despu\u00e9s, de narrar mis experiencias en los distintos sitios visitados, me queda, la sensaci\u00f3n \u00fanica de que lo lejano no lo es tanto, y lo so\u00f1ado lo es, claro, con sus matices. Creo que de lo europeo hemos naturalizado algunos rasgos, tal vez por ello mi comodidad en la traves\u00eda por las ciudades. Viajar en grupo, aprender de ellos, de los lugares, tambi\u00e9n de la diferencia, es, recordar horrores y\u00a0 revoluciones, es, comprender un poco (s\u00f3lo un poco) m\u00e1s al mundo.<\/p>\n","protected":false},"excerpt":{"rendered":"<p>Por: Christian Fernando Salcedo &nbsp; En ocasiones, creo, nos damos a ver situaciones, realidades, personas y falsedades como lejanas. Quiz\u00e1 [&hellip;]<\/p>\n","protected":false},"author":42165648,"featured_media":203,"comment_status":"open","ping_status":"open","sticky":false,"template":"","format":"standard","meta":{"site-sidebar-layout":"default","site-content-layout":"","ast-site-content-layout":"","site-content-style":"default","site-sidebar-style":"default","ast-global-header-display":"","ast-banner-title-visibility":"","ast-main-header-display":"","ast-hfb-above-header-display":"","ast-hfb-below-header-display":"","ast-hfb-mobile-header-display":"","site-post-title":"","ast-breadcrumbs-content":"","ast-featured-img":"","footer-sml-layout":"","theme-transparent-header-meta":"","adv-header-id-meta":"","stick-header-meta":"","header-above-stick-meta":"","header-main-stick-meta":"","header-below-stick-meta":"","astra-migrate-meta-layouts":"default","ast-page-background-enabled":"default","ast-page-background-meta":{"desktop":{"background-color":"var(--ast-global-color-4)","background-image":"","background-repeat":"repeat","background-position":"center center","background-size":"auto","background-attachment":"scroll","background-type":"","background-media":"","overlay-type":"","overlay-color":"","overlay-opacity":"","overlay-gradient":""},"tablet":{"background-color":"","background-image":"","background-repeat":"repeat","background-position":"center center","background-size":"auto","background-attachment":"scroll","background-type":"","background-media":"","overlay-type":"","overlay-color":"","overlay-opacity":"","overlay-gradient":""},"mobile":{"background-color":"","background-image":"","background-repeat":"repeat","background-position":"center center","background-size":"auto","background-attachment":"scroll","background-type":"","background-media":"","overlay-type":"","overlay-color":"","overlay-opacity":"","overlay-gradient":""}},"ast-content-background-meta":{"desktop":{"background-color":"var(--ast-global-color-5)","background-image":"","background-repeat":"repeat","background-position":"center center","background-size":"auto","background-attachment":"scroll","background-type":"","background-media":"","overlay-type":"","overlay-color":"","overlay-opacity":"","overlay-gradient":""},"tablet":{"background-color":"var(--ast-global-color-5)","background-image":"","background-repeat":"repeat","background-position":"center center","background-size":"auto","background-attachment":"scroll","background-type":"","background-media":"","overlay-type":"","overlay-color":"","overlay-opacity":"","overlay-gradient":""},"mobile":{"background-color":"var(--ast-global-color-5)","background-image":"","background-repeat":"repeat","background-position":"center center","background-size":"auto","background-attachment":"scroll","background-type":"","background-media":"","overlay-type":"","overlay-color":"","overlay-opacity":"","overlay-gradient":""}},"footnotes":""},"categories":[2001],"tags":[],"class_list":["post-130","post","type-post","status-publish","format-standard","has-post-thumbnail","hentry","category-sin-categoria"],"aioseo_notices":[],"rttpg_featured_image_url":{"full":["https:\/\/www.icesi.edu.co\/blogs\/point\/files\/2018\/12\/IMG-20180706-WA0067-e1549047855353.jpg",600,600,false],"landscape":["https:\/\/www.icesi.edu.co\/blogs\/point\/files\/2018\/12\/IMG-20180706-WA0067-e1549047855353.jpg",600,600,false],"portraits":["https:\/\/www.icesi.edu.co\/blogs\/point\/files\/2018\/12\/IMG-20180706-WA0067-e1549047855353.jpg",600,600,false],"thumbnail":["https:\/\/www.icesi.edu.co\/blogs\/point\/files\/2018\/12\/IMG-20180706-WA0067-150x150.jpg",150,150,true],"medium":["https:\/\/www.icesi.edu.co\/blogs\/point\/files\/2018\/12\/IMG-20180706-WA0067-300x300.jpg",300,300,true],"large":["https:\/\/www.icesi.edu.co\/blogs\/point\/files\/2018\/12\/IMG-20180706-WA0067-1024x1024.jpg",1024,1024,true],"1536x1536":["https:\/\/www.icesi.edu.co\/blogs\/point\/files\/2018\/12\/IMG-20180706-WA0067-e1549047855353.jpg",600,600,false],"2048x2048":["https:\/\/www.icesi.edu.co\/blogs\/point\/files\/2018\/12\/IMG-20180706-WA0067-e1549047855353.jpg",600,600,false]},"rttpg_author":{"display_name":"Angela Pinzon Silva","author_link":"https:\/\/www.icesi.edu.co\/blogs\/point\/author\/1075267578\/"},"rttpg_comment":0,"rttpg_category":"<a href=\"https:\/\/www.icesi.edu.co\/blogs\/point\/category\/sin-categoria\/\" rel=\"category tag\">Sin categor\u00eda<\/a>","rttpg_excerpt":"Por: Christian Fernando Salcedo &nbsp; En ocasiones, creo, nos damos a ver situaciones, realidades, personas y falsedades como lejanas. Quiz\u00e1 [&hellip;]","_links":{"self":[{"href":"https:\/\/www.icesi.edu.co\/blogs\/point\/wp-json\/wp\/v2\/posts\/130"}],"collection":[{"href":"https:\/\/www.icesi.edu.co\/blogs\/point\/wp-json\/wp\/v2\/posts"}],"about":[{"href":"https:\/\/www.icesi.edu.co\/blogs\/point\/wp-json\/wp\/v2\/types\/post"}],"author":[{"embeddable":true,"href":"https:\/\/www.icesi.edu.co\/blogs\/point\/wp-json\/wp\/v2\/users\/42165648"}],"replies":[{"embeddable":true,"href":"https:\/\/www.icesi.edu.co\/blogs\/point\/wp-json\/wp\/v2\/comments?post=130"}],"version-history":[{"count":1,"href":"https:\/\/www.icesi.edu.co\/blogs\/point\/wp-json\/wp\/v2\/posts\/130\/revisions"}],"predecessor-version":[{"id":131,"href":"https:\/\/www.icesi.edu.co\/blogs\/point\/wp-json\/wp\/v2\/posts\/130\/revisions\/131"}],"wp:featuredmedia":[{"embeddable":true,"href":"https:\/\/www.icesi.edu.co\/blogs\/point\/wp-json\/wp\/v2\/media\/203"}],"wp:attachment":[{"href":"https:\/\/www.icesi.edu.co\/blogs\/point\/wp-json\/wp\/v2\/media?parent=130"}],"wp:term":[{"taxonomy":"category","embeddable":true,"href":"https:\/\/www.icesi.edu.co\/blogs\/point\/wp-json\/wp\/v2\/categories?post=130"},{"taxonomy":"post_tag","embeddable":true,"href":"https:\/\/www.icesi.edu.co\/blogs\/point\/wp-json\/wp\/v2\/tags?post=130"}],"curies":[{"name":"wp","href":"https:\/\/api.w.org\/{rel}","templated":true}]}}