{"id":1316,"date":"2023-06-25T00:24:54","date_gmt":"2023-06-25T00:24:54","guid":{"rendered":"http:\/\/www.icesi.edu.co\/blogs\/point\/?p=1316"},"modified":"2023-06-25T01:03:47","modified_gmt":"2023-06-25T01:03:47","slug":"castano-c-reflexion-study-tour-bogota","status":"publish","type":"post","link":"https:\/\/www.icesi.edu.co\/blogs\/point\/2023\/06\/25\/castano-c-reflexion-study-tour-bogota\/","title":{"rendered":"Casta\u00f1o, C. (2023). Reflexi\u00f3n Study Tour Bogot\u00e1"},"content":{"rendered":"<p>Por: Camila Andrea Casta\u00f1o Castro<\/p>\n<p>Mi viaje a Bogot\u00e1, motivado por el Study Tour fue, entre muchas cosas, una experiencia enriquecedora, que me permiti\u00f3 conectar y sentir mucho m\u00e1s empapada de la historia de mi pa\u00eds, el funcionamiento de las ramas de poder y la versatilidad de mi carrera profesional. Ahora bien, el viaje vislumbra, con visitas a la Casa Florero, el museo de Bogot\u00e1 y el museo nacional, varios hechos de la vida pol\u00edtica del pa\u00eds, que hasta el d\u00eda de hoy son importantes en nuestra construcci\u00f3n\u00a0 de Estado.<\/p>\n<p>Tomando en cuenta esto, uno de los momentos exactos de la vida pol\u00edtica colombiana que me caus\u00f3 bastante intriga fue su independencia, desde que tengo uso de raz\u00f3n siempre se nos habl\u00f3 de este hecho en las escuelas por encima de lo que, si se le presta atenci\u00f3n m\u00e1s a fondo, represent\u00f3 esa ri\u00f1a al mediod\u00eda en una peque\u00f1a casa espa\u00f1ola de antig\u00fcedades, causada por un florero, que trae consigo todo un simbolismo y significaci\u00f3n del mensaje de revoluci\u00f3n que se quer\u00eda llegar en la \u00e9poca, mostrando as\u00ed que desde ya en esas \u00e9pocas el lenguaje pol\u00edtico ten\u00eda un gran poder para cambiar la arena pol\u00edtica nacional.<\/p>\n<p>Por otro lado, otro tema bastante presente en dichos museos, son la capacidad de manifestaci\u00f3n popular, que viene consigo con el Bogotazo de 1949, hasta el paro nacional (2020-2021), que por el lado del primero fue una manifestaci\u00f3n que al ser m\u00e1s centralizado s\u00f3lo en Bogot\u00e1, tuvo un impacto significativo para dicha ciudad y fue la definici\u00f3n de una protesta desordenada, que apresar de que al igual de la protesta de 2021, estaba motivado por un sentimiento de oposici\u00f3n hacia el gobierno de turno, no tuvo la misma organizaci\u00f3n ni planificaci\u00f3n que la protesta del 2021, que fue, si bien tuvo su momento de desorganizaci\u00f3n y esc\u00e1ndalo social, tambi\u00e9n tuvo un sentido de colectividad mucho m\u00e1s amplio y una resistencia a la represi\u00f3n mayor.<\/p>\n<p>&nbsp;<\/p>\n<p>&nbsp;<\/p>\n","protected":false},"excerpt":{"rendered":"<p>Por: Camila Andrea Casta\u00f1o Castro Mi viaje a Bogot\u00e1, motivado por el Study Tour fue, entre muchas cosas, una experiencia [&hellip;]<\/p>\n","protected":false},"author":42165942,"featured_media":0,"comment_status":"open","ping_status":"open","sticky":false,"template":"","format":"standard","meta":{"site-sidebar-layout":"default","site-content-layout":"","ast-site-content-layout":"","site-content-style":"default","site-sidebar-style":"default","ast-global-header-display":"","ast-banner-title-visibility":"","ast-main-header-display":"","ast-hfb-above-header-display":"","ast-hfb-below-header-display":"","ast-hfb-mobile-header-display":"","site-post-title":"","ast-breadcrumbs-content":"","ast-featured-img":"","footer-sml-layout":"","theme-transparent-header-meta":"","adv-header-id-meta":"","stick-header-meta":"","header-above-stick-meta":"","header-main-stick-meta":"","header-below-stick-meta":"","astra-migrate-meta-layouts":"default","ast-page-background-enabled":"default","ast-page-background-meta":{"desktop":{"background-color":"var(--ast-global-color-4)","background-image":"","background-repeat":"repeat","background-position":"center center","background-size":"auto","background-attachment":"scroll","background-type":"","background-media":"","overlay-type":"","overlay-color":"","overlay-opacity":"","overlay-gradient":""},"tablet":{"background-color":"","background-image":"","background-repeat":"repeat","background-position":"center center","background-size":"auto","background-attachment":"scroll","background-type":"","background-media":"","overlay-type":"","overlay-color":"","overlay-opacity":"","overlay-gradient":""},"mobile":{"background-color":"","background-image":"","background-repeat":"repeat","background-position":"center center","background-size":"auto","background-attachment":"scroll","background-type":"","background-media":"","overlay-type":"","overlay-color":"","overlay-opacity":"","overlay-gradient":""}},"ast-content-background-meta":{"desktop":{"background-color":"var(--ast-global-color-5)","background-image":"","background-repeat":"repeat","background-position":"center center","background-size":"auto","background-attachment":"scroll","background-type":"","background-media":"","overlay-type":"","overlay-color":"","overlay-opacity":"","overlay-gradient":""},"tablet":{"background-color":"var(--ast-global-color-5)","background-image":"","background-repeat":"repeat","background-position":"center center","background-size":"auto","background-attachment":"scroll","background-type":"","background-media":"","overlay-type":"","overlay-color":"","overlay-opacity":"","overlay-gradient":""},"mobile":{"background-color":"var(--ast-global-color-5)","background-image":"","background-repeat":"repeat","background-position":"center center","background-size":"auto","background-attachment":"scroll","background-type":"","background-media":"","overlay-type":"","overlay-color":"","overlay-opacity":"","overlay-gradient":""}},"footnotes":""},"categories":[2001],"tags":[],"class_list":["post-1316","post","type-post","status-publish","format-standard","hentry","category-sin-categoria"],"aioseo_notices":[],"rttpg_featured_image_url":null,"rttpg_author":{"display_name":"Monica Alexandra Ramirez Guevara","author_link":"https:\/\/www.icesi.edu.co\/blogs\/point\/author\/1144100584\/"},"rttpg_comment":0,"rttpg_category":"<a href=\"https:\/\/www.icesi.edu.co\/blogs\/point\/category\/sin-categoria\/\" rel=\"category tag\">Sin categor\u00eda<\/a>","rttpg_excerpt":"Por: Camila Andrea Casta\u00f1o Castro Mi viaje a Bogot\u00e1, motivado por el Study Tour fue, entre muchas cosas, una experiencia [&hellip;]","_links":{"self":[{"href":"https:\/\/www.icesi.edu.co\/blogs\/point\/wp-json\/wp\/v2\/posts\/1316"}],"collection":[{"href":"https:\/\/www.icesi.edu.co\/blogs\/point\/wp-json\/wp\/v2\/posts"}],"about":[{"href":"https:\/\/www.icesi.edu.co\/blogs\/point\/wp-json\/wp\/v2\/types\/post"}],"author":[{"embeddable":true,"href":"https:\/\/www.icesi.edu.co\/blogs\/point\/wp-json\/wp\/v2\/users\/42165942"}],"replies":[{"embeddable":true,"href":"https:\/\/www.icesi.edu.co\/blogs\/point\/wp-json\/wp\/v2\/comments?post=1316"}],"version-history":[{"count":2,"href":"https:\/\/www.icesi.edu.co\/blogs\/point\/wp-json\/wp\/v2\/posts\/1316\/revisions"}],"predecessor-version":[{"id":1346,"href":"https:\/\/www.icesi.edu.co\/blogs\/point\/wp-json\/wp\/v2\/posts\/1316\/revisions\/1346"}],"wp:attachment":[{"href":"https:\/\/www.icesi.edu.co\/blogs\/point\/wp-json\/wp\/v2\/media?parent=1316"}],"wp:term":[{"taxonomy":"category","embeddable":true,"href":"https:\/\/www.icesi.edu.co\/blogs\/point\/wp-json\/wp\/v2\/categories?post=1316"},{"taxonomy":"post_tag","embeddable":true,"href":"https:\/\/www.icesi.edu.co\/blogs\/point\/wp-json\/wp\/v2\/tags?post=1316"}],"curies":[{"name":"wp","href":"https:\/\/api.w.org\/{rel}","templated":true}]}}