{"id":187,"date":"2019-01-25T16:46:33","date_gmt":"2019-01-25T16:46:33","guid":{"rendered":"http:\/\/www.icesi.edu.co\/blogs\/point\/?p=187"},"modified":"2019-01-25T16:46:33","modified_gmt":"2019-01-25T16:46:33","slug":"corea-del-sur-oportunidades-para-colombia","status":"publish","type":"post","link":"https:\/\/www.icesi.edu.co\/blogs\/point\/2019\/01\/25\/corea-del-sur-oportunidades-para-colombia\/","title":{"rendered":"Corea del Sur: Oportunidades para Colombia"},"content":{"rendered":"<p>Por: Mario Andr\u00e9s Erazo Mosquera<\/p>\n<p><strong>\u00a0<\/strong><\/p>\n<p><strong>Carrillo, Castro, Choo, Creutzfeldt, Gamboa, Montoya\u2026Zuluaga.<\/strong> (2015). <em>Colombia y Corea del Sur: Hacia una asociaci\u00f3n estrat\u00e9gica de cooperaci\u00f3n. <\/em>Bogot\u00e1: Editorial CESA.<\/p>\n<p><em>\u00a0<\/em><\/p>\n<p><em>Colombia y Corea del Sur: Hacia una asociaci\u00f3n estrat\u00e9gica de cooperaci\u00f3n<\/em> est\u00e1 escrito por un grupo de acad\u00e9micos de la Universidad EAFIT y del CESA, se encuentra dividido en nueve cap\u00edtulos y, mediante un lenguaje claro y echando mano de cifras para justificar la informaci\u00f3n, expone la evoluci\u00f3n de los diferentes acuerdos comerciales y las relaciones existentes entre Colombia y Corea del Sur.<\/p>\n<p>A lo largo de los tres primeros cap\u00edtulos se muestra c\u00f3mo las relaciones diplom\u00e1ticas entre Colombia y Corea del Sur transformaron cuando se encontraban a cargo del anterior embajador Choo, quien las hizo pasar de una simple amistad a una asociaci\u00f3n estrat\u00e9gica que se ha venido fortaleciendo con los a\u00f1os. Por otro lado, en los cap\u00edtulos dos y tres, Natalia Ruiz y Benjam\u00edn Creutzfeldt, mediante la narraci\u00f3n de los cambios culturales en los \u00faltimos 70 a\u00f1os, ofrecen una caracterizaci\u00f3n del \u201cconsumidor coreano\u201d.<\/p>\n<p>En los cap\u00edtulos siguientes se tocan otras tem\u00e1ticas importantes. Por ejemplo, se ponen en consideraci\u00f3n los elementos del entorno dentro del cual se desenvuelve Corea y c\u00f3mo ha sido su participaci\u00f3n en la negociaci\u00f3n de los mega acuerdos de la regi\u00f3n del Pac\u00edfico y los primeros tratados comerciales con Am\u00e9rica Latina. Esta explicaci\u00f3n es dada por Camilo Restrepo y Adriana Rold\u00e1n, ambos catedr\u00e1ticos de la Universidad EAFIT, quienes llevan a\u00f1os estudiando estas relaciones de cooperaci\u00f3n e integraci\u00f3n.<\/p>\n<p>De lo anterior se gira a un an\u00e1lisis detallado del TLC acordado entre Corea y Colombia. Se hace \u00e9nfasis en los beneficios, retos y privilegios que \u00e9ste supone para las personas que est\u00e1n interesadas en exportar productos que podr\u00edan llegar a ser de inter\u00e9s para el mercado coreano. As\u00ed mismo, se ocupa de hacer una narraci\u00f3n detallada de las normas, cl\u00e1usulas, concesiones y condiciones que amarran el acuerdo.<\/p>\n<p>Para finalizar, me parece importante recalcar que se trata de un libro muy completo. No s\u00f3lo habla de los posibles beneficios para el desarrollo econ\u00f3mico y social de nuestro pa\u00eds a trav\u00e9s de la IED (Inversi\u00f3n Extranjera Directa), sino que hace un an\u00e1lisis comparativo de este fen\u00f3meno en otros casos de inversi\u00f3n coreana. Adem\u00e1s de eso, cuenta con un aparte donde expertos en TIC, Ingenier\u00eda de Sistemas y modelos de educaci\u00f3n muestran sus perspectivas con respecto a c\u00f3mo este tratado puede traer una mejora para el sistema educativo.<\/p>\n","protected":false},"excerpt":{"rendered":"<p>Por: Mario Andr\u00e9s Erazo Mosquera \u00a0 Carrillo, Castro, Choo, Creutzfeldt, Gamboa, Montoya\u2026Zuluaga. (2015). Colombia y Corea del Sur: Hacia una [&hellip;]<\/p>\n","protected":false},"author":42165648,"featured_media":188,"comment_status":"open","ping_status":"open","sticky":false,"template":"","format":"standard","meta":{"site-sidebar-layout":"default","site-content-layout":"","ast-site-content-layout":"","site-content-style":"default","site-sidebar-style":"default","ast-global-header-display":"","ast-banner-title-visibility":"","ast-main-header-display":"","ast-hfb-above-header-display":"","ast-hfb-below-header-display":"","ast-hfb-mobile-header-display":"","site-post-title":"","ast-breadcrumbs-content":"","ast-featured-img":"","footer-sml-layout":"","theme-transparent-header-meta":"","adv-header-id-meta":"","stick-header-meta":"","header-above-stick-meta":"","header-main-stick-meta":"","header-below-stick-meta":"","astra-migrate-meta-layouts":"default","ast-page-background-enabled":"default","ast-page-background-meta":{"desktop":{"background-color":"var(--ast-global-color-4)","background-image":"","background-repeat":"repeat","background-position":"center center","background-size":"auto","background-attachment":"scroll","background-type":"","background-media":"","overlay-type":"","overlay-color":"","overlay-opacity":"","overlay-gradient":""},"tablet":{"background-color":"","background-image":"","background-repeat":"repeat","background-position":"center center","background-size":"auto","background-attachment":"scroll","background-type":"","background-media":"","overlay-type":"","overlay-color":"","overlay-opacity":"","overlay-gradient":""},"mobile":{"background-color":"","background-image":"","background-repeat":"repeat","background-position":"center center","background-size":"auto","background-attachment":"scroll","background-type":"","background-media":"","overlay-type":"","overlay-color":"","overlay-opacity":"","overlay-gradient":""}},"ast-content-background-meta":{"desktop":{"background-color":"var(--ast-global-color-5)","background-image":"","background-repeat":"repeat","background-position":"center center","background-size":"auto","background-attachment":"scroll","background-type":"","background-media":"","overlay-type":"","overlay-color":"","overlay-opacity":"","overlay-gradient":""},"tablet":{"background-color":"var(--ast-global-color-5)","background-image":"","background-repeat":"repeat","background-position":"center center","background-size":"auto","background-attachment":"scroll","background-type":"","background-media":"","overlay-type":"","overlay-color":"","overlay-opacity":"","overlay-gradient":""},"mobile":{"background-color":"var(--ast-global-color-5)","background-image":"","background-repeat":"repeat","background-position":"center center","background-size":"auto","background-attachment":"scroll","background-type":"","background-media":"","overlay-type":"","overlay-color":"","overlay-opacity":"","overlay-gradient":""}},"footnotes":""},"categories":[2001],"tags":[],"class_list":["post-187","post","type-post","status-publish","format-standard","has-post-thumbnail","hentry","category-sin-categoria"],"aioseo_notices":[],"rttpg_featured_image_url":{"full":["https:\/\/www.icesi.edu.co\/blogs\/point\/files\/2019\/01\/colombia-y-corea-del-sur-hacia-una-asociacion-estrategica-de-cooperacion-e1548434779139.jpg",600,600,false],"landscape":["https:\/\/www.icesi.edu.co\/blogs\/point\/files\/2019\/01\/colombia-y-corea-del-sur-hacia-una-asociacion-estrategica-de-cooperacion-e1548434779139.jpg",600,600,false],"portraits":["https:\/\/www.icesi.edu.co\/blogs\/point\/files\/2019\/01\/colombia-y-corea-del-sur-hacia-una-asociacion-estrategica-de-cooperacion-e1548434779139.jpg",600,600,false],"thumbnail":["https:\/\/www.icesi.edu.co\/blogs\/point\/files\/2019\/01\/colombia-y-corea-del-sur-hacia-una-asociacion-estrategica-de-cooperacion-150x150.jpg",150,150,true],"medium":["https:\/\/www.icesi.edu.co\/blogs\/point\/files\/2019\/01\/colombia-y-corea-del-sur-hacia-una-asociacion-estrategica-de-cooperacion-300x300.jpg",300,300,true],"large":["https:\/\/www.icesi.edu.co\/blogs\/point\/files\/2019\/01\/colombia-y-corea-del-sur-hacia-una-asociacion-estrategica-de-cooperacion-e1548434779139.jpg",600,600,false],"1536x1536":["https:\/\/www.icesi.edu.co\/blogs\/point\/files\/2019\/01\/colombia-y-corea-del-sur-hacia-una-asociacion-estrategica-de-cooperacion-e1548434779139.jpg",600,600,false],"2048x2048":["https:\/\/www.icesi.edu.co\/blogs\/point\/files\/2019\/01\/colombia-y-corea-del-sur-hacia-una-asociacion-estrategica-de-cooperacion-e1548434779139.jpg",600,600,false]},"rttpg_author":{"display_name":"Angela Pinzon Silva","author_link":"https:\/\/www.icesi.edu.co\/blogs\/point\/author\/1075267578\/"},"rttpg_comment":0,"rttpg_category":"<a href=\"https:\/\/www.icesi.edu.co\/blogs\/point\/category\/sin-categoria\/\" rel=\"category tag\">Sin categor\u00eda<\/a>","rttpg_excerpt":"Por: Mario Andr\u00e9s Erazo Mosquera \u00a0 Carrillo, Castro, Choo, Creutzfeldt, Gamboa, Montoya\u2026Zuluaga. (2015). Colombia y Corea del Sur: Hacia una [&hellip;]","_links":{"self":[{"href":"https:\/\/www.icesi.edu.co\/blogs\/point\/wp-json\/wp\/v2\/posts\/187"}],"collection":[{"href":"https:\/\/www.icesi.edu.co\/blogs\/point\/wp-json\/wp\/v2\/posts"}],"about":[{"href":"https:\/\/www.icesi.edu.co\/blogs\/point\/wp-json\/wp\/v2\/types\/post"}],"author":[{"embeddable":true,"href":"https:\/\/www.icesi.edu.co\/blogs\/point\/wp-json\/wp\/v2\/users\/42165648"}],"replies":[{"embeddable":true,"href":"https:\/\/www.icesi.edu.co\/blogs\/point\/wp-json\/wp\/v2\/comments?post=187"}],"version-history":[{"count":1,"href":"https:\/\/www.icesi.edu.co\/blogs\/point\/wp-json\/wp\/v2\/posts\/187\/revisions"}],"predecessor-version":[{"id":189,"href":"https:\/\/www.icesi.edu.co\/blogs\/point\/wp-json\/wp\/v2\/posts\/187\/revisions\/189"}],"wp:featuredmedia":[{"embeddable":true,"href":"https:\/\/www.icesi.edu.co\/blogs\/point\/wp-json\/wp\/v2\/media\/188"}],"wp:attachment":[{"href":"https:\/\/www.icesi.edu.co\/blogs\/point\/wp-json\/wp\/v2\/media?parent=187"}],"wp:term":[{"taxonomy":"category","embeddable":true,"href":"https:\/\/www.icesi.edu.co\/blogs\/point\/wp-json\/wp\/v2\/categories?post=187"},{"taxonomy":"post_tag","embeddable":true,"href":"https:\/\/www.icesi.edu.co\/blogs\/point\/wp-json\/wp\/v2\/tags?post=187"}],"curies":[{"name":"wp","href":"https:\/\/api.w.org\/{rel}","templated":true}]}}