{"id":225,"date":"2019-02-15T16:35:14","date_gmt":"2019-02-15T16:35:14","guid":{"rendered":"http:\/\/www.icesi.edu.co\/blogs\/point\/?p=225"},"modified":"2019-02-15T16:35:14","modified_gmt":"2019-02-15T16:35:14","slug":"nuevas-publicaciones-academicas","status":"publish","type":"post","link":"https:\/\/www.icesi.edu.co\/blogs\/point\/2019\/02\/15\/nuevas-publicaciones-academicas\/","title":{"rendered":"Nuevas publicaciones acad\u00e9micas"},"content":{"rendered":"<p style=\"text-align: center\"><strong>Markus Schultze-Kraft. Crimen Organizado y Orden Pol\u00edtico<\/strong><\/p>\n<p><img decoding=\"async\" class=\"size-full wp-image-226 alignleft\" src=\"http:\/\/www.icesi.edu.co\/blogs\/point\/files\/2019\/02\/Markus.jpg\" alt=\"\" width=\"153\" height=\"216\" \/><\/p>\n<table>\n<tbody>\n<tr>\n<td>El nuevo libro del profesor Markus Reinher Melchior Schultze- Kraft, publicado por la editorial Palgrave. presenta, de manera comprensiva, el nuevo concepto de <em>crimilegality<\/em>, que permite analizar, desde una perspectiva novedosa, la relaci\u00f3n entre lo que se denomina convencionalmente como crimen organizado y el orden pol\u00edtico en el mundo contempor\u00e1neo de los pa\u00edses en v\u00eda de desarrollo. Para ilustrar estos complejos procesos, se usan varios ejemplos de <em>crimilegality<\/em> y gobernanza <em>crimilegal<\/em> en Colombia y Nigeria, incluso en relaci\u00f3n con la terminaci\u00f3n de los conflictos armados. Mayor informaci\u00f3n:<\/td>\n<\/tr>\n<\/tbody>\n<\/table>\n<p style=\"text-align: right\"><a href=\"https:\/\/www.palgrave.com\/us\/book\/9783030034412\">https:\/\/www.palgrave.com\/us\/book\/9783030034412<\/a><\/p>\n<p>&nbsp;<\/p>\n<p style=\"text-align: center\"><strong>Luis Fernando Bar\u00f3n. Empresarios, memorias y guerras<\/strong><\/p>\n<p><strong>\u00a0<\/strong><\/p>\n<p><img fetchpriority=\"high\" decoding=\"async\" class=\"size-medium wp-image-227 alignleft\" src=\"http:\/\/www.icesi.edu.co\/blogs\/point\/files\/2019\/02\/Bar\u00f3n-300x200.png\" alt=\"\" width=\"300\" height=\"200\" \/>Este texto re\u00fane un grupo de relatos con recuerdos de emprendedores y empresarios del Pacifico Colombiano sobre sus experiencias con el conflicto armado y la paz en esta regi\u00f3n. Recoge de manera directa voces y memorias de emprendedores y empresarios y las maneras como en ellas se expresan sus identidades y v\u00ednculos con el Pac\u00edfico; su capacidad para crear y recrear sus vidas y empresas en medio de situaciones cr\u00edticas e inciertas, y las estrategias que han desarrollado para sobrevivir y resistir a las ausencias y las presencias del Estado, al terror, y al dominio territorial de diferentes actores armados y criminales.<\/p>\n<p>M\u00e1s informaci\u00f3n:<\/p>\n<p><a href=\"https:\/\/www.icesi.edu.co\/editorial\/empresarios-memorias-y-guerras\/\">https:\/\/www.icesi.edu.co\/editorial\/empresarios-memorias-y-guerras\/<\/a><\/p>\n<p>&nbsp;<\/p>\n<p style=\"text-align: center\"><strong>Raquel D\u00edaz Bustamante. Cuerpos bioconstruidos: espacios de participaci\u00f3n ciudadana para imaginar y domesticar las corporalidades del ma\u00f1ana<\/strong><\/p>\n<p>&nbsp;<\/p>\n<p><img decoding=\"async\" class=\"size-medium wp-image-228 alignleft\" src=\"http:\/\/www.icesi.edu.co\/blogs\/point\/files\/2019\/02\/Raquel-208x300.jpg\" alt=\"\" width=\"208\" height=\"300\" \/>El presente art\u00edculo analiza las representaciones del futuro que un grupo de j\u00f3venes universitarios construyen a prop\u00f3sito de dos casos de modificaci\u00f3n corporal por el uso de tecnolog\u00edas m\u00e9dicas y rob\u00f3ticas. Para esto, se dise\u00f1\u00f3 un espacio de participaci\u00f3n ciudadana en donde se aplicaron dos t\u00e9cnicas cualitativas prospectivas que permitieron a los participantes compartir sus expectativas y reflexionar sobre dilemas bio\u00e9ticos que pueden emerger por el uso de estas tecnolog\u00edas en un pa\u00eds como Colombia, para el a\u00f1o 2034. Este trabajo busca construir puentes entre la bio\u00e9tica, la antropolog\u00eda y los estudios sociales de la ciencia y la tecnolog\u00eda, con el objetivo de reflexionar sobre el impacto de la implementaci\u00f3n de estas tecnolog\u00edas en la configuraci\u00f3n de los valores morales y categor\u00edas culturales con las que los colombianos interpretar\u00e1n la naturaleza de los cuerpos humanos en el futuro.<\/p>\n<p>&nbsp;<\/p>\n<p>M\u00e1s informaci\u00f3n:<\/p>\n<p><a href=\"https:\/\/www.icesi.edu.co\/revistas\/index.php\/revista_cs\/article\/view\/2699\">https:\/\/www.icesi.edu.co\/revistas\/index.php\/revista_cs\/article\/view\/2699<\/a><\/p>\n","protected":false},"excerpt":{"rendered":"<p>Markus Schultze-Kraft. Crimen Organizado y Orden Pol\u00edtico El nuevo libro del profesor Markus Reinher Melchior Schultze- Kraft, publicado por la [&hellip;]<\/p>\n","protected":false},"author":42165648,"featured_media":0,"comment_status":"open","ping_status":"open","sticky":false,"template":"","format":"standard","meta":{"site-sidebar-layout":"default","site-content-layout":"","ast-site-content-layout":"","site-content-style":"default","site-sidebar-style":"default","ast-global-header-display":"","ast-banner-title-visibility":"","ast-main-header-display":"","ast-hfb-above-header-display":"","ast-hfb-below-header-display":"","ast-hfb-mobile-header-display":"","site-post-title":"","ast-breadcrumbs-content":"","ast-featured-img":"","footer-sml-layout":"","theme-transparent-header-meta":"","adv-header-id-meta":"","stick-header-meta":"","header-above-stick-meta":"","header-main-stick-meta":"","header-below-stick-meta":"","astra-migrate-meta-layouts":"default","ast-page-background-enabled":"default","ast-page-background-meta":{"desktop":{"background-color":"var(--ast-global-color-4)","background-image":"","background-repeat":"repeat","background-position":"center center","background-size":"auto","background-attachment":"scroll","background-type":"","background-media":"","overlay-type":"","overlay-color":"","overlay-opacity":"","overlay-gradient":""},"tablet":{"background-color":"","background-image":"","background-repeat":"repeat","background-position":"center center","background-size":"auto","background-attachment":"scroll","background-type":"","background-media":"","overlay-type":"","overlay-color":"","overlay-opacity":"","overlay-gradient":""},"mobile":{"background-color":"","background-image":"","background-repeat":"repeat","background-position":"center center","background-size":"auto","background-attachment":"scroll","background-type":"","background-media":"","overlay-type":"","overlay-color":"","overlay-opacity":"","overlay-gradient":""}},"ast-content-background-meta":{"desktop":{"background-color":"var(--ast-global-color-5)","background-image":"","background-repeat":"repeat","background-position":"center center","background-size":"auto","background-attachment":"scroll","background-type":"","background-media":"","overlay-type":"","overlay-color":"","overlay-opacity":"","overlay-gradient":""},"tablet":{"background-color":"var(--ast-global-color-5)","background-image":"","background-repeat":"repeat","background-position":"center center","background-size":"auto","background-attachment":"scroll","background-type":"","background-media":"","overlay-type":"","overlay-color":"","overlay-opacity":"","overlay-gradient":""},"mobile":{"background-color":"var(--ast-global-color-5)","background-image":"","background-repeat":"repeat","background-position":"center center","background-size":"auto","background-attachment":"scroll","background-type":"","background-media":"","overlay-type":"","overlay-color":"","overlay-opacity":"","overlay-gradient":""}},"footnotes":""},"categories":[2001],"tags":[],"class_list":["post-225","post","type-post","status-publish","format-standard","hentry","category-sin-categoria"],"aioseo_notices":[],"rttpg_featured_image_url":null,"rttpg_author":{"display_name":"Angela Pinzon Silva","author_link":"https:\/\/www.icesi.edu.co\/blogs\/point\/author\/1075267578\/"},"rttpg_comment":0,"rttpg_category":"<a href=\"https:\/\/www.icesi.edu.co\/blogs\/point\/category\/sin-categoria\/\" rel=\"category tag\">Sin categor\u00eda<\/a>","rttpg_excerpt":"Markus Schultze-Kraft. Crimen Organizado y Orden Pol\u00edtico El nuevo libro del profesor Markus Reinher Melchior Schultze- Kraft, publicado por la [&hellip;]","_links":{"self":[{"href":"https:\/\/www.icesi.edu.co\/blogs\/point\/wp-json\/wp\/v2\/posts\/225"}],"collection":[{"href":"https:\/\/www.icesi.edu.co\/blogs\/point\/wp-json\/wp\/v2\/posts"}],"about":[{"href":"https:\/\/www.icesi.edu.co\/blogs\/point\/wp-json\/wp\/v2\/types\/post"}],"author":[{"embeddable":true,"href":"https:\/\/www.icesi.edu.co\/blogs\/point\/wp-json\/wp\/v2\/users\/42165648"}],"replies":[{"embeddable":true,"href":"https:\/\/www.icesi.edu.co\/blogs\/point\/wp-json\/wp\/v2\/comments?post=225"}],"version-history":[{"count":1,"href":"https:\/\/www.icesi.edu.co\/blogs\/point\/wp-json\/wp\/v2\/posts\/225\/revisions"}],"predecessor-version":[{"id":229,"href":"https:\/\/www.icesi.edu.co\/blogs\/point\/wp-json\/wp\/v2\/posts\/225\/revisions\/229"}],"wp:attachment":[{"href":"https:\/\/www.icesi.edu.co\/blogs\/point\/wp-json\/wp\/v2\/media?parent=225"}],"wp:term":[{"taxonomy":"category","embeddable":true,"href":"https:\/\/www.icesi.edu.co\/blogs\/point\/wp-json\/wp\/v2\/categories?post=225"},{"taxonomy":"post_tag","embeddable":true,"href":"https:\/\/www.icesi.edu.co\/blogs\/point\/wp-json\/wp\/v2\/tags?post=225"}],"curies":[{"name":"wp","href":"https:\/\/api.w.org\/{rel}","templated":true}]}}