{"id":279,"date":"2019-03-15T16:29:48","date_gmt":"2019-03-15T16:29:48","guid":{"rendered":"http:\/\/www.icesi.edu.co\/blogs\/point\/?p=279"},"modified":"2019-03-15T16:29:48","modified_gmt":"2019-03-15T16:29:48","slug":"colombia-y-mexico-dos-hermanos-de-un-mismo-continente","status":"publish","type":"post","link":"https:\/\/www.icesi.edu.co\/blogs\/point\/2019\/03\/15\/colombia-y-mexico-dos-hermanos-de-un-mismo-continente\/","title":{"rendered":"Colombia y M\u00e9xico: dos hermanos de un mismo continente"},"content":{"rendered":"<p style=\"text-align: right\">Por: Antonio Llano<\/p>\n<p>&nbsp;<\/p>\n<p>Castro, H. R. (2000). <em>Colombia y M\u00e9xico: M\u00e1s cerca que distantes<\/em>. Bogot\u00e1, Colombia: Editorial Claro de Luna.<\/p>\n<p>&nbsp;<\/p>\n<p>Rafael Francisco Castro Hern\u00e1ndez es un soci\u00f3logo e historiador colombiano. Trabaja como escritor y ha dedicado gran parte de su carrera a evidenciar c\u00f3mo funcionan las relaciones entre M\u00e9xico y Colombia. Dentro de sus obras m\u00e1s relevantes cabe mencionar <em>Colombia y Mexico, m\u00e1s cerca que distantes. Segundo libro: La mexicanidad.<\/em>\u00a0 Dentro del cual se explica c\u00f3mo la cultura mexicana ha logrado penetrar dentro de la colombiana, creando as\u00ed una serie de similitudes entre las dos naciones.<\/p>\n<p>El libro se encuentra dividido en nueve cap\u00edtulos y una introducci\u00f3n. En ellos se ocupa de lo que \u00e9l llama \u201cla mexicanidad\u201d, que define como una cuesti\u00f3n de identidad mexicana. Tambi\u00e9n asegura que \u00e9ste es un concepto clave para entender c\u00f3mo se han venido construyendo las relaciones entre M\u00e9xico y Colombia. Adem\u00e1s de eso, como un segundo objetivo, el autor habla acerca de c\u00f3mo esta mexicanidad ha logrado penetrar en la cultura colombiana. Asegura que caracter\u00edsticas emblem\u00e1ticas de lo mexicano, como lo son el tequila, los mariachis y algunos de sus artistas y escritores, han sido adoptados tambi\u00e9n en nuestro pa\u00eds. Adem\u00e1s, menciona a la cultura del narcotr\u00e1fico como un componente importante a la hora de entender estos v\u00ednculos.<\/p>\n<p>El libro resulta interesante porque permite entender una serie de elementos que est\u00e1n presentes en la relaci\u00f3n que existe entre ambos pa\u00edses. Por ejemplo, las buenas relaciones que los han llevado a firmar alianzas como la del Pac\u00edfico. El autor asegura que esto se debe a las muchas semejanzas hist\u00f3ricas, sociales y culturales que hay entre ellos.<\/p>\n<p>Ahora bien, lo planteado por Castro Hern\u00e1ndez puede ser abordado desde la teor\u00eda constructivista de las Relaciones Internacionales. Tomando como exponente a Alexander Wendt, quien asegura que la identidad tiene que ver con las expectativas e interpretaciones del &#8220;yo&#8221; -donde el yo no es un sujeto, sino una Naci\u00f3n-; y, teniendo en cuenta que de \u00e9sta se desprenden dos maneras de configurar estas interpretaciones, por un lado la externa (c\u00f3mo el sujeto ve al otro Estado), y la interna (c\u00f3mo el sujeto se ve reflejado dentro de ese Estado). Se puede decir que, si los dos tipos de identidad convergen, ser\u00e1 mucho m\u00e1s factible que exista una buena relaci\u00f3n entre ambos Estados. En el caso de M\u00e9xico y Colombia, como el autor lo demuestra a lo largo del texto, la similitud existente permite que las relaciones sean m\u00e1s f\u00e1ciles de constituir.<\/p>\n<p>En conclusi\u00f3n, el libro <em>Colombia y M\u00e9xico, m\u00e1s cerca que distantes. Segundo libro: La mexicanidad, <\/em>logra mostrar las caracter\u00edsticas similares que hay entre estos dos pa\u00edses. A trav\u00e9s de un an\u00e1lisis de \u201cla mexicanidad\u201d se logran establecer muchas convergencias entre ambas culturas, lo cual ha permitido la construcci\u00f3n de una buena relaci\u00f3n entre ellos. Cabe destacar que esta obra, no s\u00f3lo permite entender la actualidad de estas relaciones, sino que tambi\u00e9n da una perspectiva hist\u00f3rica y social que resulta bastante interesante.<\/p>\n<p>&nbsp;<\/p>\n","protected":false},"excerpt":{"rendered":"<p>Por: Antonio Llano &nbsp; Castro, H. R. (2000). Colombia y M\u00e9xico: M\u00e1s cerca que distantes. Bogot\u00e1, Colombia: Editorial Claro de [&hellip;]<\/p>\n","protected":false},"author":42165648,"featured_media":280,"comment_status":"open","ping_status":"open","sticky":false,"template":"","format":"standard","meta":{"site-sidebar-layout":"default","site-content-layout":"","ast-site-content-layout":"","site-content-style":"default","site-sidebar-style":"default","ast-global-header-display":"","ast-banner-title-visibility":"","ast-main-header-display":"","ast-hfb-above-header-display":"","ast-hfb-below-header-display":"","ast-hfb-mobile-header-display":"","site-post-title":"","ast-breadcrumbs-content":"","ast-featured-img":"","footer-sml-layout":"","theme-transparent-header-meta":"","adv-header-id-meta":"","stick-header-meta":"","header-above-stick-meta":"","header-main-stick-meta":"","header-below-stick-meta":"","astra-migrate-meta-layouts":"default","ast-page-background-enabled":"default","ast-page-background-meta":{"desktop":{"background-color":"var(--ast-global-color-4)","background-image":"","background-repeat":"repeat","background-position":"center center","background-size":"auto","background-attachment":"scroll","background-type":"","background-media":"","overlay-type":"","overlay-color":"","overlay-opacity":"","overlay-gradient":""},"tablet":{"background-color":"","background-image":"","background-repeat":"repeat","background-position":"center center","background-size":"auto","background-attachment":"scroll","background-type":"","background-media":"","overlay-type":"","overlay-color":"","overlay-opacity":"","overlay-gradient":""},"mobile":{"background-color":"","background-image":"","background-repeat":"repeat","background-position":"center center","background-size":"auto","background-attachment":"scroll","background-type":"","background-media":"","overlay-type":"","overlay-color":"","overlay-opacity":"","overlay-gradient":""}},"ast-content-background-meta":{"desktop":{"background-color":"var(--ast-global-color-5)","background-image":"","background-repeat":"repeat","background-position":"center center","background-size":"auto","background-attachment":"scroll","background-type":"","background-media":"","overlay-type":"","overlay-color":"","overlay-opacity":"","overlay-gradient":""},"tablet":{"background-color":"var(--ast-global-color-5)","background-image":"","background-repeat":"repeat","background-position":"center center","background-size":"auto","background-attachment":"scroll","background-type":"","background-media":"","overlay-type":"","overlay-color":"","overlay-opacity":"","overlay-gradient":""},"mobile":{"background-color":"var(--ast-global-color-5)","background-image":"","background-repeat":"repeat","background-position":"center center","background-size":"auto","background-attachment":"scroll","background-type":"","background-media":"","overlay-type":"","overlay-color":"","overlay-opacity":"","overlay-gradient":""}},"footnotes":""},"categories":[2001],"tags":[],"class_list":["post-279","post","type-post","status-publish","format-standard","has-post-thumbnail","hentry","category-sin-categoria"],"aioseo_notices":[],"rttpg_featured_image_url":{"full":["https:\/\/www.icesi.edu.co\/blogs\/point\/files\/2019\/03\/Colombia-y-M\u00e9xico-m\u00e1s-cerca-que-distantes.png",193,260,false],"landscape":["https:\/\/www.icesi.edu.co\/blogs\/point\/files\/2019\/03\/Colombia-y-M\u00e9xico-m\u00e1s-cerca-que-distantes.png",193,260,false],"portraits":["https:\/\/www.icesi.edu.co\/blogs\/point\/files\/2019\/03\/Colombia-y-M\u00e9xico-m\u00e1s-cerca-que-distantes.png",193,260,false],"thumbnail":["https:\/\/www.icesi.edu.co\/blogs\/point\/files\/2019\/03\/Colombia-y-M\u00e9xico-m\u00e1s-cerca-que-distantes-150x150.png",150,150,true],"medium":["https:\/\/www.icesi.edu.co\/blogs\/point\/files\/2019\/03\/Colombia-y-M\u00e9xico-m\u00e1s-cerca-que-distantes.png",193,260,false],"large":["https:\/\/www.icesi.edu.co\/blogs\/point\/files\/2019\/03\/Colombia-y-M\u00e9xico-m\u00e1s-cerca-que-distantes.png",193,260,false],"1536x1536":["https:\/\/www.icesi.edu.co\/blogs\/point\/files\/2019\/03\/Colombia-y-M\u00e9xico-m\u00e1s-cerca-que-distantes.png",193,260,false],"2048x2048":["https:\/\/www.icesi.edu.co\/blogs\/point\/files\/2019\/03\/Colombia-y-M\u00e9xico-m\u00e1s-cerca-que-distantes.png",193,260,false]},"rttpg_author":{"display_name":"Angela Pinzon Silva","author_link":"https:\/\/www.icesi.edu.co\/blogs\/point\/author\/1075267578\/"},"rttpg_comment":0,"rttpg_category":"<a href=\"https:\/\/www.icesi.edu.co\/blogs\/point\/category\/sin-categoria\/\" rel=\"category tag\">Sin categor\u00eda<\/a>","rttpg_excerpt":"Por: Antonio Llano &nbsp; Castro, H. R. (2000). Colombia y M\u00e9xico: M\u00e1s cerca que distantes. Bogot\u00e1, Colombia: Editorial Claro de [&hellip;]","_links":{"self":[{"href":"https:\/\/www.icesi.edu.co\/blogs\/point\/wp-json\/wp\/v2\/posts\/279"}],"collection":[{"href":"https:\/\/www.icesi.edu.co\/blogs\/point\/wp-json\/wp\/v2\/posts"}],"about":[{"href":"https:\/\/www.icesi.edu.co\/blogs\/point\/wp-json\/wp\/v2\/types\/post"}],"author":[{"embeddable":true,"href":"https:\/\/www.icesi.edu.co\/blogs\/point\/wp-json\/wp\/v2\/users\/42165648"}],"replies":[{"embeddable":true,"href":"https:\/\/www.icesi.edu.co\/blogs\/point\/wp-json\/wp\/v2\/comments?post=279"}],"version-history":[{"count":1,"href":"https:\/\/www.icesi.edu.co\/blogs\/point\/wp-json\/wp\/v2\/posts\/279\/revisions"}],"predecessor-version":[{"id":281,"href":"https:\/\/www.icesi.edu.co\/blogs\/point\/wp-json\/wp\/v2\/posts\/279\/revisions\/281"}],"wp:featuredmedia":[{"embeddable":true,"href":"https:\/\/www.icesi.edu.co\/blogs\/point\/wp-json\/wp\/v2\/media\/280"}],"wp:attachment":[{"href":"https:\/\/www.icesi.edu.co\/blogs\/point\/wp-json\/wp\/v2\/media?parent=279"}],"wp:term":[{"taxonomy":"category","embeddable":true,"href":"https:\/\/www.icesi.edu.co\/blogs\/point\/wp-json\/wp\/v2\/categories?post=279"},{"taxonomy":"post_tag","embeddable":true,"href":"https:\/\/www.icesi.edu.co\/blogs\/point\/wp-json\/wp\/v2\/tags?post=279"}],"curies":[{"name":"wp","href":"https:\/\/api.w.org\/{rel}","templated":true}]}}