{"id":532,"date":"2020-10-04T17:29:09","date_gmt":"2020-10-04T17:29:09","guid":{"rendered":"http:\/\/www.icesi.edu.co\/blogs\/point\/?p=532"},"modified":"2020-10-05T19:30:52","modified_gmt":"2020-10-05T19:30:52","slug":"cip-en-medios-de-comunicacion-2","status":"publish","type":"post","link":"https:\/\/www.icesi.edu.co\/blogs\/point\/2020\/10\/04\/cip-en-medios-de-comunicacion-2\/","title":{"rendered":"CIP en medios de comunicaci\u00f3n"},"content":{"rendered":"<p style=\"text-align: center\"><strong>Webinar Internacional \u201c<\/strong><strong>Desorden Mundial de cara a la crisis pol\u00edtica, econ\u00f3mica y social en la pos-pandemia\u201d organizado por la Fundaci\u00f3n Konrad Adenauer.<\/strong><\/p>\n<p><img fetchpriority=\"high\" decoding=\"async\" class=\"size-full wp-image-536 aligncenter\" src=\"http:\/\/www.icesi.edu.co\/blogs\/point\/files\/2020\/10\/Imagen-8.png\" alt=\"\" width=\"379\" height=\"213\" \/><\/p>\n<p>En la primera sesi\u00f3n del webinar organizado por la Fundaci\u00f3n Konrad Adenauer el 29 de septiembre, el profesor Vladimir Rouvinski participo en el Panel 1 \u201cImpactos y mediano plazo del Covid-19 sobre el multilateralismo y el orden mundial liberal\u201d.<\/p>\n<p>Ver en:\u00a0<a href=\"https:\/\/bit.ly\/30Aygbu\">https:\/\/bit.ly\/30Aygbu<\/a><\/p>\n<p style=\"text-align: center\"><strong>Con el secuestro perdimos todos<\/strong><\/p>\n<p><img decoding=\"async\" class=\"size-full wp-image-545 aligncenter\" src=\"http:\/\/www.icesi.edu.co\/blogs\/point\/files\/2020\/10\/Imagen-9.png\" alt=\"\" width=\"446\" height=\"244\" \/><\/p>\n<p>Esta publicaci\u00f3n es producto del apoyo a los di\u00e1logos sobre el secuestro en medio del conflicto armado a la Comisi\u00f3n de la Verdad.En general, se refieren a que las conversaciones de paz dejaron una gran lecci\u00f3n y es que ni las Fuerzas Armadas ni los grupos ilegales ganaron absolutamente nada, por el contrario todos perdieron, desde las instituciones del Estado hasta llegar a la sociedad.<\/p>\n<p>Ver en:\u00a0<a href=\"https:\/\/lasillavacia.com\/silla-llena\/red-de-la-paz\/secuestro-perdimos-todos-77189\">https:\/\/lasillavacia.com\/silla-llena\/red-de-la-paz\/secuestro-perdimos-todos-77189<\/a><\/p>\n","protected":false},"excerpt":{"rendered":"<p>Webinar Internacional \u201cDesorden Mundial de cara a la crisis pol\u00edtica, econ\u00f3mica y social en la pos-pandemia\u201d organizado por la Fundaci\u00f3n [&hellip;]<\/p>\n","protected":false},"author":42165844,"featured_media":0,"comment_status":"open","ping_status":"open","sticky":false,"template":"","format":"standard","meta":{"site-sidebar-layout":"default","site-content-layout":"","ast-site-content-layout":"","site-content-style":"default","site-sidebar-style":"default","ast-global-header-display":"","ast-banner-title-visibility":"","ast-main-header-display":"","ast-hfb-above-header-display":"","ast-hfb-below-header-display":"","ast-hfb-mobile-header-display":"","site-post-title":"","ast-breadcrumbs-content":"","ast-featured-img":"","footer-sml-layout":"","theme-transparent-header-meta":"","adv-header-id-meta":"","stick-header-meta":"","header-above-stick-meta":"","header-main-stick-meta":"","header-below-stick-meta":"","astra-migrate-meta-layouts":"default","ast-page-background-enabled":"default","ast-page-background-meta":{"desktop":{"background-color":"var(--ast-global-color-4)","background-image":"","background-repeat":"repeat","background-position":"center center","background-size":"auto","background-attachment":"scroll","background-type":"","background-media":"","overlay-type":"","overlay-color":"","overlay-opacity":"","overlay-gradient":""},"tablet":{"background-color":"","background-image":"","background-repeat":"repeat","background-position":"center center","background-size":"auto","background-attachment":"scroll","background-type":"","background-media":"","overlay-type":"","overlay-color":"","overlay-opacity":"","overlay-gradient":""},"mobile":{"background-color":"","background-image":"","background-repeat":"repeat","background-position":"center center","background-size":"auto","background-attachment":"scroll","background-type":"","background-media":"","overlay-type":"","overlay-color":"","overlay-opacity":"","overlay-gradient":""}},"ast-content-background-meta":{"desktop":{"background-color":"var(--ast-global-color-5)","background-image":"","background-repeat":"repeat","background-position":"center center","background-size":"auto","background-attachment":"scroll","background-type":"","background-media":"","overlay-type":"","overlay-color":"","overlay-opacity":"","overlay-gradient":""},"tablet":{"background-color":"var(--ast-global-color-5)","background-image":"","background-repeat":"repeat","background-position":"center center","background-size":"auto","background-attachment":"scroll","background-type":"","background-media":"","overlay-type":"","overlay-color":"","overlay-opacity":"","overlay-gradient":""},"mobile":{"background-color":"var(--ast-global-color-5)","background-image":"","background-repeat":"repeat","background-position":"center center","background-size":"auto","background-attachment":"scroll","background-type":"","background-media":"","overlay-type":"","overlay-color":"","overlay-opacity":"","overlay-gradient":""}},"footnotes":""},"categories":[2001],"tags":[],"class_list":["post-532","post","type-post","status-publish","format-standard","hentry","category-sin-categoria"],"aioseo_notices":[],"rttpg_featured_image_url":null,"rttpg_author":{"display_name":"Laura Villegas Buitrago","author_link":"https:\/\/www.icesi.edu.co\/blogs\/point\/author\/1115087059\/"},"rttpg_comment":0,"rttpg_category":"<a href=\"https:\/\/www.icesi.edu.co\/blogs\/point\/category\/sin-categoria\/\" rel=\"category tag\">Sin categor\u00eda<\/a>","rttpg_excerpt":"Webinar Internacional \u201cDesorden Mundial de cara a la crisis pol\u00edtica, econ\u00f3mica y social en la pos-pandemia\u201d organizado por la Fundaci\u00f3n [&hellip;]","_links":{"self":[{"href":"https:\/\/www.icesi.edu.co\/blogs\/point\/wp-json\/wp\/v2\/posts\/532"}],"collection":[{"href":"https:\/\/www.icesi.edu.co\/blogs\/point\/wp-json\/wp\/v2\/posts"}],"about":[{"href":"https:\/\/www.icesi.edu.co\/blogs\/point\/wp-json\/wp\/v2\/types\/post"}],"author":[{"embeddable":true,"href":"https:\/\/www.icesi.edu.co\/blogs\/point\/wp-json\/wp\/v2\/users\/42165844"}],"replies":[{"embeddable":true,"href":"https:\/\/www.icesi.edu.co\/blogs\/point\/wp-json\/wp\/v2\/comments?post=532"}],"version-history":[{"count":2,"href":"https:\/\/www.icesi.edu.co\/blogs\/point\/wp-json\/wp\/v2\/posts\/532\/revisions"}],"predecessor-version":[{"id":595,"href":"https:\/\/www.icesi.edu.co\/blogs\/point\/wp-json\/wp\/v2\/posts\/532\/revisions\/595"}],"wp:attachment":[{"href":"https:\/\/www.icesi.edu.co\/blogs\/point\/wp-json\/wp\/v2\/media?parent=532"}],"wp:term":[{"taxonomy":"category","embeddable":true,"href":"https:\/\/www.icesi.edu.co\/blogs\/point\/wp-json\/wp\/v2\/categories?post=532"},{"taxonomy":"post_tag","embeddable":true,"href":"https:\/\/www.icesi.edu.co\/blogs\/point\/wp-json\/wp\/v2\/tags?post=532"}],"curies":[{"name":"wp","href":"https:\/\/api.w.org\/{rel}","templated":true}]}}