{"id":906,"date":"2022-08-01T15:56:59","date_gmt":"2022-08-01T15:56:59","guid":{"rendered":"http:\/\/www.icesi.edu.co\/blogs\/point\/?p=906"},"modified":"2022-08-01T15:56:59","modified_gmt":"2022-08-01T15:56:59","slug":"galenao-m-sera-este-un-giro-acertado","status":"publish","type":"post","link":"https:\/\/www.icesi.edu.co\/blogs\/point\/2022\/08\/01\/galenao-m-sera-este-un-giro-acertado\/","title":{"rendered":"Galenao, M. &#8211; \u00bfSer\u00e1 este un giro acertado?"},"content":{"rendered":"<p style=\"text-align: center\"><strong>\u00bfSer\u00e1 este un giro acertado?<\/strong><\/p>\n<p>Por: Mar\u00eda Jos\u00e9 Galeano<\/p>\n<p><img fetchpriority=\"high\" decoding=\"async\" class=\"wp-image-907 aligncenter\" src=\"http:\/\/www.icesi.edu.co\/blogs\/point\/files\/2022\/08\/Mar\u00eda-Jos\u00e9-Galeano.jpg\" alt=\"\" width=\"398\" height=\"299\" \/><\/p>\n<p>Las \u00faltimas elecciones presidenciales en varios pa\u00edses latinoamericanos han dado como resultado un giro hacia la izquierda en la regi\u00f3n, lo cual ha despertado una diversidad de reacciones entre sus habitantes. Desde luego, esto ha sido para el agrado de muchos, ya que lo han concebido como una respuesta a las crisis de legitimidad que atravesaban los gobiernos, y a las coyunturas sociales y econ\u00f3micas que ha enfrentado el mundo en los \u00faltimos a\u00f1os. Sin embargo, estos cambios tambi\u00e9n han generado rechazo de parte de la poblaci\u00f3n, pues se cree que posiblemente esto lleve al detrimento de las naciones.<\/p>\n<p>Ahora bien, d\u00edas antes de emprender nuestro viaje hacia el Cono Sur se celebr\u00f3 la segunda vuelta de la elecci\u00f3n presidencial en Colombia que result\u00f3 en la victoria de Gustavo Petro, un economista que ha abanderado la fuerza pol\u00edtica en oposici\u00f3n a los partidos tradicionales. Evidentemente, su campa\u00f1a electoral fue muy pol\u00e9mica, polarizada y estuvo rodeada de muchos mitos, as\u00ed como su triunfo, pues hubo divergencia en las reacciones de los colombianos. Por supuesto, el viaje que se aproximaba nos iba a revelar cu\u00e1l hab\u00eda sido la reacci\u00f3n de la elecci\u00f3n de Petro en pa\u00edses donde se ha dado un giro hacia la izquierda: en Chile con Gabriel Boric y en Argentina con Alberto Fern\u00e1ndez.<\/p>\n<p>Por un lado, desde el primer d\u00eda en Santiago de Chile pude rescatar algunas similitudes con Cali en cuanto a su posici\u00f3n como epicentros de grandes estallidos sociales, donde la poblaci\u00f3n manifest\u00f3 el escaso sentimiento de representaci\u00f3n pol\u00edtica, la baja credibilidad en las instituciones y el cuestionamiento de las agendas de gobierno. Esto fue confirmado por el profesor Luis Oliva, quien nos acompa\u00f1\u00f3 en una caminata y nos cont\u00f3 c\u00f3mo la ciudad enfrent\u00f3 esta situaci\u00f3n y la manera en la que se est\u00e1 recuperando, pues la infraestructura y el tejido social qued\u00f3 bastante afectado. Asimismo, la primera opini\u00f3n que escuch\u00e9 sobre la victoria de Petro fue negativa, ya que esta persona conceb\u00eda que su elecci\u00f3n no fue acertada y que, probablemente, nos llevar\u00eda a un deterioro similar al que, bajo su perspectiva, est\u00e1 Chile.<\/p>\n<p>Igualmente, en nuestra visita a la Universidad Cat\u00f3lica de Chile tuvimos la oportunidad de discutir los retos y oportunidades pol\u00edticas relacionadas con el impacto del estallido social y la nueva Constituci\u00f3n chilena, la cual tiene dividida y en incertidumbre a gran parte de la ciudadan\u00eda. Sin duda, se evidencia una gran preocupaci\u00f3n por el futuro del pa\u00eds.<\/p>\n<p>Por otro lado, la llegada a Buenos Aires tra\u00eda muchas expectativas, pues bastante se habla sobre la coyuntura econ\u00f3mica que est\u00e1n enfrentando y, desde luego, quer\u00eda conocer de primera mano que estaba ocurriendo y saber la opini\u00f3n que ten\u00edan los argentinos de su propio gobierno y el manejo de esta situaci\u00f3n. Me pareci\u00f3 interesante que cada vez que tuve la oportunidad de conversar con un argentino de a pie y le comentaba que era de Colombia, lo primero que hac\u00edan era preguntarme acerca del cambio con Petro. Para muchos era ins\u00f3lito, puesto que no entend\u00edan c\u00f3mo eleg\u00edamos a alguien de izquierda viendo los resultados negativos que han tenido en su naci\u00f3n.<\/p>\n<p>Es evidente que, al igual que en Chile, se est\u00e1 viviendo un ambiente altamente polarizado, en el que el tema pol\u00edtico impera en todas las conversaciones. Sin embargo, me pareci\u00f3 curioso que al trasladarme al \u00e1mbito acad\u00e9mico la percepci\u00f3n cambi\u00f3 un poco. Por ejemplo, en la cena que tuvimos con profesores y estudiantes de la Universidad Cat\u00f3lica Argentina estaban interesados en saber c\u00f3mo est\u00e1bamos enfrentando este cambio en Colombia y cu\u00e1les eran las opiniones de las personas. Adem\u00e1s, les llam\u00f3 la atenci\u00f3n saber sobre la nueva vicepresidenta, Francia M\u00e1rquez. De igual manera, ocurri\u00f3 en el Congreso WISC en un conversatorio sobre Violencia Pol\u00edtica en Am\u00e9rica Latina, donde una de las ponentes le interes\u00f3 nuestra impresi\u00f3n sobre este cambio y lo que podr\u00eda significar para la resoluci\u00f3n de conflictos en varias regiones del pa\u00eds.<\/p>\n<p>Otra visita que me ilustr\u00f3 un poco acerca de este tema fue en el Think Tank de Transparencia Electoral, pues este estuvo presente en el proceso de veedur\u00eda internacional de las elecciones presidenciales, y aqu\u00ed debatimos un poco sobre la confianza en las instituciones y lo que signific\u00f3 la victoria de Petro para los colombianos.<\/p>\n<p>Por \u00faltimo, la visita a la Embajada colombiana nos regres\u00f3 y acerc\u00f3 un poco a casa, ya que logramos conocer c\u00f3mo funcionaba el Ministerio de Relaciones Exteriores y nos comentaron c\u00f3mo se dar\u00eda el empalme con el nuevo gobierno.<\/p>\n<p>Sin duda alguna, el Study Tour Chile\/Argentina me permiti\u00f3 comparar la realidad pol\u00edtica y social de mi pa\u00eds con la de otras naciones de la regi\u00f3n, descubriendo as\u00ed que todos estamos enfrentando momentos de agitaci\u00f3n pol\u00edtica, social y econ\u00f3mica, pero en las que las poblaciones est\u00e1n esperando mejoras y bienestar para toda la sociedad. Desde luego, me hicieron reflexionar si los colombianos tomamos una decisi\u00f3n acertada, pues a\u00fan existe mucho miedo e incertidumbre, pero todas las visitas me demostraron que, si bien compartimos algunas similitudes, somos pa\u00edses con historias, culturas y conflictos diferentes.<\/p>\n<p>Gracias a todos mis compa\u00f1eros que vivieron esta incre\u00edble experiencia junto a m\u00ed, a la Universidad ICESI, a los profesores Vladimir Rouvinski y Juan Pablo Milanese, y a todas las personas que permitieron que este viaje fuese realizado.<\/p>\n<p>&nbsp;<\/p>\n<p>&nbsp;<\/p>\n","protected":false},"excerpt":{"rendered":"<p>\u00bfSer\u00e1 este un giro acertado? Por: Mar\u00eda Jos\u00e9 Galeano Las \u00faltimas elecciones presidenciales en varios pa\u00edses latinoamericanos han dado como [&hellip;]<\/p>\n","protected":false},"author":42165942,"featured_media":0,"comment_status":"open","ping_status":"open","sticky":false,"template":"","format":"standard","meta":{"site-sidebar-layout":"default","site-content-layout":"","ast-site-content-layout":"","site-content-style":"default","site-sidebar-style":"default","ast-global-header-display":"","ast-banner-title-visibility":"","ast-main-header-display":"","ast-hfb-above-header-display":"","ast-hfb-below-header-display":"","ast-hfb-mobile-header-display":"","site-post-title":"","ast-breadcrumbs-content":"","ast-featured-img":"","footer-sml-layout":"","theme-transparent-header-meta":"","adv-header-id-meta":"","stick-header-meta":"","header-above-stick-meta":"","header-main-stick-meta":"","header-below-stick-meta":"","astra-migrate-meta-layouts":"default","ast-page-background-enabled":"default","ast-page-background-meta":{"desktop":{"background-color":"var(--ast-global-color-4)","background-image":"","background-repeat":"repeat","background-position":"center center","background-size":"auto","background-attachment":"scroll","background-type":"","background-media":"","overlay-type":"","overlay-color":"","overlay-opacity":"","overlay-gradient":""},"tablet":{"background-color":"","background-image":"","background-repeat":"repeat","background-position":"center center","background-size":"auto","background-attachment":"scroll","background-type":"","background-media":"","overlay-type":"","overlay-color":"","overlay-opacity":"","overlay-gradient":""},"mobile":{"background-color":"","background-image":"","background-repeat":"repeat","background-position":"center center","background-size":"auto","background-attachment":"scroll","background-type":"","background-media":"","overlay-type":"","overlay-color":"","overlay-opacity":"","overlay-gradient":""}},"ast-content-background-meta":{"desktop":{"background-color":"var(--ast-global-color-5)","background-image":"","background-repeat":"repeat","background-position":"center center","background-size":"auto","background-attachment":"scroll","background-type":"","background-media":"","overlay-type":"","overlay-color":"","overlay-opacity":"","overlay-gradient":""},"tablet":{"background-color":"var(--ast-global-color-5)","background-image":"","background-repeat":"repeat","background-position":"center center","background-size":"auto","background-attachment":"scroll","background-type":"","background-media":"","overlay-type":"","overlay-color":"","overlay-opacity":"","overlay-gradient":""},"mobile":{"background-color":"var(--ast-global-color-5)","background-image":"","background-repeat":"repeat","background-position":"center center","background-size":"auto","background-attachment":"scroll","background-type":"","background-media":"","overlay-type":"","overlay-color":"","overlay-opacity":"","overlay-gradient":""}},"footnotes":""},"categories":[2001],"tags":[],"class_list":["post-906","post","type-post","status-publish","format-standard","hentry","category-sin-categoria"],"aioseo_notices":[],"rttpg_featured_image_url":null,"rttpg_author":{"display_name":"Monica Alexandra Ramirez Guevara","author_link":"https:\/\/www.icesi.edu.co\/blogs\/point\/author\/1144100584\/"},"rttpg_comment":1,"rttpg_category":"<a href=\"https:\/\/www.icesi.edu.co\/blogs\/point\/category\/sin-categoria\/\" rel=\"category tag\">Sin categor\u00eda<\/a>","rttpg_excerpt":"\u00bfSer\u00e1 este un giro acertado? Por: Mar\u00eda Jos\u00e9 Galeano Las \u00faltimas elecciones presidenciales en varios pa\u00edses latinoamericanos han dado como [&hellip;]","_links":{"self":[{"href":"https:\/\/www.icesi.edu.co\/blogs\/point\/wp-json\/wp\/v2\/posts\/906"}],"collection":[{"href":"https:\/\/www.icesi.edu.co\/blogs\/point\/wp-json\/wp\/v2\/posts"}],"about":[{"href":"https:\/\/www.icesi.edu.co\/blogs\/point\/wp-json\/wp\/v2\/types\/post"}],"author":[{"embeddable":true,"href":"https:\/\/www.icesi.edu.co\/blogs\/point\/wp-json\/wp\/v2\/users\/42165942"}],"replies":[{"embeddable":true,"href":"https:\/\/www.icesi.edu.co\/blogs\/point\/wp-json\/wp\/v2\/comments?post=906"}],"version-history":[{"count":1,"href":"https:\/\/www.icesi.edu.co\/blogs\/point\/wp-json\/wp\/v2\/posts\/906\/revisions"}],"predecessor-version":[{"id":908,"href":"https:\/\/www.icesi.edu.co\/blogs\/point\/wp-json\/wp\/v2\/posts\/906\/revisions\/908"}],"wp:attachment":[{"href":"https:\/\/www.icesi.edu.co\/blogs\/point\/wp-json\/wp\/v2\/media?parent=906"}],"wp:term":[{"taxonomy":"category","embeddable":true,"href":"https:\/\/www.icesi.edu.co\/blogs\/point\/wp-json\/wp\/v2\/categories?post=906"},{"taxonomy":"post_tag","embeddable":true,"href":"https:\/\/www.icesi.edu.co\/blogs\/point\/wp-json\/wp\/v2\/tags?post=906"}],"curies":[{"name":"wp","href":"https:\/\/api.w.org\/{rel}","templated":true}]}}