{"id":89,"date":"2024-02-11T00:50:02","date_gmt":"2024-02-11T00:50:02","guid":{"rendered":"http:\/\/www.icesi.edu.co\/blogs\/sirindangodiario\/?p=89"},"modified":"2024-10-30T03:08:58","modified_gmt":"2024-10-30T03:08:58","slug":"compartir-de-experiencia-con-los-hermanos-maories-en-la-universidad-icesi","status":"publish","type":"post","link":"https:\/\/www.icesi.edu.co\/blogs\/sirindangodiario\/2024\/02\/11\/compartir-de-experiencia-con-los-hermanos-maories-en-la-universidad-icesi\/","title":{"rendered":"Compartir de experiencia con los hermanos maor\u00edes \ud83c\udf0f\ud83e\udd1d en la Universidad Icesi \ud83c\udf93 \u2013 Maria Aleidy Chindoy"},"content":{"rendered":"<p>En el mes de enero Daniella Castellanos me hizo la invitaci\u00f3n para participar en un compartir de experiencias en las instalaciones de la Universidad Icesi con los hermanos Ind\u00edgenas Maor\u00edes de Nueva Zelanda.<\/p>\n<p>Se logra hacer el viaje hacia Cali los d\u00edas 04 al 06 de febrero, una experiencia inolvidable para mi vida. Fueron unos d\u00edas de grandes aprendizajes entre todos.<\/p>\n<p>El d\u00eda 04 de enero estuve lista para realizar el viaje hacia Cali con conexi\u00f3n, Villagarz\u00f3n &#8211; Bogot\u00e1 y Bogot\u00e1 &#8211; Cali, durante el viaje disfrut\u00e9 al m\u00e1ximo cada espacio, pues de eso se trata, aprender y seguir fortaleciendo los conocimientos ancestrales.\u00a0 Una vez llegue al aeropuerto de Cali me recogi\u00f3 un taxi. Muy amable el se\u00f1or conductor, me llev\u00f3 al hotel Pance 122 ubicado cerca a la U. Icesi, que por cierto era todo elegante y ten\u00eda servicio de restaurante, me instal\u00e9 en la habitaci\u00f3n 209, espectacular todo. Logr\u00e9 descansar al m\u00e1ximo, pues al siguiente d\u00eda ten\u00eda un espacio amplio de participaci\u00f3n y compartir de nuestros proyectos con los hermanos Maor\u00edes.<\/p>\n<p>D\u00eda 05 de febrero, amaneci\u00f3 lloviendo, agradec\u00ed a Dios por un nuevo d\u00eda de vida y trabajo, segu\u00eda lloviendo, mientras llam\u00e9 a mi madre para saludarla e informarle que todo est\u00e1 bien. Cerca a las 7:30 am baj\u00e9 al restaurante a tomar el desayuno, todo muy saludable. Luego ya me fue a la U Icesi, pues era primera vez en esas instalaciones, me sent\u00eda rara ah\u00ed en el espacio, pues al ser una U. Privada lleva a pensar diferentes conceptos de los estudiantes y en general. Resalto la entrega de la profe Daniella, quien siempre estuvo pendiente para que todo salga bien, ella sali\u00f3 a recogerme en la porter\u00eda 3 de la universidad, me sent\u00ed feliz de volverla a ver, es una gran persona, una gran profesional y lo que inspira es aprender cada d\u00eda de ella. Me llev\u00f3 a la oficina de para dejar las cosas que ten\u00edamos para presentar en horas de la tarde, ah\u00ed conoc\u00ed a Yuli, alumna de Danielita muy cordial, muy querida y atenta. Primeramente, me ofrecieron bebida caliente por la lluvia que hac\u00eda, luego un buzo o abrigo para cubrir el fr\u00edo, pero sent\u00eda que iba a tapar mi traje, lo que en realidad iba a mostrar es mi identidad, que a\u00fan tenemos viva nuestra cultura por medio de la vestimenta.<\/p>\n<p>Realizamos un peque\u00f1o recorrido por las instalaciones de la universidad, Danielita muy querida, me present\u00f3 casi a todo sus compa\u00f1eros de trabajo, incluyendo al jefe. Conoc\u00ed al profe Robin en personal, muy amable y atento, estaba haciendo el recorrido con otros hermanos ind\u00edgenas visitantes, de igual manera conoc\u00ed a Sergio, un joven super alto, muy querido y atento con los visitantes. Acompa\u00f1\u00e9\u00a0un rato el recorrido por la U, luego ten\u00eda que grabar el audio en lengua Inga de los acuerdos que surgieron en la salida de campo en territorio. Me llevaron al lugar de grabaciones para realizar el respectivo trabajo, sent\u00eda nervios, pues nunca hab\u00eda hecho eso.<\/p>\n<p><img fetchpriority=\"high\" decoding=\"async\" class=\"wp-image-90 size-medium aligncenter\" src=\"http:\/\/www.icesi.edu.co\/blogs\/sirindangodiario\/files\/2024\/02\/WhatsApp-Image-2024-02-09-at-11.23.01-300x169.jpeg\" alt=\"\" width=\"300\" height=\"169\" \/><\/p>\n<p>Podemos apreciar el espacio de grabaci\u00f3n acompa\u00f1ado por los profesionales competentes, estaba alrededor de 2 horas aproximadamente, se grabaron los audios por partes, luego Felipe Ca\u00f1\u00f3n, un joven estudiante, se encarg\u00f3 de editar y hacer el trabajo respectivo, una vez est\u00e9 listo lo comparte a Lina.<\/p>\n<p>Seguidamente, Sergio me lleva al sal\u00f3n donde estaban reunidos todos los visitantes, llegue y estaba perdida, pues en su gran mayor\u00eda hablaba en Ingl\u00e9s, no entend\u00eda nada.\u00a0 Hab\u00eda diferentes dialectos, diferentes pueblos ind\u00edgenas de Colombia y de otro pa\u00eds, todo era nuevo para m\u00ed. Casi siempre trataban de traducir al espa\u00f1ol, pero igual no es lo mismo captar desde el primer idioma que se hable.<\/p>\n<p>Fue super interesante el espacio, y se llega la hora del almuerzo, fuimos todos a almorzar en un peque\u00f1o restaurante de la U, minutos antes ya ten\u00eda comunicaci\u00f3n con la profe Carolina para poder vernos y compartir. Llega al lugar y muy querida nos saludamos y logramos acordar para vernos en 15 minutos.\u00a0 Compartimos todos el almuerzo, y casi siempre la comunicaci\u00f3n entre ellos era en ingl\u00e9s. \u00a1Logramos compartir con la profe Caro!, un hermoso recorrido por las instalaciones del campus universitario, y junto a este caminar un compartir de paleta de helado de mango viche con sal, deliciosas por cierto. Fuimos hasta las instalaciones del laboratorio de bioqu\u00edmica y plantas piloto de transformaci\u00f3n e investigaci\u00f3n de los productos.<\/p>\n<p><img decoding=\"async\" class=\"size-medium wp-image-91 aligncenter\" src=\"http:\/\/www.icesi.edu.co\/blogs\/sirindangodiario\/files\/2024\/02\/WhatsApp-Image-2024-02-09-at-11.53.39-300x169.jpeg\" alt=\"\" width=\"300\" height=\"169\" \/><\/p>\n<p>En el transcurso de la tarde realizamos junto con Danielita la presentaci\u00f3n y socializaci\u00f3n del resguardo inga Condagua, de la asociaci\u00f3n Iuiai Wasi y del proyecto orqu\u00eddeas. En este espacio estuvimos los 5 hermanos ind\u00edgenas Maor\u00edes de Nueva Zelanda y los monitores de la profe, yo hac\u00eda la socializaci\u00f3n en espa\u00f1ol y Danielita traduce al ingl\u00e9s para que puedan comprender. Ellos estuvieron muy atentos en la exposici\u00f3n, preguntaban y participaban en el espacio, luego realizamos una pr\u00e1ctica de demostraci\u00f3n de oficio artesanal que entre todos elaboramos una pieza artesanal de acuerdo a su estilo, unos hicieron manillas, otros collares y en fin trabajamos bajo las semillas del Sirindango. Me encant\u00f3 esta experiencia y m\u00e1s con diferentes hermanos ind\u00edgenas, en agradecimiento ellos me dieron unos detalles muy significativos que me lleno de alegr\u00eda y llanto a la vez, pues fue tan \u00fanico que no pod\u00eda describir la felicidad del compartir.<\/p>\n<p><img decoding=\"async\" class=\"wp-image-92 aligncenter\" src=\"http:\/\/www.icesi.edu.co\/blogs\/sirindangodiario\/files\/2024\/02\/WhatsApp-Image-2024-02-05-at-21.02.34-300x169.jpeg\" alt=\"\" width=\"325\" height=\"183\" \/> <img loading=\"lazy\" decoding=\"async\" class=\"wp-image-93 aligncenter\" src=\"http:\/\/www.icesi.edu.co\/blogs\/sirindangodiario\/files\/2024\/02\/WhatsApp-Image-2024-02-05-at-21.02.35-300x225.jpeg\" alt=\"\" width=\"244\" height=\"183\" \/><\/p>\n<p style=\"text-align: center\">(Los hermanos Maor\u00edes visten de polo gris)<\/p>\n<p>En horas de la noche conoc\u00ed la casa de Danielita y a su familia, muy queridos. Compartimos por varias horas en su hogar, una peque\u00f1a cena, una arom\u00e1tica y un espacio muy agradable para conocernos.<\/p>\n<p>Fue una de las mejores experiencias de mi vida, agradezco a Dios por permitir estos espacios de encuentros y gracias a Danielita por estar siempre presente.<\/p>\n\n\n<p>Agradecemos sinceramente a cada uno de ustedes por acompa\u00f1arnos en este recorrido a trav\u00e9s de nuestras vivencias con los hermanos maor\u00edes en la Universidad Icesi. Este encuentro nos ha enriquecido profundamente, record\u00e1ndonos la belleza de la diversidad y la importancia de las conexiones que forjamos en nuestro camino. Cada historia compartida y cada aprendizaje adquirido son pasos hacia un futuro m\u00e1s lleno de paz y entendimiento.<\/p>\n\n\n\n<p>Les invitamos a seguir explorando con nosotros. En nuestra pr\u00f3xima entrada, \u201cTejiendo el Proyecto\u201d, profundizaremos en el diario de campo colaborativo que estamos desarrollando dentro del Proyecto Semillas de Paz. Abordaremos c\u00f3mo esta metodolog\u00eda nos ha permitido entrelazar experiencias y conocimientos, mientras trabajamos con la antrop\u00f3loga Catalina Cortes Severino y exploramos las pr\u00e1cticas de cuidado en nuestra comunidad.<\/p>\n\n\n\n<p><a href=\"https:\/\/www.icesi.edu.co\/blogs\/sirindangodiario\/2024\/08\/06\/tejiendo-el-proyecto%f0%9f%a7%b6-el-blog-de-semillas-de-paz-%f0%9f%8c%b1\/\" title=\"\">Haz click aqu\u00ed para ir a la siguiente entrada<\/a>.<\/p>\n","protected":false},"excerpt":{"rendered":"<p>En el mes de enero Daniella Castellanos me hizo la invitaci\u00f3n para participar en un compartir de experiencias en las instalaciones de la Universidad Icesi con los hermanos Ind\u00edgenas Maor\u00edes de Nueva Zelanda. Se logra hacer el viaje hacia Cali<\/p>\n","protected":false},"author":42166054,"featured_media":171,"comment_status":"open","ping_status":"open","sticky":false,"template":"","format":"standard","meta":{"footnotes":""},"categories":[58493,58488],"tags":[],"class_list":["post-89","post","type-post","status-publish","format-standard","has-post-thumbnail","hentry","category-comunicaciones-y-relaciones","category-memorias-del-proyecto"],"aioseo_notices":[],"rttpg_featured_image_url":{"full":["https:\/\/www.icesi.edu.co\/blogs\/sirindangodiario\/files\/2024\/02\/IMG_2817.jpeg",3024,2757,false],"landscape":["https:\/\/www.icesi.edu.co\/blogs\/sirindangodiario\/files\/2024\/02\/IMG_2817.jpeg",3024,2757,false],"portraits":["https:\/\/www.icesi.edu.co\/blogs\/sirindangodiario\/files\/2024\/02\/IMG_2817.jpeg",3024,2757,false],"thumbnail":["https:\/\/www.icesi.edu.co\/blogs\/sirindangodiario\/files\/2024\/02\/IMG_2817-420x383.jpeg",420,383,true],"medium":["https:\/\/www.icesi.edu.co\/blogs\/sirindangodiario\/files\/2024\/02\/IMG_2817-744x678.jpeg",744,678,true],"large":["https:\/\/www.icesi.edu.co\/blogs\/sirindangodiario\/files\/2024\/02\/IMG_2817-1200x1094.jpeg",750,684,true],"1536x1536":["https:\/\/www.icesi.edu.co\/blogs\/sirindangodiario\/files\/2024\/02\/IMG_2817.jpeg",1536,1400,false],"2048x2048":["https:\/\/www.icesi.edu.co\/blogs\/sirindangodiario\/files\/2024\/02\/IMG_2817.jpeg",2048,1867,false],"featured-blog-large":["https:\/\/www.icesi.edu.co\/blogs\/sirindangodiario\/files\/2024\/02\/IMG_2817.jpeg",384,350,false],"featured-blog-medium":["https:\/\/www.icesi.edu.co\/blogs\/sirindangodiario\/files\/2024\/02\/IMG_2817.jpeg",270,246,false],"featured":["https:\/\/www.icesi.edu.co\/blogs\/sirindangodiario\/files\/2024\/02\/IMG_2817.jpeg",329,300,false],"featured-blog-medium-small":["https:\/\/www.icesi.edu.co\/blogs\/sirindangodiario\/files\/2024\/02\/IMG_2817.jpeg",230,210,false]},"rttpg_author":{"display_name":"MARIA ALEIDY CHINDOY JANSASOY","author_link":"https:\/\/www.icesi.edu.co\/blogs\/sirindangodiario\/author\/1124865719\/"},"rttpg_comment":1,"rttpg_category":"<a href=\"https:\/\/www.icesi.edu.co\/blogs\/sirindangodiario\/category\/comunicaciones-y-relaciones\/\" rel=\"category tag\">Comunicaciones y relaciones<\/a> <a href=\"https:\/\/www.icesi.edu.co\/blogs\/sirindangodiario\/category\/memorias-del-proyecto\/\" rel=\"category tag\">Memorias del proyecto<\/a>","rttpg_excerpt":"En el mes de enero Daniella Castellanos me hizo la invitaci\u00f3n para participar en un compartir de experiencias en las instalaciones de la Universidad Icesi con los hermanos Ind\u00edgenas Maor\u00edes de Nueva Zelanda. Se logra hacer el viaje hacia Cali","_links":{"self":[{"href":"https:\/\/www.icesi.edu.co\/blogs\/sirindangodiario\/wp-json\/wp\/v2\/posts\/89"}],"collection":[{"href":"https:\/\/www.icesi.edu.co\/blogs\/sirindangodiario\/wp-json\/wp\/v2\/posts"}],"about":[{"href":"https:\/\/www.icesi.edu.co\/blogs\/sirindangodiario\/wp-json\/wp\/v2\/types\/post"}],"author":[{"embeddable":true,"href":"https:\/\/www.icesi.edu.co\/blogs\/sirindangodiario\/wp-json\/wp\/v2\/users\/42166054"}],"replies":[{"embeddable":true,"href":"https:\/\/www.icesi.edu.co\/blogs\/sirindangodiario\/wp-json\/wp\/v2\/comments?post=89"}],"version-history":[{"count":7,"href":"https:\/\/www.icesi.edu.co\/blogs\/sirindangodiario\/wp-json\/wp\/v2\/posts\/89\/revisions"}],"predecessor-version":[{"id":547,"href":"https:\/\/www.icesi.edu.co\/blogs\/sirindangodiario\/wp-json\/wp\/v2\/posts\/89\/revisions\/547"}],"wp:featuredmedia":[{"embeddable":true,"href":"https:\/\/www.icesi.edu.co\/blogs\/sirindangodiario\/wp-json\/wp\/v2\/media\/171"}],"wp:attachment":[{"href":"https:\/\/www.icesi.edu.co\/blogs\/sirindangodiario\/wp-json\/wp\/v2\/media?parent=89"}],"wp:term":[{"taxonomy":"category","embeddable":true,"href":"https:\/\/www.icesi.edu.co\/blogs\/sirindangodiario\/wp-json\/wp\/v2\/categories?post=89"},{"taxonomy":"post_tag","embeddable":true,"href":"https:\/\/www.icesi.edu.co\/blogs\/sirindangodiario\/wp-json\/wp\/v2\/tags?post=89"}],"curies":[{"name":"wp","href":"https:\/\/api.w.org\/{rel}","templated":true}]}}