{"id":22,"date":"2007-11-13T15:57:15","date_gmt":"2007-11-13T20:57:15","guid":{"rendered":"http:\/\/www.icesi.edu.co\/blogs\/teorema\/2007\/11\/13\/deus-e-o-diabo-na-terra-do-sol-teorema-nov-16\/"},"modified":"2008-04-14T10:42:38","modified_gmt":"2008-04-14T15:42:38","slug":"deus-e-o-diabo-na-terra-do-sol-teorema-nov-16","status":"publish","type":"post","link":"https:\/\/www.icesi.edu.co\/blogs\/teorema\/2007\/11\/13\/deus-e-o-diabo-na-terra-do-sol-teorema-nov-16\/","title":{"rendered":"Deus e o Diabo na Terra do Sol- Teorema Nov 16"},"content":{"rendered":"<p><a href=\"http:\/\/cineforoteorema.files.wordpress.com\/2007\/11\/007401.jpg\" title=\"007401.jpg\"><\/a><\/p>\n<p><a href=\"http:\/\/cineforoteorema.files.wordpress.com\/2007\/11\/007401.jpg\" title=\"007401.jpg\"><img decoding=\"async\" src=\"http:\/\/cineforoteorema.files.wordpress.com\/2007\/11\/007401.jpg\" alt=\"007401.jpg\" \/><\/a><\/p>\n<p>T\u00edtulo en espa\u00f1ol: <em>Dios o diablo en la tierra del sol.<\/em><\/p>\n<p>La pel\u00edcula se desarrolla en los a\u00f1os 40 y narra la historia de Manuel (Geraldo del Rey) un vaquero que, cansado del maltrato que recibe de manos de su patr\u00f3n, lo mata y huye con su esposa Rosa. Pr\u00f3fugos de la justicia, Manuel y Rosa recorren las bald\u00edas tierras norte\u00f1as combatiendo el terror f\u00edsico y espiritual que parece haber pose\u00eddo el pa\u00eds. Dirigida por <a href=\"http:\/\/www.epdlp.com\/director.php?id=899\">Glauber Rocha<\/a> y considerada por muchos como la pel\u00edcula mas importante del cine brasilero, <a href=\"http:\/\/www.miradas.net\/2006\/n53\/estudio\/deuseodiabo.html\"><em>Deus e o Diabo na Terra do Sol<\/em><\/a> (1964), es una hermosa exploraci\u00f3n del contexto pol\u00edtico y social de su pa\u00eds.<\/p>\n<p><embed src=\"http:\/\/www.youtube.com\/v\/b6iFFsX99vM&amp;hl=en\" type=\"application\/x-shockwave-flash\" wmode=\"transparent\" height=\"355\" width=\"425\"><\/embed><\/p>\n","protected":false},"excerpt":{"rendered":"<p>T\u00edtulo en espa\u00f1ol: Dios o diablo en la tierra del sol. La pel\u00edcula se desarrolla en los a\u00f1os 40 y&hellip;<\/p>\n","protected":false},"author":7,"featured_media":0,"comment_status":"open","ping_status":"open","sticky":false,"template":"","format":"standard","meta":{"footnotes":""},"categories":[78],"tags":[],"class_list":["post-22","post","type-post","status-publish","format-standard","hentry","category-el-otro-el-mismo"],"aioseo_notices":[],"rttpg_featured_image_url":null,"rttpg_author":{"display_name":"margarita","author_link":"https:\/\/www.icesi.edu.co\/blogs\/teorema\/author\/66923096\/"},"rttpg_comment":1,"rttpg_category":"<a href=\"https:\/\/www.icesi.edu.co\/blogs\/teorema\/category\/el-otro-el-mismo\/\" rel=\"category tag\">el otro - el mismo<\/a>","rttpg_excerpt":"T\u00edtulo en espa\u00f1ol: Dios o diablo en la tierra del sol. La pel\u00edcula se desarrolla en los a\u00f1os 40 y&hellip;","_links":{"self":[{"href":"https:\/\/www.icesi.edu.co\/blogs\/teorema\/wp-json\/wp\/v2\/posts\/22"}],"collection":[{"href":"https:\/\/www.icesi.edu.co\/blogs\/teorema\/wp-json\/wp\/v2\/posts"}],"about":[{"href":"https:\/\/www.icesi.edu.co\/blogs\/teorema\/wp-json\/wp\/v2\/types\/post"}],"author":[{"embeddable":true,"href":"https:\/\/www.icesi.edu.co\/blogs\/teorema\/wp-json\/wp\/v2\/users\/7"}],"replies":[{"embeddable":true,"href":"https:\/\/www.icesi.edu.co\/blogs\/teorema\/wp-json\/wp\/v2\/comments?post=22"}],"version-history":[{"count":0,"href":"https:\/\/www.icesi.edu.co\/blogs\/teorema\/wp-json\/wp\/v2\/posts\/22\/revisions"}],"wp:attachment":[{"href":"https:\/\/www.icesi.edu.co\/blogs\/teorema\/wp-json\/wp\/v2\/media?parent=22"}],"wp:term":[{"taxonomy":"category","embeddable":true,"href":"https:\/\/www.icesi.edu.co\/blogs\/teorema\/wp-json\/wp\/v2\/categories?post=22"},{"taxonomy":"post_tag","embeddable":true,"href":"https:\/\/www.icesi.edu.co\/blogs\/teorema\/wp-json\/wp\/v2\/tags?post=22"}],"curies":[{"name":"wp","href":"https:\/\/api.w.org\/{rel}","templated":true}]}}