{"id":38,"date":"2008-08-12T11:23:37","date_gmt":"2008-08-12T16:23:37","guid":{"rendered":"http:\/\/www.icesi.edu.co\/blogs\/teorema\/2008\/08\/12\/anime\/"},"modified":"2008-09-19T10:34:27","modified_gmt":"2008-09-19T15:34:27","slug":"anime","status":"publish","type":"post","link":"https:\/\/www.icesi.edu.co\/blogs\/teorema\/2008\/08\/12\/anime\/","title":{"rendered":"Anime!!"},"content":{"rendered":"<p><a href=\"http:\/\/www.icesi.edu.co\/blogs\/teorema\/files\/2008\/08\/akira.JPG\" title=\"akira.JPG\"><\/a><\/p>\n<p align=\"center\"><a href=\"http:\/\/www.icesi.edu.co\/blogs\/teorema\/files\/2008\/08\/akira.JPG\" title=\"akira.JPG\"><img decoding=\"async\" src=\"http:\/\/www.icesi.edu.co\/blogs\/teorema\/files\/2008\/08\/akira.JPG\" alt=\"akira.JPG\" \/><\/a><\/p>\n<p>El viernes 15 de Agosto empieza el cine foro Teorema con <a href=\"http:\/\/www.guiadelcomic.com\/comics\/akira.htm\">Akira<\/a>, el largometraje de animaci\u00f3n japonesa dirigida por <a href=\"http:\/\/www.imdb.com\/name\/nm0960028\/\">Katsuhiro Otomo<\/a>. <a href=\"http:\/\/www.icesi.edu.co\/blogs\/teorema\/anime\/\">El tema del cine foro<\/a> para este semestre es justamente el <a href=\"http:\/\/es.wikipedia.org\/wiki\/Anime\">anime<\/a>, que es como se le llama a la animaci\u00f3n que se hace en Jap\u00f3n o que se hace siguiendo la est\u00e9tica japonesa.<\/p>\n<p><a href=\"http:\/\/www.guiadelcomic.com\/comics\/akira.htm\">Akira<\/a>, basado en el <a href=\"http:\/\/es.wikipedia.org\/wiki\/Manga\">manga<\/a> del mismo nombre, es tal vez uno de los largos mas reconocidos en el anime.<\/p>\n<p>Los esperamos \u00e9ste, y <a href=\"http:\/\/www.icesi.edu.co\/blogs\/teorema\/anime\/\">todos los viernes<\/a>, de 2 a 5PM en el Auditorio 6.<\/p>\n<p><embed wmode=\"transparent\" height=\"355\" width=\"425\" src=\"http:\/\/www.youtube.com\/v\/cGXL-6Jv1pw\"><\/embed><\/p>\n","protected":false},"excerpt":{"rendered":"<p>El viernes 15 de Agosto empieza el cine foro Teorema con Akira, el largometraje de animaci\u00f3n japonesa dirigida por Katsuhiro&hellip;<\/p>\n","protected":false},"author":7,"featured_media":0,"comment_status":"open","ping_status":"open","sticky":false,"template":"","format":"standard","meta":{"footnotes":""},"categories":[101],"tags":[],"class_list":["post-38","post","type-post","status-publish","format-standard","hentry","category-anime"],"aioseo_notices":[],"rttpg_featured_image_url":null,"rttpg_author":{"display_name":"margarita","author_link":"https:\/\/www.icesi.edu.co\/blogs\/teorema\/author\/66923096\/"},"rttpg_comment":2,"rttpg_category":"<a href=\"https:\/\/www.icesi.edu.co\/blogs\/teorema\/category\/anime\/\" rel=\"category tag\">anime<\/a>","rttpg_excerpt":"El viernes 15 de Agosto empieza el cine foro Teorema con Akira, el largometraje de animaci\u00f3n japonesa dirigida por Katsuhiro&hellip;","_links":{"self":[{"href":"https:\/\/www.icesi.edu.co\/blogs\/teorema\/wp-json\/wp\/v2\/posts\/38"}],"collection":[{"href":"https:\/\/www.icesi.edu.co\/blogs\/teorema\/wp-json\/wp\/v2\/posts"}],"about":[{"href":"https:\/\/www.icesi.edu.co\/blogs\/teorema\/wp-json\/wp\/v2\/types\/post"}],"author":[{"embeddable":true,"href":"https:\/\/www.icesi.edu.co\/blogs\/teorema\/wp-json\/wp\/v2\/users\/7"}],"replies":[{"embeddable":true,"href":"https:\/\/www.icesi.edu.co\/blogs\/teorema\/wp-json\/wp\/v2\/comments?post=38"}],"version-history":[{"count":0,"href":"https:\/\/www.icesi.edu.co\/blogs\/teorema\/wp-json\/wp\/v2\/posts\/38\/revisions"}],"wp:attachment":[{"href":"https:\/\/www.icesi.edu.co\/blogs\/teorema\/wp-json\/wp\/v2\/media?parent=38"}],"wp:term":[{"taxonomy":"category","embeddable":true,"href":"https:\/\/www.icesi.edu.co\/blogs\/teorema\/wp-json\/wp\/v2\/categories?post=38"},{"taxonomy":"post_tag","embeddable":true,"href":"https:\/\/www.icesi.edu.co\/blogs\/teorema\/wp-json\/wp\/v2\/tags?post=38"}],"curies":[{"name":"wp","href":"https:\/\/api.w.org\/{rel}","templated":true}]}}