{"id":887,"date":"2014-11-06T11:30:40","date_gmt":"2014-11-06T16:30:40","guid":{"rendered":"http:\/\/www.icesi.edu.co\/blogs\/teorema\/?p=887"},"modified":"2014-11-06T11:30:40","modified_gmt":"2014-11-06T16:30:40","slug":"el-viento-se-levanta-miyazaki-2013","status":"publish","type":"post","link":"https:\/\/www.icesi.edu.co\/blogs\/teorema\/2014\/11\/06\/el-viento-se-levanta-miyazaki-2013\/","title":{"rendered":"El viento se levanta (Miyazaki, 2013)"},"content":{"rendered":"<p><strong>Ultima peli de este ciclo de cine japon\u00e9s! El viento se levanta (Kaze tachinu, en ingl\u00e9s The Wind Rises) es la \u00faltima pelicula\u00a0del director japon\u00e9s Miyasaki, conocido por exitosas producciones como EL viaje de Chihiro, Ponyo, El castillo ambulante y Mi vecino Totoro. Nos vemos el miercoles 12 de noviembre de 12 a 2pm en el auditorio Delima. No te lo pierdas!!<\/strong><\/p>\n<p><em><strong><img fetchpriority=\"high\" decoding=\"async\" class=\"alignnone size-medium wp-image-888\" src=\"http:\/\/www.icesi.edu.co\/blogs\/teorema\/files\/2014\/11\/Kaze-Tachinu-300x300.jpg\" alt=\"Kaze-Tachinu\" width=\"300\" height=\"300\" \/><\/strong><\/em><\/p>\n<p><em><strong>Sinop<\/strong><strong>sis<\/strong><strong>:<\/strong><\/em> Jiro, que sue\u00f1a con volar y dise\u00f1ar hermosos aviones, se inspira en el famoso dise\u00f1ador aeron\u00e1utico italiano Caproni. Corto de vista desde ni\u00f1o y por ello incapaz de volar, se une a la divisi\u00f3n aeron\u00e1utica de una compa\u00f1\u00eda de ingenier\u00eda en 1927. Su genio pronto es reconocido y se convierte en uno de los m\u00e1s prestigiosos dise\u00f1adores aeron\u00e1uticos. Film biogr\u00e1fico que recrea hechos hist\u00f3ricos que marcaron su vida, como el terremoto de Kanto de 1923, la Gran Depresi\u00f3n, la epidemia de tuberculosis y la entrada de Jap\u00f3n en la Segunda Guerra Mundial. (FILMAFFINITY)<\/p>\n<p><strong>Duraci\u00f3n:<\/strong> 125 minutos.<\/p>\n<p><strong>Director y Guionista<\/strong>: Hayao Miyazaki<\/p>\n<p><strong>Musica:<\/strong>\u00a0Joe Hisaishi<\/p>\n<p><strong>Fotograf\u00eda:<\/strong>\u00a0Atsushi Okui<\/p>\n<p><strong>Reparto:<\/strong> Animaci\u00f3n<\/p>\n<p><strong>Premios<\/strong><\/p>\n<div class=\"margin-bottom\"><a style=\"color: #326e9c\" href=\"http:\/\/www.filmaffinity.com\/es\/awards.php?award_id=academy_awards&amp;year=2014\">2013<\/a>: Premios Oscar: Nominada a Mejor pel\u00edcula de animaci\u00f3n<\/div>\n<div class=\"margin-bottom\"><a style=\"color: #326e9c\" href=\"http:\/\/www.filmaffinity.com\/es\/awards.php?award_id=goldenglobes&amp;year=2014\">2013<\/a>: Globos de Oro: Nominada a mejor pel\u00edcula extranjera<\/div>\n<div class=\"margin-bottom\"><a style=\"color: #326e9c\" href=\"http:\/\/www.filmaffinity.com\/es\/awards.php?award_id=nbr&amp;year=2013\">2013<\/a>: National Board of Review (NBR): Mejor pel\u00edcula de animaci\u00f3n<\/div>\n<div class=\"margin-bottom\"><a style=\"color: #326e9c\" href=\"http:\/\/www.filmaffinity.com\/es\/awards.php?award_id=nyfcc&amp;year=2013\">2013<\/a>: C\u00edrculo de Cr\u00edticos de Nueva York: Mejor pel\u00edcula de animaci\u00f3n<\/div>\n<div class=\"margin-bottom\"><a style=\"color: #326e9c\" href=\"http:\/\/www.filmaffinity.com\/es\/awards.php?award_id=chicago&amp;year=2013\">2013<\/a>: Cr\u00edticos de Chicago: Mejor pel\u00edcula de animaci\u00f3n<\/div>\n<div class=\"margin-bottom\"><a style=\"color: #326e9c\" href=\"http:\/\/www.filmaffinity.com\/es\/awards.php?award_id=lafca&amp;year=2013\">2013<\/a>: Asociaci\u00f3n de cr\u00edticos de Los Angeles: 2\u00aa Mejor pel\u00edcula de animaci\u00f3n<\/div>\n<p>&nbsp;<\/p>\n<p>&nbsp;<\/p>\n","protected":false},"excerpt":{"rendered":"<p>Ultima peli de este ciclo de cine japon\u00e9s! El viento se levanta (Kaze tachinu, en ingl\u00e9s The Wind Rises) es&hellip;<\/p>\n","protected":false},"author":1290,"featured_media":0,"comment_status":"open","ping_status":"open","sticky":false,"template":"","format":"standard","meta":{"footnotes":""},"categories":[],"tags":[],"class_list":["post-887","post","type-post","status-publish","format-standard","hentry"],"aioseo_notices":[],"rttpg_featured_image_url":null,"rttpg_author":{"display_name":"Daniela Ortiz Duran","author_link":"https:\/\/www.icesi.edu.co\/blogs\/teorema\/author\/1144185373\/"},"rttpg_comment":0,"rttpg_category":"Uncategorized","rttpg_excerpt":"Ultima peli de este ciclo de cine japon\u00e9s! El viento se levanta (Kaze tachinu, en ingl\u00e9s The Wind Rises) es&hellip;","_links":{"self":[{"href":"https:\/\/www.icesi.edu.co\/blogs\/teorema\/wp-json\/wp\/v2\/posts\/887"}],"collection":[{"href":"https:\/\/www.icesi.edu.co\/blogs\/teorema\/wp-json\/wp\/v2\/posts"}],"about":[{"href":"https:\/\/www.icesi.edu.co\/blogs\/teorema\/wp-json\/wp\/v2\/types\/post"}],"author":[{"embeddable":true,"href":"https:\/\/www.icesi.edu.co\/blogs\/teorema\/wp-json\/wp\/v2\/users\/1290"}],"replies":[{"embeddable":true,"href":"https:\/\/www.icesi.edu.co\/blogs\/teorema\/wp-json\/wp\/v2\/comments?post=887"}],"version-history":[{"count":1,"href":"https:\/\/www.icesi.edu.co\/blogs\/teorema\/wp-json\/wp\/v2\/posts\/887\/revisions"}],"predecessor-version":[{"id":889,"href":"https:\/\/www.icesi.edu.co\/blogs\/teorema\/wp-json\/wp\/v2\/posts\/887\/revisions\/889"}],"wp:attachment":[{"href":"https:\/\/www.icesi.edu.co\/blogs\/teorema\/wp-json\/wp\/v2\/media?parent=887"}],"wp:term":[{"taxonomy":"category","embeddable":true,"href":"https:\/\/www.icesi.edu.co\/blogs\/teorema\/wp-json\/wp\/v2\/categories?post=887"},{"taxonomy":"post_tag","embeddable":true,"href":"https:\/\/www.icesi.edu.co\/blogs\/teorema\/wp-json\/wp\/v2\/tags?post=887"}],"curies":[{"name":"wp","href":"https:\/\/api.w.org\/{rel}","templated":true}]}}