{"id":355,"date":"2024-11-22T20:05:14","date_gmt":"2024-11-22T20:05:14","guid":{"rendered":"https:\/\/www.icesi.edu.co\/blogs\/vaupesmultilingue\/?p=355"},"modified":"2026-02-17T16:37:42","modified_gmt":"2026-02-17T16:37:42","slug":"todo-tiene-su-final","status":"publish","type":"post","link":"https:\/\/www.icesi.edu.co\/blogs\/vaupesmultilingue\/2024\/11\/22\/todo-tiene-su-final\/","title":{"rendered":"Todo tiene su final&#8230;"},"content":{"rendered":"\n<p>Este martes 19 de noviembre tuvo lugar la \u00faltima sesi\u00f3n del Seminario Alianza de las Lenguas del Vaup\u00e9s. \u00a0El encargado de esta sesi\u00f3n fue el profesor Jes\u00fas Mario Gir\u00f3n Higuita, ling\u00fcista del proyecto. Durante su intervenci\u00f3n, Jes\u00fas, habl\u00f3 sobre los retos del multiling\u00fcismo en el Vaup\u00e9s, en especial de aquellos relacionados a la ejecuci\u00f3n de diagn\u00f3sticos socioling\u00fc\u00edsticos. \u00a0A trav\u00e9s de un recorrido por los contextos hist\u00f3rico y social de las lenguas nativas, el profesor, se\u00f1al\u00f3 los principales aprendizajes, dificultades y posibilidades que quedan para seguir con los esfuerzos de fortalecimiento y salvaguarda.<\/p>\n\n\n\n<p>La intervenci\u00f3n de Jes\u00fas suscit\u00f3 varias preguntas importantes que articularon las experiencias y visiones de las y los participantes del Seminario con el panorama actual de los retos del multiling\u00fcismo. <br>Esta sesi\u00f3n de cierre estuvo llena de reflexiones importantes. &nbsp;<br>Quedaron sobre la mesa preguntas complejas, pero iluminadoras, que servir\u00e1n para seguir tejiendo y dando forma a acciones que  den continuidad a los esfuerzos de fortalecimiento de las capacidades investigativas, f\u00edsicas y comunitarias para la preservaci\u00f3n de las lenguas nativas en el Vaup\u00e9s.<br><\/p>\n\n\n\n<figure class=\"wp-block-image size-large\"><img fetchpriority=\"high\" decoding=\"async\" width=\"1024\" height=\"576\" src=\"https:\/\/www.icesi.edu.co\/blogs\/vaupesmultilingue\/files\/2024\/11\/Captura-de-pantalla-84-1024x576.png\" alt=\"\" class=\"wp-image-356\" \/><\/figure>\n\n\n\n<p class=\"has-small-font-size\"><strong>Sesi\u00f3n 10. <em>Seminario Alianza por las Lenguas Nativas del Vaup\u00e9s.<\/em><\/strong> Noviembre, 19 de 2024.<\/p>\n\n\n\n<p><br>Desde sus inicios, el Seminario propici\u00f3 un espacio din\u00e1mico y enriquecedor para compartir saberes, fomentando todo tipo de preguntas y de reflexiones.<br>A pesar de la distancia virtual, la cercan\u00eda y la construcci\u00f3n conjunta se hizo posible a trav\u00e9s de la palabra y de las interacciones propuestas. Sesi\u00f3n tras sesi\u00f3n surgieron nuevos conocimientos, iniciativas y puntos de partida.<\/p>\n\n\n\n<figure class=\"wp-block-image size-large\"><img decoding=\"async\" width=\"1024\" height=\"576\" src=\"https:\/\/www.icesi.edu.co\/blogs\/vaupesmultilingue\/files\/2024\/11\/Captura-de-pantalla-81-1024x576.png\" alt=\"\" class=\"wp-image-358\" \/><\/figure>\n\n\n\n<p class=\"has-small-font-size\"><strong>Sesi\u00f3n 1. <em>Seminario Alianza por las Lenguas Nativas del Vaup\u00e9s.<\/em><\/strong> Septiembre, 17 de 2024.<\/p>\n\n\n\n<p><br>Varias de las reflexiones por las lenguas nativas se articularon con las preocupaciones pedag\u00f3gicas. Por ejemplo, surgieron preguntas como:<br><br>\u00bfC\u00f3mo fomentar el valor y la consecuente apropiaci\u00f3n de las lenguas nativas en los contextos de ense\u00f1anza cotidianos? \u2014<br><br>\u2014\u00bfC\u00f3mo propiciar un di\u00e1logo constante entre educadores, estudiantes y comunidades, de modo que se mantenga vivo el inter\u00e9s y los esfuerzos por el fortalecimiento y la ense\u00f1anza de las lenguas nativas? \u2014<br><br>Con estas preguntas, se evidencia la importancia de seguir articulando di\u00e1logos contextuales con distintos actores, como los que se han posibilitado desde el Seminario.<br>Di\u00e1logos plurales, que recogen m\u00faltiples voces para nutrir y potenciar el compartir de experiencias y la construcci\u00f3n en torno al prop\u00f3sito com\u00fan de fortalecer y salvaguardar las lenguas nativas.<\/p>\n\n\n\n<p><\/p>\n\n\n\n<figure class=\"wp-block-image size-large\"><img decoding=\"async\" width=\"1024\" height=\"529\" src=\"https:\/\/www.icesi.edu.co\/blogs\/vaupesmultilingue\/files\/2024\/11\/Sesion-5-1024x529.png\" alt=\"\" class=\"wp-image-357\" \/><\/figure>\n\n\n\n<p class=\"has-small-font-size\"><strong>Sesi\u00f3n 5. <em>Seminario Alianza por las Lenguas Nativas del Vaup\u00e9s. <\/em><\/strong>Octubre, 15 de 2024.<\/p>\n\n\n\n<p><br>Aunque lleg\u00f3 a su final, el Seminario Alianza de las lenguas nativas del Vaup\u00e9s dej\u00f3 sentados puntos de partida fundamentales. Docentes, estudiantes, comunidades, autoridades locales y regionales, y dem\u00e1s actores, tienen ahora m\u00e1s elementos para mantener conversaciones y alianzas clave en torno al fortalecimiento y la salvaguarda de las lenguas nativas del Vaup\u00e9s. &nbsp;<br>Ojal\u00e1, los espacios se extiendan m\u00e1s all\u00e1 del Seminario y se multipliquen en el territorio, en las realidades de las comunidades.<br><br>Como participante del Seminario, quede complacida por los aprendizajes y las experiencias que se sembraron y se recogieron. Creo que son semillas para futuros espacios, para que los contextos de ense\u00f1anza, &nbsp;difusi\u00f3n y fortalecimiento de las lenguas nativas del Vaup\u00e9s siga.<br>Adem\u00e1s, a nivel personal, me llevo aprendizajes significativo tanto como antrop\u00f3loga como humana relacional &nbsp;interesada en los espacios de compartir que generan comprensiones contextuales, que empujan a la acci\u00f3n, y que plantean la posibilidad de revertir estructuras de opresi\u00f3n de largo aliento, como las que han vivido los pueblos ind\u00edgenas del Vaup\u00e9s. <br>Reivindicar sus lenguas, es una forma de reivindicar su propia historia, sus luchas y su existencia.<\/p>\n\n\n\n<p><br>Por m\u00e1s espacios como este, entonces.<\/p>\n\n\n\n<p>Y t\u00fa, \u00bfdisfrutaste del Seminario?<\/p>\n\n\n\n<p><\/p>\n","protected":false},"excerpt":{"rendered":"<p>Este martes 19 de noviembre tuvo lugar la \u00faltima sesi\u00f3n del Seminario Alianza de las Lenguas del Vaup\u00e9s. \u00a0El encargado de esta sesi\u00f3n fue el profesor Jes\u00fas Mario Gir\u00f3n Higuita, ling\u00fcista del proyecto. Durante su intervenci\u00f3n, Jes\u00fas, habl\u00f3 sobre los retos del multiling\u00fcismo en el Vaup\u00e9s, en especial de aquellos relacionados a la ejecuci\u00f3n de &hellip; <a href=\"https:\/\/www.icesi.edu.co\/blogs\/vaupesmultilingue\/2024\/11\/22\/todo-tiene-su-final\/\" class=\"more-link\">Contin\u00faa leyendo <span class=\"screen-reader-text\">Todo tiene su final&#8230;<\/span><\/a><\/p>\n","protected":false},"author":42166079,"featured_media":0,"comment_status":"open","ping_status":"open","sticky":false,"template":"","format":"standard","meta":{"footnotes":""},"categories":[2001],"tags":[2016],"class_list":["post-355","post","type-post","status-publish","format-standard","hentry","category-sin-categoria","tag-antropologia"],"aioseo_notices":[],"rttpg_featured_image_url":null,"rttpg_author":{"display_name":"NATHALIA ZULUAGA LOPEZ","author_link":"https:\/\/www.icesi.edu.co\/blogs\/vaupesmultilingue\/author\/1005890996\/"},"rttpg_comment":0,"rttpg_category":"<a href=\"https:\/\/www.icesi.edu.co\/blogs\/vaupesmultilingue\/category\/sin-categoria\/\" rel=\"category tag\">Sin categor\u00eda<\/a>","rttpg_excerpt":"Este martes 19 de noviembre tuvo lugar la \u00faltima sesi\u00f3n del Seminario Alianza de las Lenguas del Vaup\u00e9s. \u00a0El encargado de esta sesi\u00f3n fue el profesor Jes\u00fas Mario Gir\u00f3n Higuita, ling\u00fcista del proyecto. Durante su intervenci\u00f3n, Jes\u00fas, habl\u00f3 sobre los retos del multiling\u00fcismo en el Vaup\u00e9s, en especial de aquellos relacionados a la ejecuci\u00f3n de&hellip;","_links":{"self":[{"href":"https:\/\/www.icesi.edu.co\/blogs\/vaupesmultilingue\/wp-json\/wp\/v2\/posts\/355"}],"collection":[{"href":"https:\/\/www.icesi.edu.co\/blogs\/vaupesmultilingue\/wp-json\/wp\/v2\/posts"}],"about":[{"href":"https:\/\/www.icesi.edu.co\/blogs\/vaupesmultilingue\/wp-json\/wp\/v2\/types\/post"}],"author":[{"embeddable":true,"href":"https:\/\/www.icesi.edu.co\/blogs\/vaupesmultilingue\/wp-json\/wp\/v2\/users\/42166079"}],"replies":[{"embeddable":true,"href":"https:\/\/www.icesi.edu.co\/blogs\/vaupesmultilingue\/wp-json\/wp\/v2\/comments?post=355"}],"version-history":[{"count":3,"href":"https:\/\/www.icesi.edu.co\/blogs\/vaupesmultilingue\/wp-json\/wp\/v2\/posts\/355\/revisions"}],"predecessor-version":[{"id":361,"href":"https:\/\/www.icesi.edu.co\/blogs\/vaupesmultilingue\/wp-json\/wp\/v2\/posts\/355\/revisions\/361"}],"wp:attachment":[{"href":"https:\/\/www.icesi.edu.co\/blogs\/vaupesmultilingue\/wp-json\/wp\/v2\/media?parent=355"}],"wp:term":[{"taxonomy":"category","embeddable":true,"href":"https:\/\/www.icesi.edu.co\/blogs\/vaupesmultilingue\/wp-json\/wp\/v2\/categories?post=355"},{"taxonomy":"post_tag","embeddable":true,"href":"https:\/\/www.icesi.edu.co\/blogs\/vaupesmultilingue\/wp-json\/wp\/v2\/tags?post=355"}],"curies":[{"name":"wp","href":"https:\/\/api.w.org\/{rel}","templated":true}]}}