{"id":525,"date":"2026-03-24T19:24:58","date_gmt":"2026-03-24T19:24:58","guid":{"rendered":"https:\/\/www.icesi.edu.co\/blogs\/vaupesmultilingue\/?p=525"},"modified":"2026-04-06T19:46:23","modified_gmt":"2026-04-06T19:46:23","slug":"donde-los-rios-hablan-en-muchas-lenguas-cartografias-imaginadas-de-comunidades-de-wacara-y-wach%c9%a8na-en-el-vaupes","status":"publish","type":"post","link":"https:\/\/www.icesi.edu.co\/blogs\/vaupesmultilingue\/2026\/03\/24\/donde-los-rios-hablan-en-muchas-lenguas-cartografias-imaginadas-de-comunidades-de-wacara-y-wach%c9%a8na-en-el-vaupes\/","title":{"rendered":"Donde los r\u00edos hablan en muchas lenguas:cartograf\u00edas\u00a0imaginadas\u00a0de\u00a0comunidades de\u00a0Wacar\u00e1\u00a0y\u00a0W\u00e3ch\u0268na\u00a0en el\u00a0Vaup\u00e9s\u00a0"},"content":{"rendered":"<div class=\"wp-block-image\">\n<figure class=\"aligncenter size-full\"><img fetchpriority=\"high\" decoding=\"async\" width=\"712\" height=\"534\" src=\"https:\/\/www.icesi.edu.co\/blogs\/vaupesmultilingue\/files\/2026\/04\/image.png\" alt=\"\" class=\"wp-image-526\" \/><figcaption class=\"wp-element-caption\"><strong>Sesi\u00f3n #2 \u2013 Introducir al Vaup\u00e9s y a las comunidades\u00a0<\/strong>&#8211; <strong>Semillero\u00a0de Estudios Amaz\u00f3nicos y Humanidades Digitales<\/strong><\/figcaption><\/figure><\/div>\n\n\n<p>En Colombia hay territorios que no se comprenden con mapas convencionales. El Vaup\u00e9s es uno de ellos, no es simplemente ubicarlo en el suroriente de Colombia; hay que escucharlo, recorrerlo con la palabra, seguir el curso de sus r\u00edos como si fueran hilos que tejen historias, lenguas y memorias. Esta segunda sesi\u00f3n del&nbsp;Semillero&nbsp;de Estudios Amaz\u00f3nicos y Humanidades&nbsp;Digitales&nbsp;fue una invitaci\u00f3n a entrar en ese&nbsp;territorio&nbsp;a trav\u00e9s de las voces que lo habitan.&nbsp;&nbsp;<\/p>\n\n\n\n<p>El punto de partida fue la lectura del libro&nbsp;<em>Vaup\u00e9s&nbsp;Multilingue: experiencias del fortalecimiento de capacidades&nbsp;locales&nbsp;para la investigaci\u00f3n y promoci\u00f3n de las lenguas nativas&nbsp;<\/em>Ed. Adela Parra y Robin Castro-Gil (2025)<em>,&nbsp;<\/em>particularmente los cap\u00edtulos sobre la apropiaci\u00f3n social del conocimiento&nbsp;en las comunidades&nbsp;Wacar\u00e1&nbsp;y&nbsp;W\u00e3ch\u0268na, desde ah\u00ed empezamos a delinear un paisaje que no solo es geogr\u00e1fico sino cultural y&nbsp;ling\u00fc\u00edstico.&nbsp;&nbsp;<\/p>\n\n\n\n<p>La sesi\u00f3n tuvo como&nbsp;prop\u00f3sito&nbsp;acercarnos a las comunidades para comprender sus formas de organizaci\u00f3n, pr\u00e1cticas culturales y la riqueza de sus lenguas. Este ejercicio m\u00e1s que acumular informaci\u00f3n, se trataba de reconocer la complejidad de un territorio donde el conocimiento circula de manera&nbsp;colectiuva&nbsp;y donde la palabra tiene un gran peso en la construcci\u00f3n de la vida comunitaria.&nbsp;&nbsp;<\/p>\n\n\n\n<figure class=\"wp-block-gallery has-nested-images columns-default is-cropped wp-block-gallery-1 is-layout-flex wp-block-gallery-is-layout-flex\">\n<figure class=\"wp-block-image size-full\"><img decoding=\"async\" width=\"534\" height=\"711\" data-id=\"528\" src=\"https:\/\/www.icesi.edu.co\/blogs\/vaupesmultilingue\/files\/2026\/04\/image-2.png\" alt=\"\" class=\"wp-image-528\" \/><\/figure>\n\n\n\n<figure class=\"wp-block-image size-full\"><img decoding=\"async\" width=\"495\" height=\"661\" data-id=\"529\" src=\"https:\/\/www.icesi.edu.co\/blogs\/vaupesmultilingue\/files\/2026\/04\/image-3.png\" alt=\"\" class=\"wp-image-529\" \/><\/figure>\n<\/figure>\n\n\n\n<p><\/p>\n\n\n\n<p>A medida que avanzaba el encuentro, los y las estudiantes fueron transformando la lectura en im\u00e1genes. Sobre el papel, emergieron dos cartograf\u00edas: interpretaciones sensibles del territorio. All\u00ed plasmaron los r\u00edos principales, los espacios de encuentro, los mitos de&nbsp;origen, las din\u00e1micas cotidianas y los v\u00ednculos con el territorio, cada trazo fue tambi\u00e9n una forma de comprender cada comunidad.&nbsp;&nbsp;<\/p>\n\n\n\n<p>Luego, la palabra tom\u00f3 el centro. En sus exposiciones, cada grupo fue tejiendo una narrativa sobre cada comunidad, hablaron sobre la diversidad \u00e9tnica que&nbsp;convive en el Vaup\u00e9s, los procesos hist\u00f3ricos de evangelizaci\u00f3n y de c\u00f3mo estos han incidido en las din\u00e1micas culturales.&nbsp;Tambi\u00e9n nos detuvimos en las formas de organizaci\u00f3n social, las jerarqu\u00edas que estructuran la vida comunitaria y las actividades productivas que sostienen el d\u00eda a d\u00eda.&nbsp;&nbsp;<\/p>\n\n\n\n<p>Tambi\u00e9n emergieron los mitos de origen, como el de la anaconda ancestral que no solo explican el nacimiento de los&nbsp;pueblos,&nbsp;sino que organizan el territorio y&nbsp;sus&nbsp;relaciones. La sesi\u00f3n cerr\u00f3 con la sensaci\u00f3n de haber recorrido un territorio sin salir del sal\u00f3n. Pero&nbsp;sobre todo&nbsp;con la certeza de que acercarse al Vaup\u00e9s implica aprender a observar de otra manera.&nbsp;&nbsp;<\/p>\n","protected":false},"excerpt":{"rendered":"<p>En Colombia hay territorios que no se comprenden con mapas convencionales. El Vaup\u00e9s es uno de ellos, no es simplemente ubicarlo en el suroriente de Colombia; hay que escucharlo, recorrerlo con la palabra, seguir el curso de sus r\u00edos como si fueran hilos que tejen historias, lenguas y memorias. Esta segunda sesi\u00f3n del&nbsp;Semillero&nbsp;de Estudios Amaz\u00f3nicos &hellip; <a href=\"https:\/\/www.icesi.edu.co\/blogs\/vaupesmultilingue\/2026\/03\/24\/donde-los-rios-hablan-en-muchas-lenguas-cartografias-imaginadas-de-comunidades-de-wacara-y-wach%c9%a8na-en-el-vaupes\/\" class=\"more-link\">Contin\u00faa leyendo <span class=\"screen-reader-text\">Donde los r\u00edos hablan en muchas lenguas:cartograf\u00edas\u00a0imaginadas\u00a0de\u00a0comunidades de\u00a0Wacar\u00e1\u00a0y\u00a0W\u00e3ch\u0268na\u00a0en el\u00a0Vaup\u00e9s\u00a0<\/span><\/a><\/p>\n","protected":false},"author":42166082,"featured_media":0,"comment_status":"open","ping_status":"open","sticky":false,"template":"","format":"standard","meta":{"footnotes":""},"categories":[2007],"tags":[2016,2019,2021,2020],"class_list":["post-525","post","type-post","status-publish","format-standard","hentry","category-seminvestigacion","tag-antropologia","tag-sociologia","tag-sociologia-2","tag-vaupes-2-0"],"aioseo_notices":[],"rttpg_featured_image_url":null,"rttpg_author":{"display_name":"Mariana Andrea Canacue Perez","author_link":"https:\/\/www.icesi.edu.co\/blogs\/vaupesmultilingue\/author\/1004246854\/"},"rttpg_comment":0,"rttpg_category":"<a href=\"https:\/\/www.icesi.edu.co\/blogs\/vaupesmultilingue\/category\/seminvestigacion\/\" rel=\"category tag\">#SeminarioInvestigaci\u00f3n<\/a>","rttpg_excerpt":"En Colombia hay territorios que no se comprenden con mapas convencionales. El Vaup\u00e9s es uno de ellos, no es simplemente ubicarlo en el suroriente de Colombia; hay que escucharlo, recorrerlo con la palabra, seguir el curso de sus r\u00edos como si fueran hilos que tejen historias, lenguas y memorias. Esta segunda sesi\u00f3n del&nbsp;Semillero&nbsp;de Estudios Amaz\u00f3nicos&hellip;","_links":{"self":[{"href":"https:\/\/www.icesi.edu.co\/blogs\/vaupesmultilingue\/wp-json\/wp\/v2\/posts\/525"}],"collection":[{"href":"https:\/\/www.icesi.edu.co\/blogs\/vaupesmultilingue\/wp-json\/wp\/v2\/posts"}],"about":[{"href":"https:\/\/www.icesi.edu.co\/blogs\/vaupesmultilingue\/wp-json\/wp\/v2\/types\/post"}],"author":[{"embeddable":true,"href":"https:\/\/www.icesi.edu.co\/blogs\/vaupesmultilingue\/wp-json\/wp\/v2\/users\/42166082"}],"replies":[{"embeddable":true,"href":"https:\/\/www.icesi.edu.co\/blogs\/vaupesmultilingue\/wp-json\/wp\/v2\/comments?post=525"}],"version-history":[{"count":2,"href":"https:\/\/www.icesi.edu.co\/blogs\/vaupesmultilingue\/wp-json\/wp\/v2\/posts\/525\/revisions"}],"predecessor-version":[{"id":531,"href":"https:\/\/www.icesi.edu.co\/blogs\/vaupesmultilingue\/wp-json\/wp\/v2\/posts\/525\/revisions\/531"}],"wp:attachment":[{"href":"https:\/\/www.icesi.edu.co\/blogs\/vaupesmultilingue\/wp-json\/wp\/v2\/media?parent=525"}],"wp:term":[{"taxonomy":"category","embeddable":true,"href":"https:\/\/www.icesi.edu.co\/blogs\/vaupesmultilingue\/wp-json\/wp\/v2\/categories?post=525"},{"taxonomy":"post_tag","embeddable":true,"href":"https:\/\/www.icesi.edu.co\/blogs\/vaupesmultilingue\/wp-json\/wp\/v2\/tags?post=525"}],"curies":[{"name":"wp","href":"https:\/\/api.w.org\/{rel}","templated":true}]}}