{"id":20600,"date":"2011-07-07T16:18:04","date_gmt":"2011-07-07T16:18:04","guid":{"rendered":"1807.6"},"modified":"2011-07-07T15:36:44","modified_gmt":"2011-07-07T20:36:44","slug":"los-micos-del-plan","status":"publish","type":"post","link":"https:\/\/www.icesi.edu.co\/blogs\/blog\/lista\/los-micos-del-plan","title":{"rendered":"Los \u2018Micos\u2019 del Plan"},"content":{"rendered":"<p><strong>Los \u2018Micos\u2019 del Plan<\/strong><\/p>\n<p>&nbsp;<\/p>\n<p><strong>Por: \u00d3scar Escobar<a href=\"\/Users\/Angelica\/Documents\/My%20Dropbox\/POLIS\/Articulo%20Blog%20POLIS%20%C3%93scar.docx#_ftn1\"><strong>[1]<\/strong><\/a><\/strong><\/p>\n<p>&nbsp;<\/p>\n<p>El Plan Nacional de Desarrollo 2010 \u2013 2014: \u201cProsperidad para todos\u201d ha sido quiz\u00e1 el m\u00e1s controversial de los \u00faltimos a\u00f1os, al menos en lo que mi corta edad me permite recordar, adem\u00e1s de ser el m\u00e1s largo de la historia, pues el documento plenamente justificado se toma la m\u00f3dica cantidad de 861 p\u00e1ginas<a href=\"\/Users\/Angelica\/Documents\/My%20Dropbox\/POLIS\/Articulo%20Blog%20POLIS%20%C3%93scar.docx#_ftn2\">[2]<\/a>, aunque el Informe de conciliaci\u00f3n al Proyecto de Ley No. 179 de 2011 C\u00e1mara &#8211; 218 de 2011 Senado \u201cPor la cual se expide el Plan Nacional de Desarrollo, 2010-2014\u201d, es decir, el que leen los Congresistas es tan solo de 131 p\u00e1ginas, pues recordemos que a la mayor\u00eda de los honorables no les queda tiempo para leer los proyectos, lo hacen sus asesores.<\/p>\n<p>&nbsp;<\/p>\n<p>Pero volviendo al tema, cabe preguntarse a que se debe toda la controversia que se genero entre los meses de febrero y abril de 2011 con respecto al contenido del Plan Nacional de Desarrollo que aterriza todas las propuestas y metas del gobierno Santos. No es dif\u00edcil recordar que entre esos meses en que el ejecutivo presento el Plan y cuando finalmente logro que el legislativo lo aprobara, abundaron pomposos titulares en los medios de comunicaci\u00f3n haciendo referencia a los \u2018micos\u2019 que se hab\u00edan incluido en la carta de navegaci\u00f3n de este gobierno.<\/p>\n<p>&nbsp;<\/p>\n<p>\u00bf\u2019Micos\u2019? Aunque es este un t\u00e9rmino muy popular en la jerga pol\u00edtica, es importante aclarar que entendemos por esta expresi\u00f3n. Seg\u00fan Wikipedia mico es un t\u00e9rmino\u00a0no\u00a0taxon\u00f3mico\u00a0que designa a un amplio conjunto de\u00a0primates\u00a0<a title=\"Simiiformes\" href=\"http:\/\/es.wikipedia.org\/wiki\/Simiiformes\">simiiformes<\/a>. Definici\u00f3n con la que seguro la mayor\u00eda somos familiares y que nos puede ayudar a entender el significado del s\u00edmil que se utiliza en la jerga pol\u00edtica; cuando un proyecto tiene cosas colgadas que usualmente pasan desapercibidas. Hace dos a\u00f1os Humberto De La Calle se arriesg\u00f3 a dar una definici\u00f3n de que es un \u2018mico\u2019 en pol\u00edtica en su columna de opini\u00f3n de <a href=\"http:\/\/www.elespectador.com\/columna145678-un-mico\">El Espectador<\/a>, palabras m\u00e1s, palabras menos, se trata de un art\u00edculo que se tramita en un proyecto de ley, \u201cSin ninguna ilaci\u00f3n con el tema que se debat\u00eda, en cualquier fr\u00eda madrugada capitalina, un honorable introduc\u00eda un texto que, a pesar de ser un cuerpo extra\u00f1o, alcanzaba en un santiam\u00e9n la solemne categor\u00eda de ley de la Rep\u00fablica.\u201d. Pero De la Calle no se queda ah\u00ed, tambi\u00e9n habla de las \u2018mutaciones\u2019 que estos \u2018animalitos\u2019 han tenido, lo cual considero que es de suma importancia para entender el debate con respecto al actual PND. Y es que despu\u00e9s de cierto tiempo \u201cse comenz\u00f3 a llamar mico a todo aquello que no le gustaba al que difund\u00eda la noticia. Los congresistas llamaban a los periodistas a las 6 y 30 de la ma\u00f1ana para denunciar un mico. Sencillamente el denunciante no estaba de acuerdo con la iniciativa, y hasta raz\u00f3n tendr\u00eda, pero prosper\u00f3 el juego sem\u00e1ntico. <strong>Como el mico era ya una figura desacreditada, el truco era f\u00e1cil: llamar mico a todo aquello que uno no compart\u00eda<\/strong>. Y los titulares incautos anunciaban de manera rimbombante: descubren mico en el tr\u00e1mite de la ley.\u201d<\/p>\n<p>&nbsp;<\/p>\n<p>Despu\u00e9s de semejante contextualizaci\u00f3n vale la pena mencionar cuales son los principales \u2018micos\u2019 que se han denunciado sobre nuestro actual Plan Nacional de Desarrollo:<\/p>\n<p>&nbsp;<\/p>\n<ul>\n<li><span style=\"text-decoration: underline\">Edad de jubilaci\u00f3n<\/span>. Los congresistas de las comisiones econ\u00f3micas denunciaron como un \u2018mico\u2019 que en el Plan se pretend\u00eda incrementar la edad para la jubilaci\u00f3n de las mujeres, cosa escandalosa para ellos, pues consideraban que el tema tambi\u00e9n deb\u00eda ser discutido en las comisiones s\u00e9ptimas que se ocupan de los temas de seguridad social.<strong> <\/strong><\/li>\n<li><span style=\"text-decoration: underline\">Licencias ambientales<\/span>. El Senador \u00c1ngel Cabrera denomin\u00f3 como una especie de \u2018mico\u2019 la propuesta de cobro de una tasa retributiva para todo tipo de licencias ambientales del orden del 1% del valor total de la inversi\u00f3n con el fin de destinar estos recursos a la sostenibilidad y preservaci\u00f3n de los recursos h\u00eddricos y ambientales. <strong> <\/strong><\/li>\n<li><span style=\"text-decoration: underline\">Impuesto predial y tierras p\u00fablicas.<\/span> El Senador Jorge E. Robledo denunci\u00f3 dos nuevos \u2018micos\u2019; el primero con respecto al incremento en la tasa del impuesto predial, que es del 1 al 16 por mil y pasar\u00eda a ser del 7 al 16 por mil. Y el segundo, que seg\u00fan \u00e9l, le abre la posibilidad al Estado para que las tierras p\u00fablicas de tipo campesino sean entregadas en hect\u00e1reas a cualquier interesado.<strong> <\/strong><\/li>\n<li><span style=\"text-decoration: underline\">Semanas cotizadas para pensionarse<\/span>. La Senadora Dilian F. Toro descubri\u00f3 nuevo \u2018mico\u2019 que seg\u00fan ella busca aumentar el n\u00famero de semanas para pensionarse de 1.150 a 1.300.<\/li>\n<li><span style=\"text-decoration: underline\">Fondo de estabilizaci\u00f3n de combustibles<\/span>. El Representante William Garc\u00eda Tirado denunci\u00f3 un nuevo \u2018mico\u2019 con el que, seg\u00fan \u00e9l, se pretende que los impuestos que se pagan en una tanqueada regular de un autom\u00f3vil vayan al fondo de estabilizaci\u00f3n de los combustibles.<\/li>\n<\/ul>\n<p>Teniendo en cuenta que no soy ning\u00fan experto en estas \u00e1reas de pol\u00edtica p\u00fablica y que adem\u00e1s la justificaci\u00f3n t\u00e9cnica de los art\u00edculos controversiales podr\u00eda tomar mucho m\u00e1s espacio que el destinado a este nuevo blog, solo quiero mencionar un par de cosas:<\/p>\n<p>Con respecto al sistema pensional Colombiano, no se necesita ser una autoridad en la materia para saber que el sistema est\u00e1 quebrado, tiene baja cobertura y que con las tendencias de crecimiento poblacional e informalidad en el mercado laboral, el futuro del mismo no pinta para nada bien. El gobierno Santos le apuesta a la formalizaci\u00f3n de empleos y eso podr\u00eda aliviar parcialmente la situaci\u00f3n, pero tambi\u00e9n es innegable que a medida que incrementa la expectativa de vida, debe incrementar la edad de jubilaci\u00f3n, muy personalmente, yo, que estoy ad portas de empezar mi vida laboral, prefiero cotizar m\u00e1s tiempo y tener un sistema sostenible y confiable. Por su parte, el Gobierno desisti\u00f3 de la medida, pero asegur\u00f3 que estaba ambientando el debate y que m\u00e1s adelante introducir\u00e1 una reforma al respecto en el Congreso. A su vez, t\u00e9cnicos del DNP tuvieron que salir a aclararle a la Senadora Toro que el tema de las semanas no se trataba de ning\u00fan \u2018mico\u2019, sino m\u00e1s bien de las medidas necesarias para cumplir con la ley 797 de 2004 que dispuso que desde 2005 se deb\u00edan generar incrementos escalonados en el n\u00famero de semanas cotizadas como requisito para pensionarse por el R\u00e9gimen de Prima Media, el cual ten\u00eda una ventaja poco equitativa frente al de Ahorro Individual.<\/p>\n<p>Con respecto al cobro de la tasa ambiental me parece completamente justo y no encuentro el escandaloso \u2018mico\u2019 denunciado. La denuncia del Senador Robledo, como es caracter\u00edstico en \u00e9l, es m\u00e1s seria. En mi opini\u00f3n, las vastas tierras improductivas del pa\u00eds podr\u00edan pasar a mejores usos, si le di\u00e9ramos un verdadero peso al impuesto predial<a href=\"\/Users\/Angelica\/Documents\/My%20Dropbox\/POLIS\/Articulo%20Blog%20POLIS%20%C3%93scar.docx#_ftn3\">[3]<\/a>, por lo que en principio, incrementar dicho impuesto es una medida acertada, no obstante seg\u00fan lo denunciado, el que sube es el rango inferior del impuesto<a href=\"\/Users\/Angelica\/Documents\/My%20Dropbox\/POLIS\/Articulo%20Blog%20POLIS%20%C3%93scar.docx#_ftn4\">[4]<\/a> y no el superior, lo que desde mi punto de vista, desconociendo el detalle operativo del asunto, podr\u00eda tener serias implicaciones de equidad.<\/p>\n<p>El tema del Fondo de Estabilizaci\u00f3n de los Combustibles no es m\u00e1s que la continuaci\u00f3n de la pol\u00edtica actual de precios de los mismos, que por muy discutible que sea, es preferible a un subsidio desde todo punto de vista, especialmente en t\u00e9rminos equitativos, si se tiene en cuenta que aproximadamente solo el 15% de los Colombianos tiene carro (no precisamente los m\u00e1s pobres) y que la transmisi\u00f3n al IPC y los precios de los alimentos es bastante baja. Por supuesto, todos directa o indirectamente nos beneficiar\u00edamos de una disminuci\u00f3n de los precios de los combustibles, pero \u00bfQui\u00e9nes se beneficiar\u00edan m\u00e1s? \u00bfEs eso progresivo o m\u00e1s bien regresivo?<\/p>\n<p>Por \u00faltimo quiero decir que es posible que todas mis opiniones sobre pol\u00edtica p\u00fablica est\u00e9n equivocadas y que dependiendo de la ideolog\u00eda de cada uno, se encontrar\u00e1n infinidad de matices para la soluci\u00f3n de asuntos socialmente problem\u00e1ticos, no obstante, lo que s\u00ed quiero dejar muy claro, retomando a De La Calle, es que el solo desacuerdo con una visi\u00f3n de pol\u00edtica p\u00fablica no deber\u00eda ser suficiente para clasificar de \u2018mico\u2019 una iniciativa, pues es una manera oportunista de desprestigiarla. Otro asunto es que los Honorables Congresistas estuvieran acostumbrados a que en los Planes de Desarrollo no se incluyeran temas trascendentales, dignos de debate, tal vez esperaban que solo fuera una colecci\u00f3n de buenas intenciones, como muchos lo han calificado, y que se pudiera pasar de un \u2018pupitrazo\u2019. El reto hacia delante del gobierno ser\u00e1 poner a toda marcha sus locomotoras, en concordancia con la sostenibilidad ambiental y valorando el trabajo de sus t\u00e9cnicos, seguir utilizando la aplanadora de la Unidad Nacional en el Congreso y adelantar reformas que no se queden en lo que es popular, sino que solucionen de fondo los principales problemas del pa\u00eds, as\u00ed sean tildadas de \u2018micos\u2019.<\/p>\n<p>&nbsp;<\/p>\n<p><strong>Noticias relacionadas:<\/strong><\/p>\n<p><strong> <span style=\"text-decoration: underline\">Febrero<\/span><\/strong><\/p>\n<ul>\n<li><strong>El Colombiano; <\/strong><a href=\"http:\/\/www.elcolombiano.com\/BancoConocimiento\/E\/en_plan_nacional_de_desarrollo_hay_otro_mico_denuncia_el_senador_angel_custodio_cabrera\/en_plan_nacional_de_desarrollo_hay_otro_mico_denuncia_el_senador_angel_custodio_cabrera.asp\"><strong>En Plan Nacional de Desarrollo hay otro &#8220;mico&#8221;, denuncia el senador \u00c1ngel Cabrera.<\/strong><\/a><strong> <\/strong><\/li>\n<li><strong>Caracol Radio; <\/strong><a href=\"http:\/\/www.caracol.com.co\/nota.aspx?id=1424862\"><strong>Denuncian otros dos \u201cmicos\u201d en el Plan Nacional de Desarrollo.<\/strong><\/a><strong> <\/strong><\/li>\n<li><strong>La Rep\u00fablica; <\/strong><strong><a href=\"http:\/\/www.larepublica.com.co\/archivos\/ASUNTOSLEGALES\/2011-02-10\/opine-sobre-el-proyecto-del-plan-nacional-de-desarrollo_121333.php\">Opine sobre el proyecto del Plan Nacional de Desarrollo<\/a><\/strong> <strong> <\/strong><\/li>\n<li><strong>Portafolio; <a href=\"http:\/\/www.portafolio.co\/economia\/aumento-la-edad-pension-plan-desarrollo\">&#8216;Aumento de la edad de pensi\u00f3n en el Plan de Desarrollo no es un mico&#8217;: Ministro de Hacienda<\/a><\/strong><\/li>\n<\/ul>\n<p><strong> <\/strong><\/p>\n<p><strong><span style=\"text-decoration: underline\">Marzo<\/span><\/strong><\/p>\n<ul>\n<li><strong>El Espectador; <\/strong><a href=\"http:\/\/www.elespectador.com\/noticias\/politica\/articulo-257021-descubren-nuevo-mico-plan-de-desarrollo\"><strong>Descubren nuevo &#8216;mico&#8217; en Plan de Desarrollo<\/strong><\/a><strong> <\/strong><\/li>\n<li><strong>El Espectador; <\/strong><a href=\"http:\/\/www.elespectador.com\/economia\/articulo-257150-desmienten-existencia-de-mico-plan-de-desarrollo-sobre-pensiones\"><strong>Desmienten existencia de \u2018mico\u2019 en Plan de Desarrollo sobre pensiones<\/strong><\/a><strong> <\/strong><\/li>\n<li><strong>Vanguardia Liberal; <\/strong><a href=\"http:\/\/www.vanguardia.com\/historico\/98630-encuentran-nuevo-mico-en-el-plan-nacional-de-desarrollo\"><strong>Encuentran nuevo &#8216;mico&#8217; en Plan Nacional de Desarrollo<\/strong><\/a><strong> <\/strong><\/li>\n<\/ul>\n<p><strong> <\/strong><\/p>\n<div>\n<hr size=\"1\" \/>\n<div>\n<p><a href=\"\/Users\/Angelica\/Documents\/My%20Dropbox\/POLIS\/Articulo%20Blog%20POLIS%20%C3%93scar.docx#_ftnref1\">[1]<\/a> Estudiante en pr\u00e1ctica de Econom\u00eda con \u00e9nfasis en pol\u00edticas de p\u00fablicas de la Universidad Icesi. Ex Monitor de POLIS. Las opiniones aqu\u00ed expresadas son de responsabilidad \u00fanica del autor y no comprometen bajo ninguna circunstancia a la Universidad Icesi ni sus directivas. E-mail: <a href=\"\/Users\/Angelica\/Documents\/My%20Dropbox\/POLIS\/oeeggg@hotmail.com\">oeeggg@hotmail.com<\/a>.<\/p>\n<p>&nbsp;<\/p>\n<\/div>\n<div>\n<p><a href=\"\/Users\/Angelica\/Documents\/My%20Dropbox\/POLIS\/Articulo%20Blog%20POLIS%20%C3%93scar.docx#_ftnref2\">[2]<\/a> PND 2006 \u2013 2010: \u201cEstado Comunitario: desarrollo para todos\u201d, 740 p\u00e1ginas. \u00c1lvaro Uribe V\u00e9lez.<\/p>\n<p>PND 2002 \u2013 2006: \u201cHacia un Estado Comunitario\u201d, 284 p\u00e1ginas. \u00c1lvaro Uribe V\u00e9lez.<\/p>\n<p>PND 1998 \u2013 2002: \u201cCambio para construir la paz\u201d, 774 p\u00e1ginas. Andr\u00e9s Pastrana Arango.<\/p>\n<p>PND 1994 \u2013 1998: \u201cEl salto social\u201d, 277 p\u00e1ginas. Ernesto Samper Pizano.<\/p>\n<p>PND 1990 \u2013 1994: \u201cLa revoluci\u00f3n pac\u00edfica\u201d, 438 p\u00e1ginas. C\u00e9sar Gaviria Trujillo.<\/p>\n<p>PND 1986 \u2013 1990: \u201cPlan de econom\u00eda social\u201d, 349 p\u00e1ginas. Virgilio Barco Vargas.<\/p>\n<p>PND 1982 \u2013 1986: \u201cCambio con equidad\u201d, 232 p\u00e1ginas. Belisario Betancur Cuartas.<\/p>\n<p>PND 1978 \u2013 1982: \u201cPlan de integraci\u00f3n social\u201d, 554 p\u00e1ginas. Julio C\u00e9sar Turbay Ayala.<\/p>\n<p>PND 1974 \u2013 1978: \u201cPara cerrar la brecha\u201d, 137 p\u00e1ginas. Alfonso L\u00f3pez Michelsen.<\/p>\n<p>PND 1970 \u2013 1974: \u201cLas cuatro estrategias\u201d, 313 p\u00e1ginas. Misael Pastrana Borrero.<\/p>\n<p>PND 1969 \u2013 1972: \u201cPlanes y programas de desarrollo\u201d, 402(e) p\u00e1ginas. Carlos Lleras Restrepo.<\/p>\n<p>PND 1961 \u2013 1970: \u201cDesarrollo econ\u00f3mico y social\u201d, 432 p\u00e1ginas. Alberto Lleras Camargo.<\/p>\n<\/div>\n<div>\n<p><a href=\"\/Users\/Angelica\/Documents\/My%20Dropbox\/POLIS\/Articulo%20Blog%20POLIS%20%C3%93scar.docx#_ftnref3\">[3]<\/a> Recuerdo an\u00e9cdota relatada por Cesar Caballero, Ex Director del DANE durante el Congreso de FENADECO 2009, en la que afirmaba que \u00e9l pagaba un predial m\u00e1s alto por su apartamento en el norte de Bogot\u00e1, que \u00c1lvaro Uribe por su vasta extensi\u00f3n de tierra en el Ub\u00e9rrimo.<\/p>\n<\/div>\n<div>\n<p><a href=\"\/Users\/Angelica\/Documents\/My%20Dropbox\/POLIS\/Articulo%20Blog%20POLIS%20%C3%93scar.docx#_ftnref4\">[4]<\/a> El art\u00edculo 21 de la conciliaci\u00f3n definitiva de Senado y C\u00e1mara del PND, establece un incremento escalonado hasta 2014, cuando la tarifa m\u00ednima del impuesto predial unificado oscilar\u00e1 entre el 5 por mil y el 16 por mil del respectivo avalu\u00f3. No obstante, su aplicaci\u00f3n goza de discrecionalidad en cada municipio de acuerdo a las disposiciones de la Alcald\u00eda y el respectivo Concejo Municipal. \u201cLas tarifas deber\u00e1n establecerse en cada municipio o distrito de manera diferencial y progresivo, teniendo en cuenta factores tales como: 1. Los estratos Socioecon\u00f3micos; 2. Los usos del suelo en el sector urbano; 3. La antig\u00fcedad de la formaci\u00f3n o actualizaci\u00f3n del Catastro; 4. El rango de \u00e1rea; 5. Aval\u00fao Catastral.\u201d Art. 21.<\/p>\n<\/div>\n<\/div>\n<p><strong><br \/>\n<\/strong><\/p>\n","protected":false},"excerpt":{"rendered":"<p>Los \u2018Micos\u2019 del Plan &nbsp; Por: \u00d3scar Escobar[1] &nbsp; El Plan Nacional de Desarrollo 2010 \u2013 2014: \u201cProsperidad para todos\u201d [&hellip;]<\/p>\n","protected":false},"author":1266,"featured_media":0,"comment_status":"closed","ping_status":"closed","sticky":false,"template":"","format":"standard","meta":{"site-sidebar-layout":"default","site-content-layout":"","ast-site-content-layout":"","site-content-style":"default","site-sidebar-style":"default","ast-global-header-display":"","ast-banner-title-visibility":"","ast-main-header-display":"","ast-hfb-above-header-display":"","ast-hfb-below-header-display":"","ast-hfb-mobile-header-display":"","site-post-title":"","ast-breadcrumbs-content":"","ast-featured-img":"","footer-sml-layout":"","theme-transparent-header-meta":"","adv-header-id-meta":"","stick-header-meta":"","header-above-stick-meta":"","header-main-stick-meta":"","header-below-stick-meta":"","astra-migrate-meta-layouts":"default","ast-page-background-enabled":"default","ast-page-background-meta":{"desktop":{"background-color":"var(--ast-global-color-4)","background-image":"","background-repeat":"repeat","background-position":"center center","background-size":"auto","background-attachment":"scroll","background-type":"","background-media":"","overlay-type":"","overlay-color":"","overlay-opacity":"","overlay-gradient":""},"tablet":{"background-color":"","background-image":"","background-repeat":"repeat","background-position":"center center","background-size":"auto","background-attachment":"scroll","background-type":"","background-media":"","overlay-type":"","overlay-color":"","overlay-opacity":"","overlay-gradient":""},"mobile":{"background-color":"","background-image":"","background-repeat":"repeat","background-position":"center center","background-size":"auto","background-attachment":"scroll","background-type":"","background-media":"","overlay-type":"","overlay-color":"","overlay-opacity":"","overlay-gradient":""}},"ast-content-background-meta":{"desktop":{"background-color":"var(--ast-global-color-5)","background-image":"","background-repeat":"repeat","background-position":"center center","background-size":"auto","background-attachment":"scroll","background-type":"","background-media":"","overlay-type":"","overlay-color":"","overlay-opacity":"","overlay-gradient":""},"tablet":{"background-color":"var(--ast-global-color-5)","background-image":"","background-repeat":"repeat","background-position":"center center","background-size":"auto","background-attachment":"scroll","background-type":"","background-media":"","overlay-type":"","overlay-color":"","overlay-opacity":"","overlay-gradient":""},"mobile":{"background-color":"var(--ast-global-color-5)","background-image":"","background-repeat":"repeat","background-position":"center center","background-size":"auto","background-attachment":"scroll","background-type":"","background-media":"","overlay-type":"","overlay-color":"","overlay-opacity":"","overlay-gradient":""}},"footnotes":""},"categories":[12304],"tags":[41480,12310],"class_list":["post-20600","post","type-post","status-publish","format-standard","hentry","category-fortalecimiento-institucional","tag-colombia","tag-plan-de-desarrollo"],"aioseo_notices":[],"rttpg_featured_image_url":null,"rttpg_author":{"display_name":"Oscar Eduardo Escobar Garcia","author_link":"https:\/\/www.icesi.edu.co\/blogs\/blog\/lista\/author\/1107048519"},"rttpg_comment":0,"rttpg_category":"<a href=\"https:\/\/www.icesi.edu.co\/blogs\/blog\/lista\/category\/fortalecimiento-institucional\" rel=\"category tag\">Fortalecimiento Institucional<\/a>","rttpg_excerpt":"Los \u2018Micos\u2019 del Plan &nbsp; Por: \u00d3scar Escobar[1] &nbsp; El Plan Nacional de Desarrollo 2010 \u2013 2014: \u201cProsperidad para todos\u201d [&hellip;]","_links":{"self":[{"href":"https:\/\/www.icesi.edu.co\/blogs\/wp-json\/wp\/v2\/posts\/20600"}],"collection":[{"href":"https:\/\/www.icesi.edu.co\/blogs\/wp-json\/wp\/v2\/posts"}],"about":[{"href":"https:\/\/www.icesi.edu.co\/blogs\/wp-json\/wp\/v2\/types\/post"}],"author":[{"embeddable":true,"href":"https:\/\/www.icesi.edu.co\/blogs\/wp-json\/wp\/v2\/users\/1266"}],"replies":[{"embeddable":true,"href":"https:\/\/www.icesi.edu.co\/blogs\/wp-json\/wp\/v2\/comments?post=20600"}],"version-history":[{"count":6,"href":"https:\/\/www.icesi.edu.co\/blogs\/wp-json\/wp\/v2\/posts\/20600\/revisions"}],"predecessor-version":[{"id":20608,"href":"https:\/\/www.icesi.edu.co\/blogs\/wp-json\/wp\/v2\/posts\/20600\/revisions\/20608"}],"wp:attachment":[{"href":"https:\/\/www.icesi.edu.co\/blogs\/wp-json\/wp\/v2\/media?parent=20600"}],"wp:term":[{"taxonomy":"category","embeddable":true,"href":"https:\/\/www.icesi.edu.co\/blogs\/wp-json\/wp\/v2\/categories?post=20600"},{"taxonomy":"post_tag","embeddable":true,"href":"https:\/\/www.icesi.edu.co\/blogs\/wp-json\/wp\/v2\/tags?post=20600"}],"curies":[{"name":"wp","href":"https:\/\/api.w.org\/{rel}","templated":true}]}}