{"id":21319,"date":"2011-07-29T16:44:54","date_gmt":"2011-07-29T21:44:54","guid":{"rendered":"631.119"},"modified":"2011-07-29T16:44:56","modified_gmt":"2011-07-29T21:44:56","slug":"exportar-crieciendo-y-diverificando","status":"publish","type":"post","link":"https:\/\/www.icesi.edu.co\/blogs\/blog\/lista\/exportar-crieciendo-y-diverificando","title":{"rendered":"Exportar crieciendo y diverificando"},"content":{"rendered":"<p>En 2010 las exportaciones del Valle experimentaron un crecimiento de 6.5%, aumento muy parecido al del a\u00f1o 2008. Este dinamismo contrasta con la fuerte ca\u00edda (decrecimiento del 9.4%) que sufrieron las exportaciones vallecaucanas en 2009. El panorama es m\u00e1s alentador que el del 2009, pero los nubarrones no se han despejado del todo.<\/p>\n<p>El 56% de nuestras exportaciones est\u00e1n concentradas en 4 socios comerciales Estados Unidos (18.8%), Ecuador (15.2%), Per\u00fa (12.0%) y Venezuela (10.1%). Y esa concentraci\u00f3n ha sido as\u00ed por muchos a\u00f1os, la diferencia en lo que ha ocurrido desde 2007 es la fuerte ca\u00edda de las exportaciones a un socio comercial tan importante como es Venezuela. En 2007, Venezuela representaba el 23% de las exportaciones, mientras que en 2010 s\u00f3lo se alcanz\u00f3 venderle el 10% de nuestras exportaciones. La p\u00e9rdida de un socio comercial como Venezuela signific\u00f3 la ca\u00edda de nuestras exportaciones a ese destino en  44.3% en 2010, representan una gran talanquera para un mayor dinamismo de nuestras exportaciones en ese a\u00f1o.<\/p>\n<p>Gr\u00e1fico. Composici\u00f3n de las exportaciones del Valle por destino 2007 y 2010.<br \/>\n <a href=\"http:\/\/www.icesi.edu.co\/blogs\/jcalonso\/files\/2011\/07\/export1-july20111.jpg\"><img fetchpriority=\"high\" decoding=\"async\" src=\"http:\/\/www.icesi.edu.co\/blogs\/jcalonso\/files\/2011\/07\/export1-july20111.jpg\" alt=\"\" width=\"236\" height=\"248\" class=\"alignnone size-full wp-image-122\" \/><\/a><br \/>\n<a href=\"http:\/\/www.icesi.edu.co\/blogs\/jcalonso\/files\/2011\/07\/export2-july20111.jpg\"><img decoding=\"async\" src=\"http:\/\/www.icesi.edu.co\/blogs\/jcalonso\/files\/2011\/07\/export2-july20111.jpg\" alt=\"\" width=\"231\" height=\"249\" class=\"alignnone size-full wp-image-123\" \/><\/a><br \/>\nFuente: Banco de la Rep\u00fablica y C\u00e1lculos Cienfi.<br \/>\nPrecisamente, la composici\u00f3n del comercio exterior del Valle implica varios retos para este a\u00f1o. Por un lado, el TLC con Estados Unidos es crucial para los exportadores vallecaucanos y cada mes que pas\u00e9 se est\u00e1n desaprovechando las potencialidades del Valle en materia exportadora para ese mercado. Venezuela sigue siendo otra fuente de incertidumbre grande para los exportadores de la regi\u00f3n. Nuestro \u201cnuevo mejor amigo\u201d no brinda las garant\u00edas para restablecer un comercio din\u00e1mico y vibrante como en el pasado y claramente los empresarios de la regi\u00f3n lo han entendido as\u00ed. Venezuela se ha convertido en un mercado marginal.<br \/>\nY ahora, una de las econom\u00edas m\u00e1s din\u00e1micas de la regi\u00f3n, Per\u00fa presenta una gran interrogante fruto del clima pol\u00edtico y del cambio de gobierno. Ese clima de incertidumbre pol\u00edtico en el vecino puede desacelerar nuestras exportaciones a los peruanos que crecieron en 35.9% en 2010.<\/p>\n<p>Por otro lado, la calificaci\u00f3n de grado de inversi\u00f3n, lo atractivo que se ha vuelto nuestro pa\u00eds para la inversi\u00f3n extranjera y el boom de la producci\u00f3n minera del pa\u00eds  se unen al cambio de pol\u00edtica monetaria del Banco de la Rep\u00fablica de empezar a subir las tasas de inter\u00e9s. Todos estos fen\u00f3menos est\u00e1n trabajando en la misma direcci\u00f3n: atrayendo la llegada masiva de d\u00f3lares al pa\u00eds y por tanto manteniendo la tendencia de la tasa de cambio a la baja. El d\u00f3lar cercano a los $2000 parece un tema del pasado.<\/p>\n<p>Entonces, la incertidumbre pol\u00edtica del TLC y el clima incierto en nuestros vecinos, as\u00ed como el ambiente revaluacionista, pintan un panorama muy retador para los empresarios de la regi\u00f3n. De hecho, en el primer trimestre de 2011, el DANE estima que las exportaciones del departamento cayeron en un 3.4% frente al mismo periodo de 2010. Este ambiente adverso implicar\u00e1 que nuestros empresarios deber\u00e1n continuar su proceso de diversificaci\u00f3n de destino de las exportaciones. La lecci\u00f3n de 2007 y 2008 ya se aprendi\u00f3, no podemos poner todos los huevos en la misma canasta. Apostarle a un solo socio, en ese caso fue Venezuela, no es una buena idea, pero ahora no puede ser apostarle todo a Estados Unidos.  <\/p>\n<p>As\u00ed, este a\u00f1o ser\u00e1 un a\u00f1o importante para el futuro del sector exportador de la regi\u00f3n, la buena noticia est\u00e1 por el lado del mercado local que se encuentra creciendo a un buen ritmo. El crecimiento de la econom\u00eda colombiana permitir\u00e1 a los empresarios apalancarse en el mercado local, para experimentar en nuevos mercados internacionales.<\/p>\n<p>(<a href=\"http:\/\/www.elpais.com.co\/elpais\/edicion_impresa\/51c5d8d9ff72bd5c31aef855be818b2b\/500empresas-Julio-29-de-2011.php\">este art\u00edculo de opini\u00f3n fue publicado el 29 de julio de 2011 en el Diario el Pa\u00eds de la ciudad de Cali)<\/a><\/p>\n","protected":false},"excerpt":{"rendered":"<p>En 2010 las exportaciones del Valle experimentaron un crecimiento de 6.5%, aumento muy parecido al del a\u00f1o 2008. Este dinamismo [&hellip;]<\/p>\n","protected":false},"author":407,"featured_media":0,"comment_status":"closed","ping_status":"closed","sticky":false,"template":"","format":"standard","meta":{"site-sidebar-layout":"default","site-content-layout":"","ast-site-content-layout":"","site-content-style":"default","site-sidebar-style":"default","ast-global-header-display":"","ast-banner-title-visibility":"","ast-main-header-display":"","ast-hfb-above-header-display":"","ast-hfb-below-header-display":"","ast-hfb-mobile-header-display":"","site-post-title":"","ast-breadcrumbs-content":"","ast-featured-img":"","footer-sml-layout":"","theme-transparent-header-meta":"","adv-header-id-meta":"","stick-header-meta":"","header-above-stick-meta":"","header-main-stick-meta":"","header-below-stick-meta":"","astra-migrate-meta-layouts":"default","ast-page-background-enabled":"default","ast-page-background-meta":{"desktop":{"background-color":"var(--ast-global-color-4)","background-image":"","background-repeat":"repeat","background-position":"center center","background-size":"auto","background-attachment":"scroll","background-type":"","background-media":"","overlay-type":"","overlay-color":"","overlay-opacity":"","overlay-gradient":""},"tablet":{"background-color":"","background-image":"","background-repeat":"repeat","background-position":"center center","background-size":"auto","background-attachment":"scroll","background-type":"","background-media":"","overlay-type":"","overlay-color":"","overlay-opacity":"","overlay-gradient":""},"mobile":{"background-color":"","background-image":"","background-repeat":"repeat","background-position":"center center","background-size":"auto","background-attachment":"scroll","background-type":"","background-media":"","overlay-type":"","overlay-color":"","overlay-opacity":"","overlay-gradient":""}},"ast-content-background-meta":{"desktop":{"background-color":"var(--ast-global-color-5)","background-image":"","background-repeat":"repeat","background-position":"center center","background-size":"auto","background-attachment":"scroll","background-type":"","background-media":"","overlay-type":"","overlay-color":"","overlay-opacity":"","overlay-gradient":""},"tablet":{"background-color":"var(--ast-global-color-5)","background-image":"","background-repeat":"repeat","background-position":"center center","background-size":"auto","background-attachment":"scroll","background-type":"","background-media":"","overlay-type":"","overlay-color":"","overlay-opacity":"","overlay-gradient":""},"mobile":{"background-color":"var(--ast-global-color-5)","background-image":"","background-repeat":"repeat","background-position":"center center","background-size":"auto","background-attachment":"scroll","background-type":"","background-media":"","overlay-type":"","overlay-color":"","overlay-opacity":"","overlay-gradient":""}},"footnotes":""},"categories":[506],"tags":[5080,5079,1281,1609],"class_list":["post-21319","post","type-post","status-publish","format-standard","hentry","category-actividad-economica","tag-crecimiento","tag-del-cauca","tag-exportaciones-colombianas","tag-venezuela"],"aioseo_notices":[],"rttpg_featured_image_url":null,"rttpg_author":{"display_name":"Julio Cesar Alonso Cifuentes","author_link":"https:\/\/www.icesi.edu.co\/blogs\/blog\/lista\/author\/94378897"},"rttpg_comment":0,"rttpg_category":"<a href=\"https:\/\/www.icesi.edu.co\/blogs\/blog\/lista\/category\/actividad-economica\" rel=\"category tag\">Actividad Econ\u00f3mica<\/a>","rttpg_excerpt":"En 2010 las exportaciones del Valle experimentaron un crecimiento de 6.5%, aumento muy parecido al del a\u00f1o 2008. Este dinamismo [&hellip;]","_links":{"self":[{"href":"https:\/\/www.icesi.edu.co\/blogs\/wp-json\/wp\/v2\/posts\/21319"}],"collection":[{"href":"https:\/\/www.icesi.edu.co\/blogs\/wp-json\/wp\/v2\/posts"}],"about":[{"href":"https:\/\/www.icesi.edu.co\/blogs\/wp-json\/wp\/v2\/types\/post"}],"author":[{"embeddable":true,"href":"https:\/\/www.icesi.edu.co\/blogs\/wp-json\/wp\/v2\/users\/407"}],"replies":[{"embeddable":true,"href":"https:\/\/www.icesi.edu.co\/blogs\/wp-json\/wp\/v2\/comments?post=21319"}],"version-history":[{"count":1,"href":"https:\/\/www.icesi.edu.co\/blogs\/wp-json\/wp\/v2\/posts\/21319\/revisions"}],"predecessor-version":[{"id":21320,"href":"https:\/\/www.icesi.edu.co\/blogs\/wp-json\/wp\/v2\/posts\/21319\/revisions\/21320"}],"wp:attachment":[{"href":"https:\/\/www.icesi.edu.co\/blogs\/wp-json\/wp\/v2\/media?parent=21319"}],"wp:term":[{"taxonomy":"category","embeddable":true,"href":"https:\/\/www.icesi.edu.co\/blogs\/wp-json\/wp\/v2\/categories?post=21319"},{"taxonomy":"post_tag","embeddable":true,"href":"https:\/\/www.icesi.edu.co\/blogs\/wp-json\/wp\/v2\/tags?post=21319"}],"curies":[{"name":"wp","href":"https:\/\/api.w.org\/{rel}","templated":true}]}}