{"id":31825,"date":"2018-10-10T12:47:30","date_gmt":"2018-10-10T12:47:30","guid":{"rendered":"http:\/\/2096.323"},"modified":"2018-10-10T12:47:30","modified_gmt":"2018-10-10T12:47:30","slug":"sobre-la-marcha","status":"publish","type":"post","link":"https:\/\/www.icesi.edu.co\/blogs\/blog\/lista\/sobre-la-marcha","title":{"rendered":"sobre la marcha&#8230;.."},"content":{"rendered":"<p><strong>COMUNICADO A LA COMUNIDAD UNIVERSITARIA<\/strong><\/p>\n<p>Se anuncia para ma\u00f1ana una marcha en defensa de la educaci\u00f3n p\u00fablica.<\/p>\n<p>La Constituci\u00f3n Colombiana legitima el funcionamiento simult\u00e1neo de universidades del Estado y universidades privadas. La Ley exige que estas \u00faltimas sean entidades sin \u00e1nimo de lucro, es decir, bienes p\u00fablicos administrados como entidades privadas. Por d\u00e9cadas, esos dos tipos de entidades han convivido exitosamente; varias, tanto estatales como privadas, han florecido en ese tiempo.<\/p>\n<p>La Universidad Icesi y las dem\u00e1s universidades privadas responsables han acompa\u00f1ado siempre, desde la Asociaci\u00f3n Colombiana de Universidades (ASCUN), a las universidades estatales en sus esfuerzos por ajustar la Ley 30 en lo que ata\u00f1e a su financiaci\u00f3n. Las universidades estatales, igualmente, han respetado por d\u00e9cadas la pluralidad del sistema y han aceptado, por ejemplo, y sin vacilaci\u00f3n, la existencia de mecanismos de subsidio a la demanda, como los cr\u00e9ditos, con tasa subsidiada de ICETEX.<\/p>\n<p>Sin embargo, de un tiempo para ac\u00e1, se viene notando un cambio en esa posici\u00f3n.<\/p>\n<p>Si bien el programa Ser Pilo Paga fue recibido hace cuatro a\u00f1os, con recelo, por muchas personas en las universidades estatales, los rectores de esas instituciones, en la gran mayor\u00eda de los casos, lo aceptaron con satisfacci\u00f3n.<\/p>\n<p>Pero, por diversas razones, algunas de las cuales no han sido explicadas con claridad, esa posici\u00f3n se ha convertido, recientemente, en una de ataque sin contemplaciones.<\/p>\n<p>En el m\u00e1s reciente comunicado, los rectores, asociados en el Sistema Universitario Estatal (SUE), manifestaron \u201c[nuestro] categ\u00f3rico desacuerdo frente la continuidad del Programa Ser Pilo Paga o su posible reestructuraci\u00f3n\u201d. Y acompa\u00f1aron esa lamentable declaraci\u00f3n de una enga\u00f1osa comparaci\u00f3n de cifras: comparan el costo de la financiaci\u00f3n de los Pilos durante los nueve a\u00f1os que durar\u00e1 el programa, con la cifra incompleta de un solo a\u00f1o de transferencias a las universidades estatales. Eso para concluir equivocadamente que el costo por estudiante del programa es muchas veces m\u00e1s alto que el de la universidad estatal. En igual sentido van otras declaraciones que apuntan a la desaparici\u00f3n de ICETEX.<\/p>\n<p>La Universidad Icesi se ha jugado, tal vez como la que m\u00e1s, en la diversificaci\u00f3n socioecon\u00f3mica de su poblaci\u00f3n universitaria. Llevamos m\u00e1s de doce a\u00f1os ofreciendo oportunidades de acceso a educaci\u00f3n de alta calidad a miles de j\u00f3venes talentosos de diversos lugares del pa\u00eds. Y eso lo hemos hecho todo este tiempo apoyando a esos j\u00f3venes en la obtenci\u00f3n de subsidios a la demanda ofrecidos por el Estado. Hoy, m\u00e1s del 60% de los estudiantes de Icesi provienen de familias residentes de estratos 1, 2 y 3. Y la mayor proporci\u00f3n de estudiantes de pregrado de la Universidad, habitan en estrato 2. Todo eso, mientras nuestros estudiantes de \u00faltimos semestres, de todos los programas, aparecen siempre entre los primeros en las pruebas Saber Pro; y nuestros graduados de a\u00f1os recientes aparecen con muy altas tasas de empleabilidad y entre los de mejores remuneraciones en el Observatorio Laboral de la Educaci\u00f3n Superior.<\/p>\n<p>Esa apuesta a la educaci\u00f3n incluyente de alta calidad no es sostenible sin el apoyo del Estado a los estudiantes mediante subsidios a la demanda.<\/p>\n<p>La defensa de las condiciones para que las universidades estatales ofrezcan educaci\u00f3n de calidad, no deber\u00eda ser pensada a costa de las pol\u00edticas que permiten la libertad de elecci\u00f3n de los estudiantes y la inclusi\u00f3n de poblaci\u00f3n menos favorecida en las universidades privadas de calidad. En lugar de enriquecer, esto puede empobrecer el sistema de educaci\u00f3n superior.<\/p>\n<p>Confiamos en que futuros debates y movilizaciones en favor de las universidades estatales, incorporen argumentos que valoren y defiendan la pluralidad del sistema de educaci\u00f3n superior.<\/p>\n<p>Francisco Piedrahita<\/p>\n<p>Rector<\/p>\n<p>Universidad Icesi<\/p>\n<p>Cali, octubre 9 de 2018<\/p>\n","protected":false},"excerpt":{"rendered":"<p>COMUNICADO A LA COMUNIDAD UNIVERSITARIA Se anuncia para ma\u00f1ana una marcha en defensa de la educaci\u00f3n p\u00fablica. La Constituci\u00f3n Colombiana [&hellip;]<\/p>\n","protected":false},"author":7,"featured_media":0,"comment_status":"closed","ping_status":"closed","sticky":false,"template":"","format":"standard","meta":{"site-sidebar-layout":"default","site-content-layout":"","ast-site-content-layout":"","site-content-style":"default","site-sidebar-style":"default","ast-global-header-display":"","ast-banner-title-visibility":"","ast-main-header-display":"","ast-hfb-above-header-display":"","ast-hfb-below-header-display":"","ast-hfb-mobile-header-display":"","site-post-title":"","ast-breadcrumbs-content":"","ast-featured-img":"","footer-sml-layout":"","theme-transparent-header-meta":"","adv-header-id-meta":"","stick-header-meta":"","header-above-stick-meta":"","header-main-stick-meta":"","header-below-stick-meta":"","astra-migrate-meta-layouts":"default","ast-page-background-enabled":"default","ast-page-background-meta":{"desktop":{"background-color":"var(--ast-global-color-4)","background-image":"","background-repeat":"repeat","background-position":"center center","background-size":"auto","background-attachment":"scroll","background-type":"","background-media":"","overlay-type":"","overlay-color":"","overlay-opacity":"","overlay-gradient":""},"tablet":{"background-color":"","background-image":"","background-repeat":"repeat","background-position":"center center","background-size":"auto","background-attachment":"scroll","background-type":"","background-media":"","overlay-type":"","overlay-color":"","overlay-opacity":"","overlay-gradient":""},"mobile":{"background-color":"","background-image":"","background-repeat":"repeat","background-position":"center center","background-size":"auto","background-attachment":"scroll","background-type":"","background-media":"","overlay-type":"","overlay-color":"","overlay-opacity":"","overlay-gradient":""}},"ast-content-background-meta":{"desktop":{"background-color":"var(--ast-global-color-5)","background-image":"","background-repeat":"repeat","background-position":"center center","background-size":"auto","background-attachment":"scroll","background-type":"","background-media":"","overlay-type":"","overlay-color":"","overlay-opacity":"","overlay-gradient":""},"tablet":{"background-color":"var(--ast-global-color-5)","background-image":"","background-repeat":"repeat","background-position":"center center","background-size":"auto","background-attachment":"scroll","background-type":"","background-media":"","overlay-type":"","overlay-color":"","overlay-opacity":"","overlay-gradient":""},"mobile":{"background-color":"var(--ast-global-color-5)","background-image":"","background-repeat":"repeat","background-position":"center center","background-size":"auto","background-attachment":"scroll","background-type":"","background-media":"","overlay-type":"","overlay-color":"","overlay-opacity":"","overlay-gradient":""}},"footnotes":""},"categories":[2001],"tags":[],"class_list":["post-31825","post","type-post","status-publish","format-standard","hentry","category-sin-categoria"],"aioseo_notices":[],"rttpg_featured_image_url":null,"rttpg_author":{"display_name":"margarita","author_link":"https:\/\/www.icesi.edu.co\/blogs\/blog\/lista\/author\/66923096"},"rttpg_comment":0,"rttpg_category":"<a href=\"https:\/\/www.icesi.edu.co\/blogs\/blog\/lista\/category\/sin-categoria\" rel=\"category tag\">Sin categor\u00eda<\/a>","rttpg_excerpt":"COMUNICADO A LA COMUNIDAD UNIVERSITARIA Se anuncia para ma\u00f1ana una marcha en defensa de la educaci\u00f3n p\u00fablica. La Constituci\u00f3n Colombiana [&hellip;]","_links":{"self":[{"href":"https:\/\/www.icesi.edu.co\/blogs\/wp-json\/wp\/v2\/posts\/31825"}],"collection":[{"href":"https:\/\/www.icesi.edu.co\/blogs\/wp-json\/wp\/v2\/posts"}],"about":[{"href":"https:\/\/www.icesi.edu.co\/blogs\/wp-json\/wp\/v2\/types\/post"}],"author":[{"embeddable":true,"href":"https:\/\/www.icesi.edu.co\/blogs\/wp-json\/wp\/v2\/users\/7"}],"replies":[{"embeddable":true,"href":"https:\/\/www.icesi.edu.co\/blogs\/wp-json\/wp\/v2\/comments?post=31825"}],"version-history":[{"count":0,"href":"https:\/\/www.icesi.edu.co\/blogs\/wp-json\/wp\/v2\/posts\/31825\/revisions"}],"wp:attachment":[{"href":"https:\/\/www.icesi.edu.co\/blogs\/wp-json\/wp\/v2\/media?parent=31825"}],"wp:term":[{"taxonomy":"category","embeddable":true,"href":"https:\/\/www.icesi.edu.co\/blogs\/wp-json\/wp\/v2\/categories?post=31825"},{"taxonomy":"post_tag","embeddable":true,"href":"https:\/\/www.icesi.edu.co\/blogs\/wp-json\/wp\/v2\/tags?post=31825"}],"curies":[{"name":"wp","href":"https:\/\/api.w.org\/{rel}","templated":true}]}}