{"id":34370,"date":"2019-07-08T12:38:41","date_gmt":"2019-07-08T17:38:41","guid":{"rendered":"http:\/\/280.1021"},"modified":"2019-07-08T12:38:41","modified_gmt":"2019-07-08T17:38:41","slug":"minga-de-saberes-memorias-y-paz","status":"publish","type":"post","link":"https:\/\/www.icesi.edu.co\/blogs\/blog\/lista\/minga-de-saberes-memorias-y-paz","title":{"rendered":"Minga de saberes, memorias y paz"},"content":{"rendered":"<p>Entre el 17 y 21 de junio de 2019 realizamos una salida de campo a la zona de El Charco y La Tola en Nari\u00f1o (Pac\u00edfico Sur). All\u00ed estuvimos con un grupo de estudiantes de Antropolog\u00eda, Ciencia Pol\u00edtica y Sociolog\u00eda. Hicimos parte de una minga de experiencias y saberes para fortalecer el Semillero de Convivencia y paz de San Pablo de la Mar, as\u00ed como para avanzar en el dise\u00f1o de una \u201cCasa de las Memorias.\u201d<\/p>\n<p><a href=\"http:\/\/www.icesi.edu.co\/blogs\/cultura\/files\/2019\/07\/image003.png\"><img fetchpriority=\"high\" decoding=\"async\" class=\"aligncenter size-medium wp-image-1022\" src=\"http:\/\/www.icesi.edu.co\/blogs\/cultura\/files\/2019\/07\/image003-300x189.png\" alt=\"\" width=\"300\" height=\"189\" \/><\/a><\/p>\n<p>En este corto tiempo pudimos experimentar la fuerza hist\u00f3rica y cotidiana de las comunidades negras y afrocolombianas, as\u00ed como sus v\u00ednculos profundos con el territorio y sus estrategias y resistencias al conflicto armado, las actividades ilegales y el deterioro ambiental; pero tambi\u00e9n pudimos conocer c\u00f3mo se ha reavivado el conflicto, y el crecimiento de los cultivos y negocios de coca. Mientras las comunidades enfrentan de manera muy solitaria las situaciones que esto genera: dinero f\u00e1cil, y corrupci\u00f3n local; involucramiento de j\u00f3venes a actividades y grupos ilegales, y el deterioro de la tranquilidad y el tejido social. Esperamos seguir acompa\u00f1ando y apoyando este trabajo de intercambio y di\u00e1logo de conocimientos para contribuir a una vida buena para estos y otros territorios del Pac\u00edfico colombiano.<\/p>\n<p><a href=\"http:\/\/www.icesi.edu.co\/blogs\/cultura\/files\/2019\/07\/image001.jpg\"><img decoding=\"async\" class=\"aligncenter size-medium wp-image-1025\" src=\"http:\/\/www.icesi.edu.co\/blogs\/cultura\/files\/2019\/07\/image001-300x221.jpg\" alt=\"\" width=\"300\" height=\"221\" \/><\/a><\/p>\n","protected":false},"excerpt":{"rendered":"<p>Entre el 17 y 21 de junio de 2019 realizamos una salida de campo a la zona de El Charco [&hellip;]<\/p>\n","protected":false},"author":42165648,"featured_media":0,"comment_status":"closed","ping_status":"closed","sticky":false,"template":"","format":"standard","meta":{"site-sidebar-layout":"default","site-content-layout":"","ast-site-content-layout":"","site-content-style":"default","site-sidebar-style":"default","ast-global-header-display":"","ast-banner-title-visibility":"","ast-main-header-display":"","ast-hfb-above-header-display":"","ast-hfb-below-header-display":"","ast-hfb-mobile-header-display":"","site-post-title":"","ast-breadcrumbs-content":"","ast-featured-img":"","footer-sml-layout":"","theme-transparent-header-meta":"","adv-header-id-meta":"","stick-header-meta":"","header-above-stick-meta":"","header-main-stick-meta":"","header-below-stick-meta":"","astra-migrate-meta-layouts":"default","ast-page-background-enabled":"default","ast-page-background-meta":{"desktop":{"background-color":"var(--ast-global-color-4)","background-image":"","background-repeat":"repeat","background-position":"center center","background-size":"auto","background-attachment":"scroll","background-type":"","background-media":"","overlay-type":"","overlay-color":"","overlay-opacity":"","overlay-gradient":""},"tablet":{"background-color":"","background-image":"","background-repeat":"repeat","background-position":"center center","background-size":"auto","background-attachment":"scroll","background-type":"","background-media":"","overlay-type":"","overlay-color":"","overlay-opacity":"","overlay-gradient":""},"mobile":{"background-color":"","background-image":"","background-repeat":"repeat","background-position":"center center","background-size":"auto","background-attachment":"scroll","background-type":"","background-media":"","overlay-type":"","overlay-color":"","overlay-opacity":"","overlay-gradient":""}},"ast-content-background-meta":{"desktop":{"background-color":"var(--ast-global-color-5)","background-image":"","background-repeat":"repeat","background-position":"center center","background-size":"auto","background-attachment":"scroll","background-type":"","background-media":"","overlay-type":"","overlay-color":"","overlay-opacity":"","overlay-gradient":""},"tablet":{"background-color":"var(--ast-global-color-5)","background-image":"","background-repeat":"repeat","background-position":"center center","background-size":"auto","background-attachment":"scroll","background-type":"","background-media":"","overlay-type":"","overlay-color":"","overlay-opacity":"","overlay-gradient":""},"mobile":{"background-color":"var(--ast-global-color-5)","background-image":"","background-repeat":"repeat","background-position":"center center","background-size":"auto","background-attachment":"scroll","background-type":"","background-media":"","overlay-type":"","overlay-color":"","overlay-opacity":"","overlay-gradient":""}},"footnotes":""},"categories":[1],"tags":[],"class_list":["post-34370","post","type-post","status-publish","format-standard","hentry","category-uncategorized"],"aioseo_notices":[],"rttpg_featured_image_url":null,"rttpg_author":{"display_name":"Angela Pinzon Silva","author_link":"https:\/\/www.icesi.edu.co\/blogs\/blog\/lista\/author\/1075267578"},"rttpg_comment":0,"rttpg_category":"<a href=\"https:\/\/www.icesi.edu.co\/blogs\/blog\/lista\/category\/uncategorized\" rel=\"category tag\">Uncategorized<\/a>","rttpg_excerpt":"Entre el 17 y 21 de junio de 2019 realizamos una salida de campo a la zona de El Charco [&hellip;]","_links":{"self":[{"href":"https:\/\/www.icesi.edu.co\/blogs\/wp-json\/wp\/v2\/posts\/34370"}],"collection":[{"href":"https:\/\/www.icesi.edu.co\/blogs\/wp-json\/wp\/v2\/posts"}],"about":[{"href":"https:\/\/www.icesi.edu.co\/blogs\/wp-json\/wp\/v2\/types\/post"}],"author":[{"embeddable":true,"href":"https:\/\/www.icesi.edu.co\/blogs\/wp-json\/wp\/v2\/users\/42165648"}],"replies":[{"embeddable":true,"href":"https:\/\/www.icesi.edu.co\/blogs\/wp-json\/wp\/v2\/comments?post=34370"}],"version-history":[{"count":0,"href":"https:\/\/www.icesi.edu.co\/blogs\/wp-json\/wp\/v2\/posts\/34370\/revisions"}],"wp:attachment":[{"href":"https:\/\/www.icesi.edu.co\/blogs\/wp-json\/wp\/v2\/media?parent=34370"}],"wp:term":[{"taxonomy":"category","embeddable":true,"href":"https:\/\/www.icesi.edu.co\/blogs\/wp-json\/wp\/v2\/categories?post=34370"},{"taxonomy":"post_tag","embeddable":true,"href":"https:\/\/www.icesi.edu.co\/blogs\/wp-json\/wp\/v2\/tags?post=34370"}],"curies":[{"name":"wp","href":"https:\/\/api.w.org\/{rel}","templated":true}]}}