{"id":36922,"date":"2020-08-17T00:06:40","date_gmt":"2020-08-17T00:06:40","guid":{"rendered":"http:\/\/2125.658"},"modified":"2020-08-17T00:06:40","modified_gmt":"2020-08-17T00:06:40","slug":"llega-aelic-a-icesi","status":"publish","type":"post","link":"https:\/\/www.icesi.edu.co\/blogs\/blog\/lista\/llega-aelic-a-icesi","title":{"rendered":"Llega AELIC a Icesi"},"content":{"rendered":"<p>De las tertulias entre Mateo Villegas, Felipe Mar\u00edn y algunos colegas de Interacci\u00f3n en el aula I y Dise\u00f1o de Ambientes de Aprendizaje I, se gest\u00f3 AELIC, el primer colectivo de estudiantes de licenciatura que buscan combinar sus habilidades para crear espacios de integraci\u00f3n y proyectos de inter\u00e9s acad\u00e9mico, dedicados a los futuros maestros y maestras que est\u00e1n form\u00e1ndose en la Escuela.<\/p>\n<p>A largo plazo, los 26 estudiantes de licenciatura que conforman AELIC se sue\u00f1an con convertirla en una asociaci\u00f3n l\u00edder dentro universidad, que impulse y promueva la participaci\u00f3n estudiantil y el desarrollo de actividades de impacto para la comunidad en materia de educaci\u00f3n. Para ello han comenzado a organizarse en 5 comit\u00e9s y 2 \u00e1reas de coordinaci\u00f3n general, y han organizado su primer gran evento: el conversatorio <em>Retos para mantener una educaci\u00f3n de calidad en tiempos de pandemia, <\/em>el cual cont\u00f3 con la participaci\u00f3n de representantes de la Asociaci\u00f3n Nacional De Estudiantes de Secundaria, la Plataforma Municipal de Juventudes Cali, la Secretar\u00eda de Educaci\u00f3n y, claro, AELIC.<\/p>\n<p>Actualmente, la Asociaci\u00f3n est\u00e1 trabajando en una alianza con PSU (Proyecto Social Universitario) y su proyecto Universidad Posible, con el prop\u00f3sito de apoyar la formaci\u00f3n pedag\u00f3gica de los voluntarios antes de hacerse profes de estudiantes de bajos recursos, que se preparan para las pruebas Saber 11.<\/p>\n<p><strong>M\u00e1s informaci\u00f3n:<\/strong><\/p>\n<p>Instragram:\u00a0<strong>aelicicesi<\/strong><br \/>\nFacebook:\u00a0\u00a0<strong>aelicIcesi<\/strong><\/p>\n<p><img decoding=\"async\" class=\" wp-image-659 aligncenter\" src=\"http:\/\/www.icesi.edu.co\/blogs\/licenciaturas\/files\/2020\/10\/logo_aelic-300x300.jpg\" alt=\"\" width=\"202\" height=\"203\" \/><\/p>\n<p><img decoding=\"async\" class=\" wp-image-660 aligncenter\" src=\"http:\/\/www.icesi.edu.co\/blogs\/licenciaturas\/files\/2020\/10\/foto_aelic-300x174.jpg\" alt=\"\" width=\"292\" height=\"170\" \/><\/p>\n","protected":false},"excerpt":{"rendered":"<p>De las tertulias entre Mateo Villegas, Felipe Mar\u00edn y algunos colegas de Interacci\u00f3n en el aula I y Dise\u00f1o de [&hellip;]<\/p>\n","protected":false},"author":42165738,"featured_media":0,"comment_status":"closed","ping_status":"closed","sticky":false,"template":"","format":"standard","meta":{"site-sidebar-layout":"default","site-content-layout":"","ast-site-content-layout":"","site-content-style":"default","site-sidebar-style":"default","ast-global-header-display":"","ast-banner-title-visibility":"","ast-main-header-display":"","ast-hfb-above-header-display":"","ast-hfb-below-header-display":"","ast-hfb-mobile-header-display":"","site-post-title":"","ast-breadcrumbs-content":"","ast-featured-img":"","footer-sml-layout":"","theme-transparent-header-meta":"","adv-header-id-meta":"","stick-header-meta":"","header-above-stick-meta":"","header-main-stick-meta":"","header-below-stick-meta":"","astra-migrate-meta-layouts":"default","ast-page-background-enabled":"default","ast-page-background-meta":{"desktop":{"background-color":"var(--ast-global-color-4)","background-image":"","background-repeat":"repeat","background-position":"center center","background-size":"auto","background-attachment":"scroll","background-type":"","background-media":"","overlay-type":"","overlay-color":"","overlay-opacity":"","overlay-gradient":""},"tablet":{"background-color":"","background-image":"","background-repeat":"repeat","background-position":"center center","background-size":"auto","background-attachment":"scroll","background-type":"","background-media":"","overlay-type":"","overlay-color":"","overlay-opacity":"","overlay-gradient":""},"mobile":{"background-color":"","background-image":"","background-repeat":"repeat","background-position":"center center","background-size":"auto","background-attachment":"scroll","background-type":"","background-media":"","overlay-type":"","overlay-color":"","overlay-opacity":"","overlay-gradient":""}},"ast-content-background-meta":{"desktop":{"background-color":"var(--ast-global-color-5)","background-image":"","background-repeat":"repeat","background-position":"center center","background-size":"auto","background-attachment":"scroll","background-type":"","background-media":"","overlay-type":"","overlay-color":"","overlay-opacity":"","overlay-gradient":""},"tablet":{"background-color":"var(--ast-global-color-5)","background-image":"","background-repeat":"repeat","background-position":"center center","background-size":"auto","background-attachment":"scroll","background-type":"","background-media":"","overlay-type":"","overlay-color":"","overlay-opacity":"","overlay-gradient":""},"mobile":{"background-color":"var(--ast-global-color-5)","background-image":"","background-repeat":"repeat","background-position":"center center","background-size":"auto","background-attachment":"scroll","background-type":"","background-media":"","overlay-type":"","overlay-color":"","overlay-opacity":"","overlay-gradient":""}},"footnotes":""},"categories":[2001],"tags":[],"class_list":["post-36922","post","type-post","status-publish","format-standard","hentry","category-sin-categoria"],"aioseo_notices":[],"rttpg_featured_image_url":null,"rttpg_author":{"display_name":"Diana Lucia Collazos Beron","author_link":"https:\/\/www.icesi.edu.co\/blogs\/blog\/lista\/author\/1144096026"},"rttpg_comment":0,"rttpg_category":"<a href=\"https:\/\/www.icesi.edu.co\/blogs\/blog\/lista\/category\/sin-categoria\" rel=\"category tag\">Sin categor\u00eda<\/a>","rttpg_excerpt":"De las tertulias entre Mateo Villegas, Felipe Mar\u00edn y algunos colegas de Interacci\u00f3n en el aula I y Dise\u00f1o de [&hellip;]","_links":{"self":[{"href":"https:\/\/www.icesi.edu.co\/blogs\/wp-json\/wp\/v2\/posts\/36922"}],"collection":[{"href":"https:\/\/www.icesi.edu.co\/blogs\/wp-json\/wp\/v2\/posts"}],"about":[{"href":"https:\/\/www.icesi.edu.co\/blogs\/wp-json\/wp\/v2\/types\/post"}],"author":[{"embeddable":true,"href":"https:\/\/www.icesi.edu.co\/blogs\/wp-json\/wp\/v2\/users\/42165738"}],"replies":[{"embeddable":true,"href":"https:\/\/www.icesi.edu.co\/blogs\/wp-json\/wp\/v2\/comments?post=36922"}],"version-history":[{"count":0,"href":"https:\/\/www.icesi.edu.co\/blogs\/wp-json\/wp\/v2\/posts\/36922\/revisions"}],"wp:attachment":[{"href":"https:\/\/www.icesi.edu.co\/blogs\/wp-json\/wp\/v2\/media?parent=36922"}],"wp:term":[{"taxonomy":"category","embeddable":true,"href":"https:\/\/www.icesi.edu.co\/blogs\/wp-json\/wp\/v2\/categories?post=36922"},{"taxonomy":"post_tag","embeddable":true,"href":"https:\/\/www.icesi.edu.co\/blogs\/wp-json\/wp\/v2\/tags?post=36922"}],"curies":[{"name":"wp","href":"https:\/\/api.w.org\/{rel}","templated":true}]}}