{"id":37659,"date":"2019-10-28T07:35:18","date_gmt":"2019-10-28T07:35:18","guid":{"rendered":"http:\/\/2125.1288"},"modified":"2019-10-28T07:35:18","modified_gmt":"2019-10-28T07:35:18","slug":"un-joven-escritor-en-la-escuela","status":"publish","type":"post","link":"https:\/\/www.icesi.edu.co\/blogs\/blog\/lista\/un-joven-escritor-en-la-escuela","title":{"rendered":"Un joven escritor en la Escuela"},"content":{"rendered":"<p>Andr\u00e9s Felipe Vargas, un admirador de William Ospina, y de otros escritores colombianos, lleg\u00f3 a la Cali hace 3 a\u00f1os desde la Vereda Versalles de Pitalito, Huila. Aqu\u00ed comenz\u00f3 a estudiar Licenciatura en Ciencias Sociales en Icesi y a escribir \u201cMi Abuela y el Ni\u00f1o de la Luna\u201d, libro con el que gan\u00f3 el Concurso Nacional de Cuento Infantil Comfamiliar Atl\u00e1ntico en su edici\u00f3n nro. 27. Su libro que inicia con una bella idea: \u201cQuisiera que hubiera una l\u00ednea telef\u00f3nica en el cielo. Que llegaran hasta all\u00e1 los mensajes\u201d. Para esta edici\u00f3n del Bolet\u00edn, Andr\u00e9s habla sobre su arribo a la literatura infantil, sobre el proceso de construcci\u00f3n de Mi Abuela y el Ni\u00f1o de la Luna, y sobre sus sue\u00f1os y esperanzas alrededor de dos pasiones: la ense\u00f1anza y la escritura.<\/p>\n<p>&nbsp;<\/p>\n<p><strong>\u00bfPor qu\u00e9 apuntarle a la literatura infantil?<\/strong><\/p>\n<p><img decoding=\"async\" class=\"wp-image-1289 alignleft\" src=\"http:\/\/www.icesi.edu.co\/blogs\/licenciaturas\/files\/2020\/11\/pip1-300x246.png\" alt=\"\" width=\"190\" height=\"157\" \/> Comienzo confesando que yo no soy muy cercano a la lectura de literatura infantil, la cual conoc\u00ed en mi colegio, la Normal Superior de Pitalito, a trav\u00e9s de los cuentos del profesor Gerardo Meneses Claros, quien hoy en d\u00eda es uno de los escritores colombianos m\u00e1s reconocidos en el campo de la literatura infantil. Aunque \u00e9l nunca me dio clase, era pr\u00e1cticamente un requisito leerlo en el curso de espa\u00f1ol con la profesora Aidamary Bola\u00f1o. Recuero La Luna en los Almendros y Danilo Danilero, Cabeza de Velero, que es un libro tradicional en Pitalito. Ese fue mi primer acercamiento. Aidamary fue muy importante. Mi llegada a la literatura la hago m\u00e1s o menos en grado noveno, junto a ella, cuando conozco a Eduardo Galeano y William Ospina. Tambi\u00e9n el f\u00fatbol me marc\u00f3 cuando conoc\u00ed a Eduardo Sacheri, quien me impuls\u00f3 a la lectura de cuentos con uno que escribi\u00f3 sobre f\u00fatbol callejero.<\/p>\n<p><strong>\u00bfC\u00f3mo nace Mi Abuela y El Ni\u00f1o de la Luna?<\/strong><\/p>\n<p>De la necesidad de inmortalizar a mi abuelita Carmen, quien ya falleci\u00f3 hace 9 a\u00f1os. Ella es el centro que marca mi historia y mi familia. Viv\u00ed con ella 5 a\u00f1os y desde chiquito o\u00ed las historias que me contaba junto a mi abuelo.<\/p>\n<p><strong>\u00bfC\u00f3mo fue el proceso de creaci\u00f3n del libro y tu participaci\u00f3n en el concurso?<\/strong><\/p>\n<p>Me entero del concurso mediante la biograf\u00eda del profe Gerardo, pues \u00e9l tambi\u00e9n lo gan\u00f3. En ese momento yo ya ten\u00eda la idea, pero no lo hab\u00eda escrito a\u00fan. Lo comenc\u00e9 con la dedicatoria, que dice \u201cPara ti, abuela, porque cuando lo vi, ya no eras m\u00e1s que recuerdo\u201d. Despu\u00e9s empec\u00e9 a escribir en las vacaciones de enero y de ah\u00ed no par\u00e9 sino hasta el mes siguiente.<\/p>\n<p>En el proceso de escritura tom\u00e9 como base los conocimientos que aprend\u00ed con el profesor Harold Kremer en el curso de Cr\u00f3nica y Literatura, una de las electivas en humanidades que ofrece Icesi. \u00c9l me ense\u00f1\u00f3 que un cuento tiene un tema, un nivel de la historia, un nivel del relato y unos puntos de giro. As\u00ed comenc\u00e9 a estructurarlo, pensando tambi\u00e9n cu\u00e1les iban a ser mi secuencias y el lenguaje. Recuerdo que una noche me sali\u00f3 el primer cap\u00edtulo. En ese momento me dije \u201cyo creo que va a salir un buen cuento\u201d, entonces trabaj\u00e9 hasta acabarlo y luego me decid\u00ed a enviarlo al concurso.<\/p>\n<p><strong>Adem\u00e1s de referirte a la abuela Carmen, \u00bfen qu\u00e9 m\u00e1s se parecen este libro y t\u00fa?<\/strong><\/p>\n<p>Cuando se hace algo art\u00edstico uno deja todo en ello, entonces creo que tiene casi todo de m\u00ed. En mi caso, en este cuento escrib\u00ed todo lo que quer\u00eda decir. Incluso dos de los personajes tienen los nombres de personas que, en el momento de creaci\u00f3n del libro, no hab\u00edan nacido y que ahora para su publicaci\u00f3n ya nacieron: Juan Esteban y Cataleya, personajes de mi cuento, son los hijos de mis primos. Quer\u00eda que ambos conocieran la historia que ah\u00ed relato y que tuvieran su propio libro. Adicionalmente, creo que es un cuento muy colombiano, al fin y al cabo, nace de lo que he vivido.<\/p>\n<p><strong>Claro, por ah\u00ed se menciona la canci\u00f3n de <em>Faltan cinco pa\u00b4 las 12<\/em> y se juega a la Rayuela.<\/strong><\/p>\n<p>S\u00ed.<\/p>\n<p><strong>\u00bfY c\u00f3mo marca tu vida ganar el concurso?<\/strong><\/p>\n<p>Es un paso importante, este concurso lo han ganado escritores como Fernando Meneses, Evelio Rosero y Triunfo Arciniegas. En mi vida yo pienso dedicarle mucho tiempo a la literatura, pues sue\u00f1o con escribir m\u00e1s libros, as\u00ed que creo que esto es un buen comienzo: es mi primer cuento. Esperemos que sea el primero de muchos.<\/p>\n<p><strong>\u00bfHas pensado en integrar la escritura y la lectura de cuentos a la\u00a0<\/strong><strong>ense\u00f1anza de las ciencias sociales?<\/strong><\/p>\n<p><img decoding=\"async\" class=\"wp-image-1290 alignleft\" src=\"http:\/\/www.icesi.edu.co\/blogs\/licenciaturas\/files\/2020\/11\/pip-300x222.png\" alt=\"\" width=\"219\" height=\"162\" \/>Por supuesto. Creo es que fundamental la incorporaci\u00f3n de las historias orales de los pueblos a las clases, sobre todo a las de ciencias sociales. Esto permitir\u00eda que ni\u00f1os, ni\u00f1as y j\u00f3venes empiecen a entender su historia y a conocerla desde sus propios padres, madres y abuelos. Porque siempre nos han tra\u00eddo una cartilla y nos han dicho \u201cesta es la historia\u201d, pero es una totalmente alejada; como si Crist\u00f3bal Col\u00f3n no tuviera nada que ver con nosotros. Creo, adem\u00e1s, que la literatura permite que las personas vivan aquello que ya pas\u00f3, de ah\u00ed nace la novela hist\u00f3rica por ejemplo, la cual estudi\u00e9 con el profesor Hoover Delgado de la Escuela. Espero incorporar este tipo de relatos a mis clases. Qu\u00e9 mejor que poder decirle a los ni\u00f1os \u201cyo hice este cuento. Le\u00e1moslo juntos\u201d. Por lo pronto quiero que sobre esto sea mi tesis, me la pienso como la construcci\u00f3n de una narraci\u00f3n oral para la ense\u00f1anza pedag\u00f3gica de la historia enfocada en mi escuelita.<\/p>\n","protected":false},"excerpt":{"rendered":"<p>Andr\u00e9s Felipe Vargas, un admirador de William Ospina, y de otros escritores colombianos, lleg\u00f3 a la Cali hace 3 a\u00f1os [&hellip;]<\/p>\n","protected":false},"author":42165738,"featured_media":0,"comment_status":"closed","ping_status":"closed","sticky":false,"template":"","format":"standard","meta":{"site-sidebar-layout":"default","site-content-layout":"","ast-site-content-layout":"","site-content-style":"default","site-sidebar-style":"default","ast-global-header-display":"","ast-banner-title-visibility":"","ast-main-header-display":"","ast-hfb-above-header-display":"","ast-hfb-below-header-display":"","ast-hfb-mobile-header-display":"","site-post-title":"","ast-breadcrumbs-content":"","ast-featured-img":"","footer-sml-layout":"","theme-transparent-header-meta":"","adv-header-id-meta":"","stick-header-meta":"","header-above-stick-meta":"","header-main-stick-meta":"","header-below-stick-meta":"","astra-migrate-meta-layouts":"default","ast-page-background-enabled":"default","ast-page-background-meta":{"desktop":{"background-color":"var(--ast-global-color-4)","background-image":"","background-repeat":"repeat","background-position":"center center","background-size":"auto","background-attachment":"scroll","background-type":"","background-media":"","overlay-type":"","overlay-color":"","overlay-opacity":"","overlay-gradient":""},"tablet":{"background-color":"","background-image":"","background-repeat":"repeat","background-position":"center center","background-size":"auto","background-attachment":"scroll","background-type":"","background-media":"","overlay-type":"","overlay-color":"","overlay-opacity":"","overlay-gradient":""},"mobile":{"background-color":"","background-image":"","background-repeat":"repeat","background-position":"center center","background-size":"auto","background-attachment":"scroll","background-type":"","background-media":"","overlay-type":"","overlay-color":"","overlay-opacity":"","overlay-gradient":""}},"ast-content-background-meta":{"desktop":{"background-color":"var(--ast-global-color-5)","background-image":"","background-repeat":"repeat","background-position":"center center","background-size":"auto","background-attachment":"scroll","background-type":"","background-media":"","overlay-type":"","overlay-color":"","overlay-opacity":"","overlay-gradient":""},"tablet":{"background-color":"var(--ast-global-color-5)","background-image":"","background-repeat":"repeat","background-position":"center center","background-size":"auto","background-attachment":"scroll","background-type":"","background-media":"","overlay-type":"","overlay-color":"","overlay-opacity":"","overlay-gradient":""},"mobile":{"background-color":"var(--ast-global-color-5)","background-image":"","background-repeat":"repeat","background-position":"center center","background-size":"auto","background-attachment":"scroll","background-type":"","background-media":"","overlay-type":"","overlay-color":"","overlay-opacity":"","overlay-gradient":""}},"footnotes":""},"categories":[2001],"tags":[],"class_list":["post-37659","post","type-post","status-publish","format-standard","hentry","category-sin-categoria"],"aioseo_notices":[],"rttpg_featured_image_url":null,"rttpg_author":{"display_name":"Diana Lucia Collazos Beron","author_link":"https:\/\/www.icesi.edu.co\/blogs\/blog\/lista\/author\/1144096026"},"rttpg_comment":0,"rttpg_category":"<a href=\"https:\/\/www.icesi.edu.co\/blogs\/blog\/lista\/category\/sin-categoria\" rel=\"category tag\">Sin categor\u00eda<\/a>","rttpg_excerpt":"Andr\u00e9s Felipe Vargas, un admirador de William Ospina, y de otros escritores colombianos, lleg\u00f3 a la Cali hace 3 a\u00f1os [&hellip;]","_links":{"self":[{"href":"https:\/\/www.icesi.edu.co\/blogs\/wp-json\/wp\/v2\/posts\/37659"}],"collection":[{"href":"https:\/\/www.icesi.edu.co\/blogs\/wp-json\/wp\/v2\/posts"}],"about":[{"href":"https:\/\/www.icesi.edu.co\/blogs\/wp-json\/wp\/v2\/types\/post"}],"author":[{"embeddable":true,"href":"https:\/\/www.icesi.edu.co\/blogs\/wp-json\/wp\/v2\/users\/42165738"}],"replies":[{"embeddable":true,"href":"https:\/\/www.icesi.edu.co\/blogs\/wp-json\/wp\/v2\/comments?post=37659"}],"version-history":[{"count":0,"href":"https:\/\/www.icesi.edu.co\/blogs\/wp-json\/wp\/v2\/posts\/37659\/revisions"}],"wp:attachment":[{"href":"https:\/\/www.icesi.edu.co\/blogs\/wp-json\/wp\/v2\/media?parent=37659"}],"wp:term":[{"taxonomy":"category","embeddable":true,"href":"https:\/\/www.icesi.edu.co\/blogs\/wp-json\/wp\/v2\/categories?post=37659"},{"taxonomy":"post_tag","embeddable":true,"href":"https:\/\/www.icesi.edu.co\/blogs\/wp-json\/wp\/v2\/tags?post=37659"}],"curies":[{"name":"wp","href":"https:\/\/api.w.org\/{rel}","templated":true}]}}