{"id":37856,"date":"2020-12-17T15:20:11","date_gmt":"2020-12-17T15:20:11","guid":{"rendered":"http:\/\/2113.709"},"modified":"2020-12-17T15:20:11","modified_gmt":"2020-12-17T15:20:11","slug":"representantes-estudiantiles-5","status":"publish","type":"post","link":"https:\/\/www.icesi.edu.co\/blogs\/blog\/lista\/representantes-estudiantiles-5","title":{"rendered":"Representantes Estudiantiles"},"content":{"rendered":"<p><img fetchpriority=\"high\" decoding=\"async\" class=\"size-full wp-image-692 aligncenter\" src=\"http:\/\/www.icesi.edu.co\/blogs\/point\/files\/2020\/12\/Imagen-8.png\" alt=\"\" width=\"550\" height=\"550\" \/><\/p>\n<p>\u00a1Hola comunidad CIP! Esperamos que est\u00e9n pasando un excelente final de semestre ?. Definitivamente este a\u00f1o vol\u00f3, con muchos obst\u00e1culos y momentos dif\u00edciles pero con un mont\u00f3n de aprendizajes. Nos encanta poder compartirles y tener la satisfacci\u00f3n de decirles que ya casi lo logramos, ha sido un a\u00f1o extremadamente retador pero eso no nos detuvo para realizar varios eventos, comenzar con nuestra gran Integraci\u00f3n de la Facultad de Derecho y Ciencias Sociales (FDCS), compartir contenido valioso en nuestro Instagram, retomar Cali en el lente y finalmente, preparar y entregarles sus camisas oficiales de la carrera ?. Sin embargo, a\u00fan no acabamos y queda cerrar el semestre con la segunda versi\u00f3n de la Integraci\u00f3n FDCS. \u00a1Casi que no!<\/p>\n<p>En esta nueva versi\u00f3n se vienen un mont\u00f3n de sorpresas y seguimos contando con el apoyo de todos los programas de pregrado de la Facultad, de numerosos grupos estudiantiles y un grupo espectacular de redes y log\u00edstica \u2764\ufe0f. Estamos incre\u00edblemente felices de saber que contamos tambi\u00e9n con la participaci\u00f3n de algunas maestr\u00edas de nuestra Facultad, el Programa de Estudios de G\u00e9nero y el Observatorio de Equidad de la Mujer (OEM). Ser\u00e1 una semana inolvidable llena de espacios, actividades y momentos en los que vamos a poder compartir como Facultad, estudiantes, profes y comunidad universitaria en general.<\/p>\n<p>Finalmente, queda agradecerles todo su apoyo y extenderles la invitaci\u00f3n a participar -ojal\u00e1- en todo lo que tenemos planeado para la pr\u00f3xima semana ? (14-19 de diciembre). La Integraci\u00f3n FDCS II ser\u00e1 \u00fanica y delinear\u00e1 un camino muy emocionante para toda la Facultad y Universidad ???. Nos encanta que ustedes puedan hacer parte de esto ?\u2764\ufe0f. Recuerden seguirnos en nuestras p\u00e1ginas de Instagram @representantescip @integracionfdcs para estar pendientes de todos los detalles. \u00a1Nos vemos la pr\u00f3xima semana! ???<\/p>\n<p>Un gran abrazo,<\/p>\n<p>Catalina y Victoria<\/p>\n","protected":false},"excerpt":{"rendered":"<p>\u00a1Hola comunidad CIP! Esperamos que est\u00e9n pasando un excelente final de semestre ?. Definitivamente este a\u00f1o vol\u00f3, con muchos obst\u00e1culos [&hellip;]<\/p>\n","protected":false},"author":42165844,"featured_media":0,"comment_status":"closed","ping_status":"closed","sticky":false,"template":"","format":"standard","meta":{"site-sidebar-layout":"default","site-content-layout":"","ast-site-content-layout":"","site-content-style":"default","site-sidebar-style":"default","ast-global-header-display":"","ast-banner-title-visibility":"","ast-main-header-display":"","ast-hfb-above-header-display":"","ast-hfb-below-header-display":"","ast-hfb-mobile-header-display":"","site-post-title":"","ast-breadcrumbs-content":"","ast-featured-img":"","footer-sml-layout":"","theme-transparent-header-meta":"","adv-header-id-meta":"","stick-header-meta":"","header-above-stick-meta":"","header-main-stick-meta":"","header-below-stick-meta":"","astra-migrate-meta-layouts":"default","ast-page-background-enabled":"default","ast-page-background-meta":{"desktop":{"background-color":"var(--ast-global-color-4)","background-image":"","background-repeat":"repeat","background-position":"center center","background-size":"auto","background-attachment":"scroll","background-type":"","background-media":"","overlay-type":"","overlay-color":"","overlay-opacity":"","overlay-gradient":""},"tablet":{"background-color":"","background-image":"","background-repeat":"repeat","background-position":"center center","background-size":"auto","background-attachment":"scroll","background-type":"","background-media":"","overlay-type":"","overlay-color":"","overlay-opacity":"","overlay-gradient":""},"mobile":{"background-color":"","background-image":"","background-repeat":"repeat","background-position":"center center","background-size":"auto","background-attachment":"scroll","background-type":"","background-media":"","overlay-type":"","overlay-color":"","overlay-opacity":"","overlay-gradient":""}},"ast-content-background-meta":{"desktop":{"background-color":"var(--ast-global-color-5)","background-image":"","background-repeat":"repeat","background-position":"center center","background-size":"auto","background-attachment":"scroll","background-type":"","background-media":"","overlay-type":"","overlay-color":"","overlay-opacity":"","overlay-gradient":""},"tablet":{"background-color":"var(--ast-global-color-5)","background-image":"","background-repeat":"repeat","background-position":"center center","background-size":"auto","background-attachment":"scroll","background-type":"","background-media":"","overlay-type":"","overlay-color":"","overlay-opacity":"","overlay-gradient":""},"mobile":{"background-color":"var(--ast-global-color-5)","background-image":"","background-repeat":"repeat","background-position":"center center","background-size":"auto","background-attachment":"scroll","background-type":"","background-media":"","overlay-type":"","overlay-color":"","overlay-opacity":"","overlay-gradient":""}},"footnotes":""},"categories":[2001],"tags":[],"class_list":["post-37856","post","type-post","status-publish","format-standard","hentry","category-sin-categoria"],"aioseo_notices":[],"rttpg_featured_image_url":null,"rttpg_author":{"display_name":"Laura Villegas Buitrago","author_link":"https:\/\/www.icesi.edu.co\/blogs\/blog\/lista\/author\/1115087059"},"rttpg_comment":0,"rttpg_category":"<a href=\"https:\/\/www.icesi.edu.co\/blogs\/blog\/lista\/category\/sin-categoria\" rel=\"category tag\">Sin categor\u00eda<\/a>","rttpg_excerpt":"\u00a1Hola comunidad CIP! Esperamos que est\u00e9n pasando un excelente final de semestre ?. Definitivamente este a\u00f1o vol\u00f3, con muchos obst\u00e1culos [&hellip;]","_links":{"self":[{"href":"https:\/\/www.icesi.edu.co\/blogs\/wp-json\/wp\/v2\/posts\/37856"}],"collection":[{"href":"https:\/\/www.icesi.edu.co\/blogs\/wp-json\/wp\/v2\/posts"}],"about":[{"href":"https:\/\/www.icesi.edu.co\/blogs\/wp-json\/wp\/v2\/types\/post"}],"author":[{"embeddable":true,"href":"https:\/\/www.icesi.edu.co\/blogs\/wp-json\/wp\/v2\/users\/42165844"}],"replies":[{"embeddable":true,"href":"https:\/\/www.icesi.edu.co\/blogs\/wp-json\/wp\/v2\/comments?post=37856"}],"version-history":[{"count":0,"href":"https:\/\/www.icesi.edu.co\/blogs\/wp-json\/wp\/v2\/posts\/37856\/revisions"}],"wp:attachment":[{"href":"https:\/\/www.icesi.edu.co\/blogs\/wp-json\/wp\/v2\/media?parent=37856"}],"wp:term":[{"taxonomy":"category","embeddable":true,"href":"https:\/\/www.icesi.edu.co\/blogs\/wp-json\/wp\/v2\/categories?post=37856"},{"taxonomy":"post_tag","embeddable":true,"href":"https:\/\/www.icesi.edu.co\/blogs\/wp-json\/wp\/v2\/tags?post=37856"}],"curies":[{"name":"wp","href":"https:\/\/api.w.org\/{rel}","templated":true}]}}