{"id":37926,"date":"2020-12-22T15:27:40","date_gmt":"2020-12-22T15:27:40","guid":{"rendered":"http:\/\/2125.1401"},"modified":"2020-12-22T15:27:40","modified_gmt":"2020-12-22T15:27:40","slug":"propuesta-didactica-para-el-informe-basta-ya","status":"publish","type":"post","link":"https:\/\/www.icesi.edu.co\/blogs\/blog\/lista\/propuesta-didactica-para-el-informe-basta-ya","title":{"rendered":"Propuesta did\u00e1ctica para el Informe: Basta Ya"},"content":{"rendered":"<p>La siguiente propuesta did\u00e1ctica est\u00e1 dirigida a estudiantes de grados superiores en el marco de una clase de ciencias sociales o, de acuerdo con el curr\u00edculo escolar, para el taller de c\u00e1tedra de paz. Esta propuesta pretende socializar el informe \u201c\u00a1Basta ya!\u201d del Centro Nacional de Memoria Hist\u00f3rica (A\u00d1O) en relaci\u00f3n con la comprensi\u00f3n del origen y las transformaciones del conflicto armado colombiano. Tendr\u00e1 como eje central de reflexi\u00f3n el cap\u00edtulo 2: Los or\u00edgenes, las din\u00e1micas y el crecimiento del conflicto armado. Este cap\u00edtulo hace una exposici\u00f3n y narraci\u00f3n hist\u00f3rica amplia del conflicto armado colombiano del siglo XX y XXI, desde 1958 a 2013, fecha de su publicaci\u00f3n.<\/p>\n<p><strong>Prop\u00f3sito:<\/strong><\/p>\n<p>El objetivo principal de la propuesta did\u00e1ctica es que los estudiantes puedan reconocer los diversos actores y din\u00e1micas que han conformado el fen\u00f3meno del conflicto armado en Colombia. Para ello se ha dise\u00f1ado una ruta de trabajo que se divide en 5 encuentros. Cada sesi\u00f3n plantea din\u00e1micas y estrategias diversas que develan la heterogeneidad del asunto tratado, pero que contribuyen al cumplimiento del objetivo general. Los 5 momentos son: Momentos y lugares del conflicto, Las guerrillas en Colombia, Negociaciones de paz, Gobiernos b\u00e9licos o de di\u00e1logo y Las AUC en Colombia.<\/p>\n<p>Aqu\u00ed abordaremos el primer encuentro de trabajo denominado Momentos y lugares del conflicto. La intenci\u00f3n de esta primera fase es un encuadre del fen\u00f3meno desde las categor\u00edas de tiempo y espacio que son tan frecuentes en el estudio de las ciencias sociales. Los estudiantes lograr\u00e1n identificar la amplitud del evento bajo estos dos encuadres, y para ello ser\u00e1 vital la construcci\u00f3n de un mapa que ser\u00e1 el resultado de un proceso de selecci\u00f3n y esquematizaci\u00f3n gr\u00e1fica, para producir un registro visual que ilustre el alcance de la violencia a lo largo del territorio colombiano. Por otro lado, la propuesta contempla el uso de recursos TIC para el desarrollo de la tem\u00e1tica. Con ello se busca, por un lado, seguir fortaleciendo sus competencias digitales y, por otro, desarrollar la capacidad de ubicaci\u00f3n espacial en el territorio colombiano. Aun as\u00ed, si por las circunstancias de la escuela el docente se ve limitado en el uso de las herramientas tecnol\u00f3gicas, esta propuesta puede tener unos ajustes que siguen permitiendo la buena ejecuci\u00f3n y consecuci\u00f3n del objetivo de aprendizaje sin depender directamente del uso de herramientas tecnol\u00f3gicas.<\/p>\n<p>La propuesta se basa en la construcci\u00f3n de una mapa colaborativo, por eso el uso de la herramienta TIC de Miro como un tablero digital colaborativo donde se puede dise\u00f1ar, graficar y, en este caso, ubicar elementos seg\u00fan el criterio de los participantes. Adem\u00e1s, permite el trabajo en conjunto en tiempo real lo cual da la posibilidad de integrar a todos los miembros de una clase. La estrategia contempla el dise\u00f1o de un tablero y unas fichas espec\u00edficas que las encontramos en el siguiente enlace:<\/p>\n<p><a href=\"https:\/\/miro.com\/app\/board\/o9J_klkWh2k=\/\">https:\/\/miro.com\/app\/board\/o9J_klkWh2k=\/<\/a><\/p>\n<p>&nbsp;<\/p>\n<p><strong>Construcci\u00f3n de un mapa de Conflicto en la App Miro<\/strong><\/p>\n<p><strong>Uso del recurso:<\/strong><\/p>\n<ol>\n<li>Se dividen los estudiantes de manera aleatoria en 5 grupos.<\/li>\n<li>Cada estudiante ingresa la aplicaci\u00f3n Miro con el link que ha dado el profesor.<\/li>\n<li>Cada estudiante debe ampliar el tablero digital y se ubica en el recuadro de color que le corresponde seg\u00fan su grupo. All\u00ed encontrar\u00e1n 6 recuadros movibles \u2013 que funcionan como fichas &#8211; con eventos hist\u00f3ricos del conflicto armado en Colombia y los respectivos nombres de los lugares donde ocurrieron los hechos.<\/li>\n<li>Se distribuyen internamente la forma de trabajo y realizan una b\u00fasqueda de informaci\u00f3n sobre cada uno de los eventos para profundizar en lo sucedido (actores, lugares, contextos, v\u00edctimas, etc.).<\/li>\n<li>Los estudiantes deben buscar el lugar indicado en el recuadro movible a trav\u00e9s de Google Maps para luego ubicar cada uno de los sucesos en el mapa grande de Colombia. Para ello, se debe arrastrar la casilla y se desplaza al lugar correspondiente.<\/li>\n<li>Finalizado esto, los estudiantes deben tomar una captura o imprimir el frame con el resultado del mapa elaborado colaborativamente.<\/li>\n<li>Momento de reflexi\u00f3n con el mapa construido.<\/li>\n<\/ol>\n<ul>\n<li>\u00bfQu\u00e9 creen que significan los colores en el mapa?<\/li>\n<li>\u00bfQu\u00e9 hay de particular en la distribuci\u00f3n de los puntos en el mapa?<\/li>\n<li>\u00bfHubo eventos cerca a tu ciudad o regi\u00f3n?<\/li>\n<li>\u00bfQu\u00e9 conclusi\u00f3n puedes sacar al ver el mapa?<\/li>\n<\/ul>\n<p>&nbsp;<\/p>\n<p>Finalmente, se hace hincapi\u00e9 en la prolongaci\u00f3n en el tiempo y en el territorio que ha tenido el fen\u00f3meno del conflicto armado. Se explica el significado de los colores que corresponden a las d\u00e9cadas desde los 60 hasta los 2000. De la misma manera, se pueden introducir los temas posteriores a tratar para el cumplimento del objetivo general, ya que a trav\u00e9s de este ejercicio los estudiantes han ido relacion\u00e1ndose con los diferentes actores que han estado en pugna o algunas de las din\u00e1micas que se han implementado como estrategias de guerra o de lucha pol\u00edtica. Se sugiere que estos elementos sean abordados en las siguientes 4 sesiones.<\/p>\n<p>&nbsp;<\/p>\n<p><strong>Nota, en caso tal que no cuente con las herramientas TIC necesarias debido a problemas de recurso y otras circunstancias<\/strong>: Esta propuesta tambi\u00e9n podr\u00eda desarrollarse con otros elementos como un p\u00f3ster del mapa de Colombia que se consiguen en papeler\u00edas. Se pueden imprimir las fichas de los eventos para la distribuci\u00f3n de los grupos y su ubicaci\u00f3n espacial. Para la b\u00fasqueda de los lugares ser\u00eda necesario pensar en la posibilidad de uso de atlas de geograf\u00eda colombiana. Aunque, considere que ciertamente esto exigir\u00eda un mayor tiempo para la b\u00fasqueda y localizaci\u00f3n de los hechos en el mapa.<\/p>\n<p>Estudiante:<\/p>\n<p><em>Fabio Rojas<\/em><\/p>\n","protected":false},"excerpt":{"rendered":"<p>La siguiente propuesta did\u00e1ctica est\u00e1 dirigida a estudiantes de grados superiores en el marco de una clase de ciencias sociales [&hellip;]<\/p>\n","protected":false},"author":42165738,"featured_media":0,"comment_status":"closed","ping_status":"closed","sticky":false,"template":"","format":"standard","meta":{"site-sidebar-layout":"default","site-content-layout":"","ast-site-content-layout":"","site-content-style":"default","site-sidebar-style":"default","ast-global-header-display":"","ast-banner-title-visibility":"","ast-main-header-display":"","ast-hfb-above-header-display":"","ast-hfb-below-header-display":"","ast-hfb-mobile-header-display":"","site-post-title":"","ast-breadcrumbs-content":"","ast-featured-img":"","footer-sml-layout":"","theme-transparent-header-meta":"","adv-header-id-meta":"","stick-header-meta":"","header-above-stick-meta":"","header-main-stick-meta":"","header-below-stick-meta":"","astra-migrate-meta-layouts":"default","ast-page-background-enabled":"default","ast-page-background-meta":{"desktop":{"background-color":"var(--ast-global-color-4)","background-image":"","background-repeat":"repeat","background-position":"center center","background-size":"auto","background-attachment":"scroll","background-type":"","background-media":"","overlay-type":"","overlay-color":"","overlay-opacity":"","overlay-gradient":""},"tablet":{"background-color":"","background-image":"","background-repeat":"repeat","background-position":"center center","background-size":"auto","background-attachment":"scroll","background-type":"","background-media":"","overlay-type":"","overlay-color":"","overlay-opacity":"","overlay-gradient":""},"mobile":{"background-color":"","background-image":"","background-repeat":"repeat","background-position":"center center","background-size":"auto","background-attachment":"scroll","background-type":"","background-media":"","overlay-type":"","overlay-color":"","overlay-opacity":"","overlay-gradient":""}},"ast-content-background-meta":{"desktop":{"background-color":"var(--ast-global-color-5)","background-image":"","background-repeat":"repeat","background-position":"center center","background-size":"auto","background-attachment":"scroll","background-type":"","background-media":"","overlay-type":"","overlay-color":"","overlay-opacity":"","overlay-gradient":""},"tablet":{"background-color":"var(--ast-global-color-5)","background-image":"","background-repeat":"repeat","background-position":"center center","background-size":"auto","background-attachment":"scroll","background-type":"","background-media":"","overlay-type":"","overlay-color":"","overlay-opacity":"","overlay-gradient":""},"mobile":{"background-color":"var(--ast-global-color-5)","background-image":"","background-repeat":"repeat","background-position":"center center","background-size":"auto","background-attachment":"scroll","background-type":"","background-media":"","overlay-type":"","overlay-color":"","overlay-opacity":"","overlay-gradient":""}},"footnotes":""},"categories":[2001],"tags":[],"class_list":["post-37926","post","type-post","status-publish","format-standard","hentry","category-sin-categoria"],"aioseo_notices":[],"rttpg_featured_image_url":null,"rttpg_author":{"display_name":"Diana Lucia Collazos Beron","author_link":"https:\/\/www.icesi.edu.co\/blogs\/blog\/lista\/author\/1144096026"},"rttpg_comment":0,"rttpg_category":"<a href=\"https:\/\/www.icesi.edu.co\/blogs\/blog\/lista\/category\/sin-categoria\" rel=\"category tag\">Sin categor\u00eda<\/a>","rttpg_excerpt":"La siguiente propuesta did\u00e1ctica est\u00e1 dirigida a estudiantes de grados superiores en el marco de una clase de ciencias sociales [&hellip;]","_links":{"self":[{"href":"https:\/\/www.icesi.edu.co\/blogs\/wp-json\/wp\/v2\/posts\/37926"}],"collection":[{"href":"https:\/\/www.icesi.edu.co\/blogs\/wp-json\/wp\/v2\/posts"}],"about":[{"href":"https:\/\/www.icesi.edu.co\/blogs\/wp-json\/wp\/v2\/types\/post"}],"author":[{"embeddable":true,"href":"https:\/\/www.icesi.edu.co\/blogs\/wp-json\/wp\/v2\/users\/42165738"}],"replies":[{"embeddable":true,"href":"https:\/\/www.icesi.edu.co\/blogs\/wp-json\/wp\/v2\/comments?post=37926"}],"version-history":[{"count":0,"href":"https:\/\/www.icesi.edu.co\/blogs\/wp-json\/wp\/v2\/posts\/37926\/revisions"}],"wp:attachment":[{"href":"https:\/\/www.icesi.edu.co\/blogs\/wp-json\/wp\/v2\/media?parent=37926"}],"wp:term":[{"taxonomy":"category","embeddable":true,"href":"https:\/\/www.icesi.edu.co\/blogs\/wp-json\/wp\/v2\/categories?post=37926"},{"taxonomy":"post_tag","embeddable":true,"href":"https:\/\/www.icesi.edu.co\/blogs\/wp-json\/wp\/v2\/tags?post=37926"}],"curies":[{"name":"wp","href":"https:\/\/api.w.org\/{rel}","templated":true}]}}