{"id":39658,"date":"2022-12-05T21:06:32","date_gmt":"2022-12-05T21:06:32","guid":{"rendered":"http:\/\/2125.1750"},"modified":"2022-12-05T21:06:32","modified_gmt":"2022-12-05T21:06:32","slug":"reconfiguraciones-de-la-ciudadania","status":"publish","type":"post","link":"https:\/\/www.icesi.edu.co\/blogs\/blog\/lista\/reconfiguraciones-de-la-ciudadania","title":{"rendered":"Reconfiguraciones de la ciudadan\u00eda"},"content":{"rendered":"<p><span style=\"font-weight: 400\">La Facultad de Derecho y Ciencias Sociales, el Semillero Educando, el Centro de \u00c9tica y Democracia y la C\u00e1tedra por la Paz invitaron a la comunidad estudiantil icesista a una serie\u00a0 de eventos denominada <\/span><i><span style=\"font-weight: 400\">Reconfiguraciones de la ciudadan\u00eda: movilizaci\u00f3n, educaci\u00f3n y construcci\u00f3n de lo pol\u00edtico<\/span><\/i><span style=\"font-weight: 400\">, que cont\u00f3 con 5 eventos:<\/span><\/p>\n<p><img fetchpriority=\"high\" decoding=\"async\" class=\"alignnone size-medium wp-image-1755\" src=\"http:\/\/www.icesi.edu.co\/blogs\/licenciaturas\/files\/2022\/12\/re-270x300.png\" alt=\"\" width=\"270\" height=\"300\" \/><\/p>\n<ul>\n<li style=\"font-weight: 400\"><span style=\"font-weight: 400\">Taller<\/span><i><span style=\"font-weight: 400\"> Encuentros: desde las metodolog\u00edas participativas<\/span><\/i><span style=\"font-weight: 400\">, que tuvo lugar en el sal\u00f3n 408M, el 26 de octubre desde las 10 a.m. y fue dictado por Stephany Hern\u00e1ndez Mahecha, docente del Departamento de Pedagog\u00eda de la universidad y Directora de la fundaci\u00f3n La Ciudad Educadora.\u00a0<img decoding=\"async\" class=\"alignnone size-full wp-image-1751\" src=\"http:\/\/www.icesi.edu.co\/blogs\/licenciaturas\/files\/2022\/12\/encuentros.jpg\" alt=\"\" width=\"1024\" height=\"768\" \/><\/span><\/li>\n<li style=\"font-weight: 400\"><span style=\"font-weight: 400\">Charla <\/span><i><span style=\"font-weight: 400\">Movimientos sociales, representaci\u00f3n y reconfiguraciones de la ciudadan\u00eda<\/span><\/i><span style=\"font-weight: 400\">, que se realiz\u00f3 el 26 de octubre a las 3:30 p.m. en el Auditorio Banco de Occidente, y fue dictada por Juan Jos\u00e9 Fern\u00e1ndez Dusso, profesor del Departamento de Estudios Pol\u00edticos de la universidad, y Mar\u00eda Camila Hern\u00e1ndez, polit\u00f3loga y mag\u00edster en Estudios sociales y en Educaci\u00f3n de la universidad.<\/span><\/li>\n<li style=\"font-weight: 400\"><span style=\"font-weight: 400\">Charla <\/span><i><span style=\"font-weight: 400\">Revuelta, movimiento y constituci\u00f3n<\/span><\/i><span style=\"font-weight: 400\">, dictada el 26 de octubre a las 4 p.m. v\u00eda Zoom por Rodrigo Karmy Bolton, doctor en Filosof\u00eda, profesor e investigador del Centro de Estudios \u00c1rabes y del Departamento de Filosof\u00eda de la Facultad de Filosof\u00eda y Humanidades de la Universidad de Chile.<\/span><\/li>\n<li style=\"font-weight: 400\"><span style=\"font-weight: 400\">Charla <\/span><i><span style=\"font-weight: 400\">El lugar de la educaci\u00f3n popular en la escuela<\/span><\/i><span style=\"font-weight: 400\">, realizada el 27 de octubre a las 10 p.m. en el sal\u00f3n 303E y que estuvo a cargo de Piedad Cristina Upegui, licenciada en educaci\u00f3n ambiental de la Universidad Santo Tom\u00e1s, Magister en educaci\u00f3n y docente c\u00e1tedra e integrante del grupo de investigaci\u00f3n INCIDE de la Universidad del Valle y coordinadora del ciclo 4 de la Instituci\u00f3n Educativa Santa Fe de Cali.<\/span><\/li>\n<li style=\"font-weight: 400\"><span style=\"font-weight: 400\">Taller <\/span><i><span style=\"font-weight: 400\">Inteligencia ambiental<\/span><\/i><span style=\"font-weight: 400\">, taller de siembra que se llev\u00f3 a cabo el 27 de octubre de 2 a 5 p.m. en caballerizas, y que fue dictado por el semillero Granjeros de paz.\u00a0<img decoding=\"async\" class=\"alignnone size-full wp-image-1752\" src=\"http:\/\/www.icesi.edu.co\/blogs\/licenciaturas\/files\/2022\/12\/taller.jpg\" alt=\"\" width=\"1350\" height=\"900\" \/><\/span><\/li>\n<\/ul>\n<p>&nbsp;<\/p>\n<p><span style=\"font-weight: 400\">Para m\u00e1s informaci\u00f3n:<\/span><\/p>\n<p><a href=\"mailto:educando@icesi.edu.co\"><span style=\"font-weight: 400\">educando@icesi.edu.co<\/span><\/a><\/p>\n<p><img loading=\"lazy\" decoding=\"async\" class=\"alignnone size-medium wp-image-1753\" src=\"http:\/\/www.icesi.edu.co\/blogs\/licenciaturas\/files\/2022\/12\/educando-300x56.png\" alt=\"\" width=\"300\" height=\"56\" \/><\/p>\n","protected":false},"excerpt":{"rendered":"<p>La Facultad de Derecho y Ciencias Sociales, el Semillero Educando, el Centro de \u00c9tica y Democracia y la C\u00e1tedra por [&hellip;]<\/p>\n","protected":false},"author":42165974,"featured_media":0,"comment_status":"closed","ping_status":"closed","sticky":false,"template":"","format":"standard","meta":{"site-sidebar-layout":"default","site-content-layout":"","ast-site-content-layout":"","site-content-style":"default","site-sidebar-style":"default","ast-global-header-display":"","ast-banner-title-visibility":"","ast-main-header-display":"","ast-hfb-above-header-display":"","ast-hfb-below-header-display":"","ast-hfb-mobile-header-display":"","site-post-title":"","ast-breadcrumbs-content":"","ast-featured-img":"","footer-sml-layout":"","theme-transparent-header-meta":"","adv-header-id-meta":"","stick-header-meta":"","header-above-stick-meta":"","header-main-stick-meta":"","header-below-stick-meta":"","astra-migrate-meta-layouts":"default","ast-page-background-enabled":"default","ast-page-background-meta":{"desktop":{"background-color":"var(--ast-global-color-4)","background-image":"","background-repeat":"repeat","background-position":"center center","background-size":"auto","background-attachment":"scroll","background-type":"","background-media":"","overlay-type":"","overlay-color":"","overlay-opacity":"","overlay-gradient":""},"tablet":{"background-color":"","background-image":"","background-repeat":"repeat","background-position":"center center","background-size":"auto","background-attachment":"scroll","background-type":"","background-media":"","overlay-type":"","overlay-color":"","overlay-opacity":"","overlay-gradient":""},"mobile":{"background-color":"","background-image":"","background-repeat":"repeat","background-position":"center center","background-size":"auto","background-attachment":"scroll","background-type":"","background-media":"","overlay-type":"","overlay-color":"","overlay-opacity":"","overlay-gradient":""}},"ast-content-background-meta":{"desktop":{"background-color":"var(--ast-global-color-5)","background-image":"","background-repeat":"repeat","background-position":"center center","background-size":"auto","background-attachment":"scroll","background-type":"","background-media":"","overlay-type":"","overlay-color":"","overlay-opacity":"","overlay-gradient":""},"tablet":{"background-color":"var(--ast-global-color-5)","background-image":"","background-repeat":"repeat","background-position":"center center","background-size":"auto","background-attachment":"scroll","background-type":"","background-media":"","overlay-type":"","overlay-color":"","overlay-opacity":"","overlay-gradient":""},"mobile":{"background-color":"var(--ast-global-color-5)","background-image":"","background-repeat":"repeat","background-position":"center center","background-size":"auto","background-attachment":"scroll","background-type":"","background-media":"","overlay-type":"","overlay-color":"","overlay-opacity":"","overlay-gradient":""}},"footnotes":""},"categories":[2001],"tags":[],"class_list":["post-39658","post","type-post","status-publish","format-standard","hentry","category-sin-categoria"],"aioseo_notices":[],"rttpg_featured_image_url":null,"rttpg_author":{"display_name":"Andrea Sofia Diaz Perez","author_link":"https:\/\/www.icesi.edu.co\/blogs\/blog\/lista\/author\/1004500404"},"rttpg_comment":0,"rttpg_category":"<a href=\"https:\/\/www.icesi.edu.co\/blogs\/blog\/lista\/category\/sin-categoria\" rel=\"category tag\">Sin categor\u00eda<\/a>","rttpg_excerpt":"La Facultad de Derecho y Ciencias Sociales, el Semillero Educando, el Centro de \u00c9tica y Democracia y la C\u00e1tedra por [&hellip;]","_links":{"self":[{"href":"https:\/\/www.icesi.edu.co\/blogs\/wp-json\/wp\/v2\/posts\/39658"}],"collection":[{"href":"https:\/\/www.icesi.edu.co\/blogs\/wp-json\/wp\/v2\/posts"}],"about":[{"href":"https:\/\/www.icesi.edu.co\/blogs\/wp-json\/wp\/v2\/types\/post"}],"author":[{"embeddable":true,"href":"https:\/\/www.icesi.edu.co\/blogs\/wp-json\/wp\/v2\/users\/42165974"}],"replies":[{"embeddable":true,"href":"https:\/\/www.icesi.edu.co\/blogs\/wp-json\/wp\/v2\/comments?post=39658"}],"version-history":[{"count":0,"href":"https:\/\/www.icesi.edu.co\/blogs\/wp-json\/wp\/v2\/posts\/39658\/revisions"}],"wp:attachment":[{"href":"https:\/\/www.icesi.edu.co\/blogs\/wp-json\/wp\/v2\/media?parent=39658"}],"wp:term":[{"taxonomy":"category","embeddable":true,"href":"https:\/\/www.icesi.edu.co\/blogs\/wp-json\/wp\/v2\/categories?post=39658"},{"taxonomy":"post_tag","embeddable":true,"href":"https:\/\/www.icesi.edu.co\/blogs\/wp-json\/wp\/v2\/tags?post=39658"}],"curies":[{"name":"wp","href":"https:\/\/api.w.org\/{rel}","templated":true}]}}