{"id":39903,"date":"2022-12-06T08:04:06","date_gmt":"2022-12-06T08:04:06","guid":{"rendered":"http:\/\/2125.1980"},"modified":"2022-12-06T08:04:06","modified_gmt":"2022-12-06T08:04:06","slug":"inicio-del-aula-abierta-y-reflexiva-2","status":"publish","type":"post","link":"https:\/\/www.icesi.edu.co\/blogs\/blog\/lista\/inicio-del-aula-abierta-y-reflexiva-2","title":{"rendered":"Inicio del Aula Abierta y Reflexiva"},"content":{"rendered":"<p>Del 3 al 7 de mayo, las aulas de la l\u00ednea pedag\u00f3gica se convirtieron en el <em>Aula abierta y reflexiva, <\/em>una serie de espacios para escuchar a sus profes y estudiantes, para discutir su papel como docentes en el contexto del Paro Nacional, y para recordar que a\u00fan con nuestras diferencias somos comunidad.<\/p>\n<p>A trav\u00e9s de un comunicado, las directoras y profes de la l\u00ednea pedag\u00f3gica manifestaron que el <em>Aula abierta y reflexiva<\/em> les revel\u00f3 el tama\u00f1o de los miedos y preocupaciones de sus estudiantes, quienes hablaron de neveras vac\u00edas, de barrios sitiados, de vivir entre fuegos, de sentirse vulnerados y se\u00f1aladas, acongojados por la violencia y devastados por m\u00e1s de un a\u00f1o en pandemia. En el comunicado, tambi\u00e9n manifestaron sentirse conmovidos y agradecidos por la preocupaci\u00f3n de sus estudiantes hacia ellos.<\/p>\n<p>Isabella Rengifo, estudiante de los programas de Licenciatura en Ciencias Sociales y Literatura, expres\u00f3 que \u201cEn el Aula abierta y reflexiva nos hemos encontrado como en los buenos libros: menos solitarias y m\u00e1s comprendidas, en medio de realidades tan horribles que parecen m\u00e1s ficticias que las historias que leemos\u201d. Para la estudiante de la Licenciatura en Ciencias Sociales, Ana Gabriela P\u00e9rez, \u201cEstos d\u00edas de dolor e incertidumbre pasar\u00e1n. Mientras tanto tenemos la oportunidad de discutir y reflexionar de manera segura acerca de lo que ha estado pasando, como j\u00f3venes y como futuros profes\u201d..<\/p>\n","protected":false},"excerpt":{"rendered":"<p>Del 3 al 7 de mayo, las aulas de la l\u00ednea pedag\u00f3gica se convirtieron en el Aula abierta y reflexiva, [&hellip;]<\/p>\n","protected":false},"author":42165974,"featured_media":0,"comment_status":"closed","ping_status":"closed","sticky":false,"template":"","format":"standard","meta":{"site-sidebar-layout":"default","site-content-layout":"","ast-site-content-layout":"","site-content-style":"default","site-sidebar-style":"default","ast-global-header-display":"","ast-banner-title-visibility":"","ast-main-header-display":"","ast-hfb-above-header-display":"","ast-hfb-below-header-display":"","ast-hfb-mobile-header-display":"","site-post-title":"","ast-breadcrumbs-content":"","ast-featured-img":"","footer-sml-layout":"","theme-transparent-header-meta":"","adv-header-id-meta":"","stick-header-meta":"","header-above-stick-meta":"","header-main-stick-meta":"","header-below-stick-meta":"","astra-migrate-meta-layouts":"default","ast-page-background-enabled":"default","ast-page-background-meta":{"desktop":{"background-color":"var(--ast-global-color-4)","background-image":"","background-repeat":"repeat","background-position":"center center","background-size":"auto","background-attachment":"scroll","background-type":"","background-media":"","overlay-type":"","overlay-color":"","overlay-opacity":"","overlay-gradient":""},"tablet":{"background-color":"","background-image":"","background-repeat":"repeat","background-position":"center center","background-size":"auto","background-attachment":"scroll","background-type":"","background-media":"","overlay-type":"","overlay-color":"","overlay-opacity":"","overlay-gradient":""},"mobile":{"background-color":"","background-image":"","background-repeat":"repeat","background-position":"center center","background-size":"auto","background-attachment":"scroll","background-type":"","background-media":"","overlay-type":"","overlay-color":"","overlay-opacity":"","overlay-gradient":""}},"ast-content-background-meta":{"desktop":{"background-color":"var(--ast-global-color-5)","background-image":"","background-repeat":"repeat","background-position":"center center","background-size":"auto","background-attachment":"scroll","background-type":"","background-media":"","overlay-type":"","overlay-color":"","overlay-opacity":"","overlay-gradient":""},"tablet":{"background-color":"var(--ast-global-color-5)","background-image":"","background-repeat":"repeat","background-position":"center center","background-size":"auto","background-attachment":"scroll","background-type":"","background-media":"","overlay-type":"","overlay-color":"","overlay-opacity":"","overlay-gradient":""},"mobile":{"background-color":"var(--ast-global-color-5)","background-image":"","background-repeat":"repeat","background-position":"center center","background-size":"auto","background-attachment":"scroll","background-type":"","background-media":"","overlay-type":"","overlay-color":"","overlay-opacity":"","overlay-gradient":""}},"footnotes":""},"categories":[2001],"tags":[],"class_list":["post-39903","post","type-post","status-publish","format-standard","hentry","category-sin-categoria"],"aioseo_notices":[],"rttpg_featured_image_url":null,"rttpg_author":{"display_name":"Andrea Sofia Diaz Perez","author_link":"https:\/\/www.icesi.edu.co\/blogs\/blog\/lista\/author\/1004500404"},"rttpg_comment":0,"rttpg_category":"<a href=\"https:\/\/www.icesi.edu.co\/blogs\/blog\/lista\/category\/sin-categoria\" rel=\"category tag\">Sin categor\u00eda<\/a>","rttpg_excerpt":"Del 3 al 7 de mayo, las aulas de la l\u00ednea pedag\u00f3gica se convirtieron en el Aula abierta y reflexiva, [&hellip;]","_links":{"self":[{"href":"https:\/\/www.icesi.edu.co\/blogs\/wp-json\/wp\/v2\/posts\/39903"}],"collection":[{"href":"https:\/\/www.icesi.edu.co\/blogs\/wp-json\/wp\/v2\/posts"}],"about":[{"href":"https:\/\/www.icesi.edu.co\/blogs\/wp-json\/wp\/v2\/types\/post"}],"author":[{"embeddable":true,"href":"https:\/\/www.icesi.edu.co\/blogs\/wp-json\/wp\/v2\/users\/42165974"}],"replies":[{"embeddable":true,"href":"https:\/\/www.icesi.edu.co\/blogs\/wp-json\/wp\/v2\/comments?post=39903"}],"version-history":[{"count":0,"href":"https:\/\/www.icesi.edu.co\/blogs\/wp-json\/wp\/v2\/posts\/39903\/revisions"}],"wp:attachment":[{"href":"https:\/\/www.icesi.edu.co\/blogs\/wp-json\/wp\/v2\/media?parent=39903"}],"wp:term":[{"taxonomy":"category","embeddable":true,"href":"https:\/\/www.icesi.edu.co\/blogs\/wp-json\/wp\/v2\/categories?post=39903"},{"taxonomy":"post_tag","embeddable":true,"href":"https:\/\/www.icesi.edu.co\/blogs\/wp-json\/wp\/v2\/tags?post=39903"}],"curies":[{"name":"wp","href":"https:\/\/api.w.org\/{rel}","templated":true}]}}