{"id":39948,"date":"2023-02-27T12:43:37","date_gmt":"2023-02-27T17:43:37","guid":{"rendered":"http:\/\/280.1546"},"modified":"2023-02-27T12:43:37","modified_gmt":"2023-02-27T17:43:37","slug":"salida-de-campo-ciat-trujillo-circacia","status":"publish","type":"post","link":"https:\/\/www.icesi.edu.co\/blogs\/blog\/lista\/salida-de-campo-ciat-trujillo-circacia","title":{"rendered":"Salida de campo (CIAT, Trujillo, Circacia)"},"content":{"rendered":"<p>Con la participaci\u00f3n de 26 estudiantes y dos acompa\u00f1antes el programa realiz\u00f3 del 9 al 14 de junio del 2022 una ruta que incluy\u00f3 el CIAT, Trujillo, y fincas cafeteras de Circacia.<\/p>\n<p>En concreto con el CIAT, buscamos conocer las funciones generales del centro y su rol en el desarrollo de una agricultura cient\u00edfica. Nos cuestionamos sobre el rol y los discursos\u00a0 del\u00a0<span class=\"markk4fleu41r\">CIAT<\/span>\u00a0para lograr una agricultura m\u00e1s resiliente y eco-eficiente y su labor hist\u00f3rica en el desarrollo del Valle del Cauca, al igual que sus impactos m\u00e1s globales en los tr\u00f3picos. Para ello, concretamos la siguiente agenda con funcionarios del centro:<\/p>\n<div dir=\"ltr\">\n<div>\n<ul>\n<li><span lang=\"es-CO\">9am Bienvenido y un cuento sobre la historia de\u00a0<span class=\"mark8su9m0lw8\">CIAT<\/span>\u00a0y su rol hoy en dia en investigaci\u00f3n del sistema alimenticia \u2013 Maya Rajasekharan<\/span><\/li>\n<li>10am Economia aplicada en sistemas alimenticias \u2013 Carolina Gonzalez<\/li>\n<li>11am Recursos gen\u00e9ticos y tour de Future Seeds \u2013 Marcela Santaella<\/li>\n<\/ul>\n<\/div>\n<\/div>\n<div dir=\"ltr\">\n<div>\n<p>Luego nos dirigimos hacia Trujillo donde empezaremos a explorar el paisaje cultural cafetero y la producci\u00f3n de una de las fincas con las que trabaj\u00f3 en proyecto de grado nuestra egresada Juliana S\u00e1nchez. Pasamos la noche en el pueblo y visitamos el centro de memoria hist\u00f3rica local, al igual que fincas del sector.<\/p>\n<p>De all\u00ed nos dirigirnos hacia Circasia en donde pretend\u00edamos\u00a0<span lang=\"ES-CO\"> explorar la posibilidad de realizar una visita pedag\u00f3gica a las instalaciones del Comit\u00e9 de Cafeteros en Armenia Quind\u00edo <\/span><span lang=\"ES-CO\"> buscando reconocer las din\u00e1micas de la regi\u00f3n en t\u00e9rminos de los usos del territorio y el impacto de la industria cafetera, pero fue imposible concretar esa visita. Por ello <\/span><span lang=\"ES-CO\">trabajamos solamente con fincas locales y experiencias propias del sector del turismo de la zona como la RECUCA,\u00a0un parque tem\u00e1tico\u00a0sobre la denominada &#8220;cultura cafetera&#8221;.\u00a0<\/span><\/p>\n<\/div>\n<\/div>\n","protected":false},"excerpt":{"rendered":"<p>Con la participaci\u00f3n de 26 estudiantes y dos acompa\u00f1antes el programa realiz\u00f3 del 9 al 14 de junio del 2022 [&hellip;]<\/p>\n","protected":false},"author":165,"featured_media":0,"comment_status":"closed","ping_status":"closed","sticky":false,"template":"","format":"standard","meta":{"site-sidebar-layout":"default","site-content-layout":"","ast-site-content-layout":"","site-content-style":"default","site-sidebar-style":"default","ast-global-header-display":"","ast-banner-title-visibility":"","ast-main-header-display":"","ast-hfb-above-header-display":"","ast-hfb-below-header-display":"","ast-hfb-mobile-header-display":"","site-post-title":"","ast-breadcrumbs-content":"","ast-featured-img":"","footer-sml-layout":"","theme-transparent-header-meta":"","adv-header-id-meta":"","stick-header-meta":"","header-above-stick-meta":"","header-main-stick-meta":"","header-below-stick-meta":"","astra-migrate-meta-layouts":"default","ast-page-background-enabled":"default","ast-page-background-meta":{"desktop":{"background-color":"var(--ast-global-color-4)","background-image":"","background-repeat":"repeat","background-position":"center center","background-size":"auto","background-attachment":"scroll","background-type":"","background-media":"","overlay-type":"","overlay-color":"","overlay-opacity":"","overlay-gradient":""},"tablet":{"background-color":"","background-image":"","background-repeat":"repeat","background-position":"center center","background-size":"auto","background-attachment":"scroll","background-type":"","background-media":"","overlay-type":"","overlay-color":"","overlay-opacity":"","overlay-gradient":""},"mobile":{"background-color":"","background-image":"","background-repeat":"repeat","background-position":"center center","background-size":"auto","background-attachment":"scroll","background-type":"","background-media":"","overlay-type":"","overlay-color":"","overlay-opacity":"","overlay-gradient":""}},"ast-content-background-meta":{"desktop":{"background-color":"var(--ast-global-color-5)","background-image":"","background-repeat":"repeat","background-position":"center center","background-size":"auto","background-attachment":"scroll","background-type":"","background-media":"","overlay-type":"","overlay-color":"","overlay-opacity":"","overlay-gradient":""},"tablet":{"background-color":"var(--ast-global-color-5)","background-image":"","background-repeat":"repeat","background-position":"center center","background-size":"auto","background-attachment":"scroll","background-type":"","background-media":"","overlay-type":"","overlay-color":"","overlay-opacity":"","overlay-gradient":""},"mobile":{"background-color":"var(--ast-global-color-5)","background-image":"","background-repeat":"repeat","background-position":"center center","background-size":"auto","background-attachment":"scroll","background-type":"","background-media":"","overlay-type":"","overlay-color":"","overlay-opacity":"","overlay-gradient":""}},"footnotes":""},"categories":[1],"tags":[],"class_list":["post-39948","post","type-post","status-publish","format-standard","hentry","category-uncategorized"],"aioseo_notices":[],"rttpg_featured_image_url":null,"rttpg_author":{"display_name":"Etnolab","author_link":"https:\/\/www.icesi.edu.co\/blogs\/blog\/lista\/author\/94492890"},"rttpg_comment":0,"rttpg_category":"<a href=\"https:\/\/www.icesi.edu.co\/blogs\/blog\/lista\/category\/uncategorized\" rel=\"category tag\">Uncategorized<\/a>","rttpg_excerpt":"Con la participaci\u00f3n de 26 estudiantes y dos acompa\u00f1antes el programa realiz\u00f3 del 9 al 14 de junio del 2022 [&hellip;]","_links":{"self":[{"href":"https:\/\/www.icesi.edu.co\/blogs\/wp-json\/wp\/v2\/posts\/39948"}],"collection":[{"href":"https:\/\/www.icesi.edu.co\/blogs\/wp-json\/wp\/v2\/posts"}],"about":[{"href":"https:\/\/www.icesi.edu.co\/blogs\/wp-json\/wp\/v2\/types\/post"}],"author":[{"embeddable":true,"href":"https:\/\/www.icesi.edu.co\/blogs\/wp-json\/wp\/v2\/users\/165"}],"replies":[{"embeddable":true,"href":"https:\/\/www.icesi.edu.co\/blogs\/wp-json\/wp\/v2\/comments?post=39948"}],"version-history":[{"count":0,"href":"https:\/\/www.icesi.edu.co\/blogs\/wp-json\/wp\/v2\/posts\/39948\/revisions"}],"wp:attachment":[{"href":"https:\/\/www.icesi.edu.co\/blogs\/wp-json\/wp\/v2\/media?parent=39948"}],"wp:term":[{"taxonomy":"category","embeddable":true,"href":"https:\/\/www.icesi.edu.co\/blogs\/wp-json\/wp\/v2\/categories?post=39948"},{"taxonomy":"post_tag","embeddable":true,"href":"https:\/\/www.icesi.edu.co\/blogs\/wp-json\/wp\/v2\/tags?post=39948"}],"curies":[{"name":"wp","href":"https:\/\/api.w.org\/{rel}","templated":true}]}}