{"id":41686,"date":"2024-05-02T15:13:28","date_gmt":"2024-05-02T15:13:28","guid":{"rendered":"http:\/\/2160.100"},"modified":"2024-05-02T15:13:28","modified_gmt":"2024-05-02T15:13:28","slug":"cuenca-pance-un-territorio-de-historia-y-servicio-para-cali-2","status":"publish","type":"post","link":"https:\/\/www.icesi.edu.co\/blogs\/blog\/lista\/cuenca-pance-un-territorio-de-historia-y-servicio-para-cali-2","title":{"rendered":"Explorando la Cuenca del R\u00edo Pance: Historia, Naturaleza y Servicio"},"content":{"rendered":"<p>Desde la electiva <strong>Gesti\u00f3n ambiental en la cuenca del r\u00edo Pance<\/strong> se realiz\u00f3 un recorrido a un Parque Ambiental que se encuentra ubicado en la cuenca media del r\u00edo Pance. Por muchos a\u00f1os se conoci\u00f3 como Parque de la Salud o Ecoparque r\u00edo Pance. Su principal atracci\u00f3n se enfoca en la posibilidad que tienen los Cale\u00f1os y turistas en general, de disfrutar del r\u00edo y de su belleza esc\u00e9nica.<\/p>\n<p>Esta visita fue denominada <strong>\u201cCuenca Pance: un territorio de historia y servicio para Cali\u201d<\/strong>, estuvo acompa\u00f1ada de Alirio Silva, un gu\u00eda nativo, y tuvo dos prop\u00f3sitos principales:<\/p>\n<ol>\n<li>\u201cRe-andar los caminos de nuestros ancestros\u201d: Con cada paso recorrido por los senderos del Parque la profesora y los estudiantes se adentraron en un t\u00fanel del tiempo, imaginando las tribus de Lilies y Jamundies, guerreros, luchando por el territorio de Pance. Todos exterminados dejaron su energ\u00eda de protecci\u00f3n para el r\u00edo. En la guerra de los mil d\u00edas, los habitantes del Cauca llegaron a Cali, encontr\u00e1ndose con la majestuosidad de Pance, all\u00ed se asentaron y su descendencia es la que actualmente habita en la zona. Su principal fuente de recursos es el r\u00edo, principalmente para las actividades de turismo, gastronom\u00eda, guianza en la naturaleza, etc.<\/li>\n<\/ol>\n<p>&nbsp;<\/p>\n<figure id=\"attachment_101\" aria-describedby=\"caption-attachment-101\" style=\"width: 510px\" class=\"wp-caption aligncenter\"><img fetchpriority=\"high\" decoding=\"async\" class=\"wp-image-101 size-full\" src=\"http:\/\/www.icesi.edu.co\/blogs\/humanidadtecnologiaciencia\/files\/2024\/05\/Imagen11.png\" alt=\"\" width=\"510\" height=\"391\" \/><figcaption id=\"caption-attachment-101\" class=\"wp-caption-text\">Caminata por el bosque seco<\/figcaption><\/figure>\n<ol start=\"2\">\n<li>\u201cEl r\u00edo, sus aguas y los usos\u201d: A lo largo del recorrido se encontr\u00f3 un r\u00edo de piedras con muy poca agua, devastado por el intenso verano. A\u00fan as\u00ed, llam\u00f3 la atenci\u00f3n la cantidad de visitantes que encuentran en el r\u00edo un espacio para recrearse de manera gratuita. Tambi\u00e9n se identificaron las derivaciones que tiene el r\u00edo, principalmente la 4 y la 5 que antiguamente sirvieron para las actividades agr\u00edcolas y ganaderas que se desarrollaban en lo que hoy es la comuna 22 y que actualmente sirven de abastecedoras de agua para los acueductos veredales y comunitarios, adem\u00e1s forman corredores de biodiversidad, como en la Universidad ICESI que es atravesada por la derivaci\u00f3n 5 del r\u00edo, embelleciendo su paisaje y proporcionando h\u00e1bitats para la fauna. Durante el recorrido por el bosque seco, se tuvo la posibilidad de aprender sobre la adaptabilidad que tienen las plantas de este ecosistema debido a que est\u00e1n expuestas a reg\u00edmenes de sequias y temperaturas extremas. Sin embargo, aportan frutos para los animales y tienen una serie de compuestos qu\u00edmicos como resinas, alcaloides, aceites esenciales, l\u00e1tex y f\u00e1rmacos que son usados por los seres humanos para usos industriales y para hasta para curar enfermedades. Algunos estudiantes pudieron experimentaron estos compuestos a trav\u00e9s del gusto y del tacto.<\/li>\n<\/ol>\n<p>Al finalizar el recorrido, algunos estudiantes expusieron sus aprendizajes y se cerr\u00f3 la visita con una peque\u00f1a pero divertida charla con el gu\u00eda sobre algunas pr\u00e1cticas ancestrales que llamaron la atenci\u00f3n de los estudiantes.<\/p>\n<figure id=\"attachment_102\" aria-describedby=\"caption-attachment-102\" style=\"width: 490px\" class=\"wp-caption aligncenter\"><img decoding=\"async\" class=\"size-full wp-image-102\" src=\"http:\/\/www.icesi.edu.co\/blogs\/humanidadtecnologiaciencia\/files\/2024\/05\/Imagen12.png\" alt=\"\" width=\"490\" height=\"358\" \/><figcaption id=\"caption-attachment-102\" class=\"wp-caption-text\">Charla sobre los usos del r\u00edo<\/figcaption><\/figure>\n","protected":false},"excerpt":{"rendered":"<p>Desde la electiva Gesti\u00f3n ambiental en la cuenca del r\u00edo Pance se realiz\u00f3 un recorrido a un Parque Ambiental que [&hellip;]<\/p>\n","protected":false},"author":42166066,"featured_media":0,"comment_status":"closed","ping_status":"closed","sticky":false,"template":"","format":"standard","meta":{"site-sidebar-layout":"default","site-content-layout":"","ast-site-content-layout":"","site-content-style":"default","site-sidebar-style":"default","ast-global-header-display":"","ast-banner-title-visibility":"","ast-main-header-display":"","ast-hfb-above-header-display":"","ast-hfb-below-header-display":"","ast-hfb-mobile-header-display":"","site-post-title":"","ast-breadcrumbs-content":"","ast-featured-img":"","footer-sml-layout":"","theme-transparent-header-meta":"","adv-header-id-meta":"","stick-header-meta":"","header-above-stick-meta":"","header-main-stick-meta":"","header-below-stick-meta":"","astra-migrate-meta-layouts":"default","ast-page-background-enabled":"default","ast-page-background-meta":{"desktop":{"background-color":"var(--ast-global-color-4)","background-image":"","background-repeat":"repeat","background-position":"center center","background-size":"auto","background-attachment":"scroll","background-type":"","background-media":"","overlay-type":"","overlay-color":"","overlay-opacity":"","overlay-gradient":""},"tablet":{"background-color":"","background-image":"","background-repeat":"repeat","background-position":"center center","background-size":"auto","background-attachment":"scroll","background-type":"","background-media":"","overlay-type":"","overlay-color":"","overlay-opacity":"","overlay-gradient":""},"mobile":{"background-color":"","background-image":"","background-repeat":"repeat","background-position":"center center","background-size":"auto","background-attachment":"scroll","background-type":"","background-media":"","overlay-type":"","overlay-color":"","overlay-opacity":"","overlay-gradient":""}},"ast-content-background-meta":{"desktop":{"background-color":"var(--ast-global-color-5)","background-image":"","background-repeat":"repeat","background-position":"center center","background-size":"auto","background-attachment":"scroll","background-type":"","background-media":"","overlay-type":"","overlay-color":"","overlay-opacity":"","overlay-gradient":""},"tablet":{"background-color":"var(--ast-global-color-5)","background-image":"","background-repeat":"repeat","background-position":"center center","background-size":"auto","background-attachment":"scroll","background-type":"","background-media":"","overlay-type":"","overlay-color":"","overlay-opacity":"","overlay-gradient":""},"mobile":{"background-color":"var(--ast-global-color-5)","background-image":"","background-repeat":"repeat","background-position":"center center","background-size":"auto","background-attachment":"scroll","background-type":"","background-media":"","overlay-type":"","overlay-color":"","overlay-opacity":"","overlay-gradient":""}},"footnotes":""},"categories":[2001],"tags":[],"class_list":["post-41686","post","type-post","status-publish","format-standard","hentry","category-sin-categoria"],"aioseo_notices":[],"rttpg_featured_image_url":null,"rttpg_author":{"display_name":"JAVIER EDUARDO MEJ\u00cdA TABA","author_link":"https:\/\/www.icesi.edu.co\/blogs\/blog\/lista\/author\/1107834263"},"rttpg_comment":0,"rttpg_category":"<a href=\"https:\/\/www.icesi.edu.co\/blogs\/blog\/lista\/category\/sin-categoria\" rel=\"category tag\">Sin categor\u00eda<\/a>","rttpg_excerpt":"Desde la electiva Gesti\u00f3n ambiental en la cuenca del r\u00edo Pance se realiz\u00f3 un recorrido a un Parque Ambiental que [&hellip;]","_links":{"self":[{"href":"https:\/\/www.icesi.edu.co\/blogs\/wp-json\/wp\/v2\/posts\/41686"}],"collection":[{"href":"https:\/\/www.icesi.edu.co\/blogs\/wp-json\/wp\/v2\/posts"}],"about":[{"href":"https:\/\/www.icesi.edu.co\/blogs\/wp-json\/wp\/v2\/types\/post"}],"author":[{"embeddable":true,"href":"https:\/\/www.icesi.edu.co\/blogs\/wp-json\/wp\/v2\/users\/42166066"}],"replies":[{"embeddable":true,"href":"https:\/\/www.icesi.edu.co\/blogs\/wp-json\/wp\/v2\/comments?post=41686"}],"version-history":[{"count":0,"href":"https:\/\/www.icesi.edu.co\/blogs\/wp-json\/wp\/v2\/posts\/41686\/revisions"}],"wp:attachment":[{"href":"https:\/\/www.icesi.edu.co\/blogs\/wp-json\/wp\/v2\/media?parent=41686"}],"wp:term":[{"taxonomy":"category","embeddable":true,"href":"https:\/\/www.icesi.edu.co\/blogs\/wp-json\/wp\/v2\/categories?post=41686"},{"taxonomy":"post_tag","embeddable":true,"href":"https:\/\/www.icesi.edu.co\/blogs\/wp-json\/wp\/v2\/tags?post=41686"}],"curies":[{"name":"wp","href":"https:\/\/api.w.org\/{rel}","templated":true}]}}