{"id":261,"date":"2022-11-22T08:32:00","date_gmt":"2022-11-22T08:32:00","guid":{"rendered":"https:\/\/codesupply.co\/pellentesque-porttitor-nec-amet\/"},"modified":"2023-09-22T19:27:14","modified_gmt":"2023-09-22T19:27:14","slug":"alzheimer-3","status":"publish","type":"post","link":"https:\/\/www.icesi.edu.co\/cienciaenicesi\/alzheimer-3\/","title":{"rendered":"Alzheimer"},"content":{"rendered":"\n<h3 class=\"wp-block-heading\" id=\"tincidunt-veni-tellus-orci-aenean-consectetuer\"><span id=\"que-es-la-enfermedad-de-alzheimer-caracteristicas-celulares-moleculares-anatomicas-y-clinicas\"><strong>\u00bfQu\u00e9 es la enfermedad de Alzheimer? (caracter\u00edsticas celulares, moleculares, anat\u00f3micas y cl\u00ednicas)<\/strong><\/span><\/h3>\n\n\n\n<p>La enfermedad de Alzheimer (EA) es una enfermedad neurodegenerativa progresiva, irreversible y reconocida mundialmente como la forma m\u00e1s com\u00fan de demencia. Se caracteriza por el da\u00f1o neuronal progresivo que puede durar entre 7 y 10 a\u00f1os luego del diagn\u00f3stico; se puede decir que la enfermedad es una condici\u00f3n de dos, el paciente y el cuidador, que en nuestro pa\u00eds suele ser un pariente cercano dedicado completamente al cuidado de la persona enferma. En Colombia para el a\u00f1o 2013, se estim\u00f3 que el costo total de tratamiento de un paciente durante 8 a\u00f1os era de 33.3 millones de pesos, y se estima que solo el 16.5% de los pacientes recibi\u00f3 tratamiento completo, por lo que el costo total de AD para este a\u00f1o costaba entre 116 y 140 mil millones de pesos. Se prev\u00e9 que para 2025 habr\u00e1 m\u00e1s de 260,000 personas en Colombia con una etapa moderada de EA y que los costos de la atenci\u00f3n m\u00e9dica aumentar\u00e1n a 1.100 millones de pesos, sin incluir los costos de los cuidadores.<\/p>\n\n\n\n<blockquote class=\"wp-block-quote is-layout-flow wp-block-quote-is-layout-flow\">\n<p>No solo los p\u00e9ptidos A\u03b2 (A\u03b21-40 y A\u03b21-42) contribuyen a la disfunci\u00f3n neuronal, sino que las formas oligom\u00e9ricas de la prote\u00edna parecen ser m\u00e1s perjudiciales para el cerebro que las placas amiloides<\/p>\n<cite>Autor<\/cite><\/blockquote>\n\n\n\n<p>La EA se caracteriza por la presencia de placas amiloides y ovillos neurofibrilares (NFT), los primeros son agregados extracelulares de p\u00e9ptidos beta-amiloides (A\u03b2) y los segundos son agregados intracelulares de la prote\u00edna Tau hiperfosforilada. La hip\u00f3tesis de la cascada amiloide centra la agregaci\u00f3n de A\u03b2 como el desencadenante cr\u00edtico de los eventos moleculares que conducen a la taupat\u00eda, la disfunci\u00f3n neuronal y la demencia. Lo anterior postulaba que la disfunci\u00f3n y la muerte neuronal se produc\u00edan por los efectos t\u00f3xicos de la carga total de A\u03b2. Sin embargo, se ha sugerido que no solo la eliminaci\u00f3n de A\u03b2, sino tambi\u00e9n su producci\u00f3n puede verse alterada en pacientes con EA. Adem\u00e1s, otros estudios indican que no solo los p\u00e9ptidos A\u03b2 (A\u03b21-40 y A\u03b21-42) contribuyen a la disfunci\u00f3n neuronal, sino que las formas oligom\u00e9ricas de la prote\u00edna parecen ser m\u00e1s perjudiciales para el cerebro que las placas amiloides. Por lo tanto, interferir con la agregaci\u00f3n de A\u03b2 puede tener un efecto notable en el curso de la enfermedad, ya que detendr\u00eda o retrasar\u00eda una de las principales causas de disfunci\u00f3n neuronal y muerte.<\/p>\n\n\n\n<h3 class=\"wp-block-heading\" id=\"tincidunt-veni-tellus-orci-aenean-consectetuer\"><span id=\"descubrimiento-y-formulacion-de-farmacos-para-el-alzheimer\"><strong>Descubrimiento y Formulaci\u00f3n de f\u00e1rmacos para el Alzheimer<\/strong><\/span><\/h3>\n\n\n\n<p>La cura para la enfermedad de Alzheimer es uno de los desaf\u00edos m\u00e9dicos del siglo XXI y hasta la fecha, solamente hay medicamentos para el tratamiento de los s\u00edntomas como la galantamina, rivastigmina y donepezilo; usados en las etapas tempranas e intermedias del Alzheimer. Se ha sugerido que el n\u00famero de casos reducir\u00eda en un 50% si se logra retrasar el inicio de la enfermedad en 5 a\u00f1os. De manera que, la iniciativa del proyecto FIS se enfoca en el descubrimiento de agentes modificadores de la enfermedad para prevenir o retrasar la progresi\u00f3n de la misma.<\/p>\n\n\n\n<p>Estudios anteriores han buscado inhibir la agregaci\u00f3n de los p\u00e9ptidos beta amiloide mediante el uso de mol\u00e9culas org\u00e1nicas peque\u00f1as, p\u00e9ptidos, peptidomim\u00e9ticos, apt\u00e1meros y nanopart\u00edculas de alta especificidad (Wang et al., 2014). Los apt\u00e1meros han demostrado potencial para modificar el curso de la enfermedad de alzheimer por su alta afinidad y selectividad a las prote\u00ednas causantes de la enfermedad, puesto que son mol\u00e9culas cortas, monocatenarias de ADN o ARN que tienen alta especificidad por blancos moleculares de inter\u00e9s. Adem\u00e1s, su afinidad por ellos es comparable a la de anticuerpos monoclonales, esto se debe a la gran variedad de conformaciones que pueden tomar dependiendo de los nucle\u00f3tidos que los conforman (Dunn et al., 2017). Idealmente, estas mol\u00e9culas ocupar\u00edan el sitio de uni\u00f3n del p\u00e9ptido mal plegado. En un contexto cl\u00ednico, estas mol\u00e9culas podr\u00edan tener una gran funci\u00f3n de tratamiento, ya que prevendr\u00eda la agregaci\u00f3n desmesurada de p\u00e9ptidos (Takahashi et al., 2009) y por lo tanto, le permitir\u00edan al sistema inmune metabolizar los p\u00e9ptidos m\u00e1s f\u00e1cilmente. Finalmente, a trav\u00e9s de una b\u00fasqueda bibliogr\u00e1fica de apt\u00e1meros previamente generados contra p\u00e9ptidos como el beta-amiloide, alfa-sinucle\u00edna y TDP-43, y una selecci\u00f3n in silico, se determinaron 5 apt\u00e1meros como posibles candidatos de alta afinidad por el p\u00e9ptido A\u03b2-42 y otros 5 para el p\u00e9ptido A\u03b2-40. Una vez sintetizados, la capacidad antiagregante y neuroprotectora de estos ser\u00e1 evaluada mediante el inmunoensayo \u201cDot-Blot\u201d y ensayos <em>in-vitro<\/em> con cultivos primarios de neuronas hipocampales de rata.<\/p>\n\n\n\n<h3 class=\"wp-block-heading\" id=\"tincidunt-veni-tellus-orci-aenean-consectetuer\"><span id=\"conoce-mas-acerca-del-origen-de-los-estudios-sobre-el-funcionamiento-del-cerebro\"><strong>Conoce m\u00e1s acerca del origen de los estudios<\/strong> sobre el funcionamiento del cerebro<\/span><\/h3>\n\n\n\n<figure class=\"wp-block-embed is-type-video is-provider-youtube wp-block-embed-youtube wp-embed-aspect-16-9 wp-has-aspect-ratio\"><div class=\"wp-block-embed__wrapper\">\n<iframe loading=\"lazy\" title=\"Ciencia en ICESI - ANIMACI\u00d3N 4\" width=\"1200\" height=\"675\" src=\"https:\/\/www.youtube.com\/embed\/1QECmtdDsG0?feature=oembed\" frameborder=\"0\" allow=\"accelerometer; autoplay; clipboard-write; encrypted-media; gyroscope; picture-in-picture; web-share\" allowfullscreen><\/iframe>\n<\/div><\/figure>\n\n\n\n<h2 id=\"referencias\" class=\"wp-block-heading\">REFERENCIAS<\/h2>\n\n\n\n<p>Aguilera, J. M. (2019). The food matrix: implications in processing, nutrition and health. Critical Reviews in Food Science and Nutrition 59 (22):3612\u201329. doi: 10.1080\/10408398.2018.1502743&nbsp;<\/p>\n\n\n\n<p>Aparicio, Ar\u00e1nzazu, Lorenzo-Mora, Ana M, Bermejo, Laura M, Rodr\u00edguez-Rodr\u00edguez, Elena, Ortega, Rosa M, &amp; L\u00f3pez-Sobaler, Ana M. (2020). Matriz l\u00e1ctea: beneficios nutricionales y sanitarios de la interrelaci\u00f3n entre sus nutrientes. Nutrici\u00f3n Hospitalaria, 37(spe2), 13-17. Epub 28 de diciembre de 2020.<a href=\"https:\/\/dx.doi.org\/10.20960\/nh.03350\">https:\/\/dx.doi.org\/10.20960\/nh.03350<\/a>&nbsp;<\/p>\n\n\n\n<p>Association of American Feed Control Officials AAFCO. (1996). The AAFCO official publication. AAFCO (pp. 108-110).<\/p>\n\n\n\n<p>Augustin, M. A., &amp; Sanguansri, L. (2015). Challenges and Solutions to Incorporation of Nutraceuticals in Foods. Annual Review of Food Science and Technology, 6(1), 463-477. <a href=\"https:\/\/doi.org\/10.1146\/annurev-food-022814-015507\">https:\/\/doi.org\/10.1146\/annurev-food-022814-015507<\/a><\/p>\n\n\n\n<p>Black, R. E., Victora, C. G., Walker, S. P., Bhutta, Z. A., Christian, P., de Onis, M., Ezzati, M., Grantham-McGregor, S., Katz, J., Martorell, R., &amp; Uauy, R. (2013). Maternal and child undernutrition and overweight in low-income and middle-income countries. The Lancet, 382(9890), 427-451. https:\/\/doi.org\/10.1016\/S0140-6736(13)60937-X&nbsp;&nbsp;<\/p>\n\n\n\n<p>Chirinos, R., Zuloeta, G., Pedreschi, R., Mignolet, E., Larondelle, Y., &amp; Campos, D. (2013). Sacha inchi (Plukenetia volubilis): A seed source of polyunsaturated fatty acids, tocopherols, phytosterols, phenolic compounds and antioxidant capacity. Food Chemistry, 141(3), 1732\u20131739. <a href=\"https:\/\/doi.org\/10.1016\/j.foodchem.2013.04.078\">https:\/\/doi.org\/10.1016\/j.foodchem.2013.04.078<\/a><\/p>\n\n\n\n<p>Clavijo D.B., Rodr\u00edguez F.V., Estupi\u00f1\u00e1n J.E.C. (2015). Using plukenetia volubilis (sacha inchi) to improve the nutritional components of Burger Enfoque UTE, 6 (2)&nbsp; pp. 59-76, 10.29019\/enfoqueute.v6n2.60<\/p>\n\n\n\n<p>Fadini A.L., Alvim I.D., Ribeiro I.P., Ruzene L.G., da Silva L.B., Queiroz M.B., et al. (2018). Innovative strategy based on combined microencapsulation technologies for food application and the influence of wall material composition. LWT Food Science and Technology, 91, pp. 345-352, 10.1016\/j.lwt.2018.01.071<\/p>\n\n\n\n<p>Garc\u00eda P., Quinteros A., Mora P.G., Chumacero J., Santander P.C. (2018). Storage evaluation of a functional food with skimmed milk enriched with fatty acids of Sacha Inchi (Plukenetia volubilis L.). Agroindustrial Science, 8 (1), pp. 39-43<\/p>\n\n\n\n<p>Gowda A., Sharma V., Goyal A., Singh A.K., Arora, S. (2018). Process optimization and oxidative stability of omega-3 ice cream fortified with flaxseed oil microcapsules. Journal of Food Science and Technology, 55 (5), pp. 1705-1715, 10.1007\/s13197-018-3083-4<\/p>\n\n\n\n<p>He, X., Deng, H. &amp; Hwang, H. (2019). The current application of nanotechnology in food and agriculture. J. Food Drug Anal. 27, 1\u201321.<\/p>\n\n\n\n<p>Liu, W., Liu, W., Ye, A., Liu, C. &amp; Singh, H. (2013). Liposomes as food ingredients and nutraceutical delivery systems. Agro Food Industry Hi-Tech vol. 24.<\/p>\n\n\n\n<p>Liu, W., Hou, Y., Jin, Y., Wang, Y., Xu, X., &amp; Han, J. (2020). Research progress on liposomes: Application in food, digestion behavior and absorption mechanism. In Trends in Food Science and Technology (Vol. 104, pp. 177\u2013189). Elsevier Ltd. <a href=\"https:\/\/doi.org\/10.1016\/j.tifs.2020.08.012\">https:\/\/doi.org\/10.1016\/j.tifs.2020.08.012<\/a>&nbsp;<\/p>\n\n\n\n<p>Lu, G. W. &amp; Gao, P. (2010). Emulsions and Microemulsions for Topical and Transdermal Drug Delivery. in Handbook of Non-Invasive Drug Delivery Systems 59\u201394 . <a href=\"https:\/\/doi.org\/10.1016\/b978-0-8155-2025-2.10003-4\">https:\/\/doi.org\/10.1016\/b978-0-8155-2025-2.10003-4<\/a>.<\/p>\n\n\n\n<p>Matos, M. et al. (2018). O\/W emulsions stabilized by OSA-modified starch granules versus non-ionic surfactant: Stability, rheological behaviour and resveratrol encapsulation. J. Food Eng. 222, 207\u2013217 .<\/p>\n\n\n\n<p>McClements, D. J. &amp; Xiao, H. (2017). Is nano safe in foods? Establishing the factors impacting the gastrointestinal fate and toxicity of organic and inorganic food-grade nanoparticles. J. Sci. Food 1, 6.<\/p>\n\n\n\n<p>Ministerio de Salud. (s. f.). Estrategia nacional para la prevenci\u00f3n y control de la deficiencia de micronutrientes. Recuperado 9 de marzo de 2022, de https:\/\/www.minsalud.gov.co\/sites\/rid\/Lists\/BibliotecaDigital\/RIDE\/VS\/PP\/SNA\/Estrategia-nacional-prevencion-control-deficiencia-micronutrientes.pdf&nbsp;<\/p>\n\n\n\n<p>Ministerio de Salud y Protecci\u00f3n Social. (2015). Encuesta Nacional de la Situaci\u00f3n Nutricional. ISBN: 978-958-623-206-7&nbsp;<\/p>\n\n\n\n<p>Mirafzali, Z., Thompson, C. S. &amp; Tallua, K. (2014). Application of Liposomes in the Food Industry. Microencapsulation in the Food Industry <a href=\"https:\/\/doi.org\/10.1016\/b978-0-12-404568-2.00013-3\">https:\/\/doi.org\/10.1016\/b978-0-12-404568-2.00013-3<\/a>.&nbsp;<\/p>\n\n\n\n<p>Organizaci\u00f3n Mundial de la Salud. (s. f.). Anemia. Recuperado 31 de marzo de 2022, de <a href=\"https:\/\/www.who.int\/es\/health-topics\/anaemia\">https:\/\/www.who.int\/es\/health-topics\/anaemia<\/a>&nbsp;&nbsp;&nbsp;<\/p>\n\n\n\n<p>Rajasekaran, A., Sivagnanam, G., &amp; Xavier, R. (2008). Nutraceuticals as therapeutic agents: A Review. Research J Pharm Technol, 1.&nbsp;<\/p>\n\n\n\n<p>Rezaei, A., Fathi, M. &amp; Jafari, S. M. (2019). Nanoencapsulation of hydrophobic and low-soluble food bioactive compounds within different nanocarriers. Food Hydrocoll. 88, 146\u2013162 .<\/p>\n\n\n\n<p>Simopoulos (2011). Evolutionary aspects of diet: The omega-6\/omega-3 ratio and the brain. Molecular and Neurobiology, 44, pp. 203-215.<\/p>\n\n\n\n<p>Torres S\u00e1nchez, E. G., Hern\u00e1ndez-Ledesma, B., &amp; Guti\u00e9rrez, L. F. (2021). Sacha Inchi Oil Press-cake: Physicochemical Characteristics, Food-related Applications and Biological Activity. <em>Food Reviews International<\/em>, <em>00<\/em>(00), 1\u201312. https:\/\/doi.org\/10.1080\/87559129.2021.1900231<\/p>\n\n\n\n<p>Vitoria Mi\u00f1ana I. (2006). Alimentos funcionales en pediatr\u00eda. En:AEPap ed. Curso de Actualizaci\u00f3n Pediatr\u00eda 2006. Madrid: Exlibris Ediciones, 111-7.<\/p>\n\n\n\n<p>Wang S., Zhu F., Kakuda Y. (2018). Sacha inchi (Plukenetia volubilis L.): Nutritional composition, biological activity, and uses. Food Chemistry, 265, pp. 316-328, 10.1016\/j.foodchem.2018.05.055<\/p>\n\n\n\n<p>World Health Organization. (2011). Directriz: Administraci\u00f3n de suplementos de vitamina A a lactantes y ni\u00f1os de 6 a 59 meses de edad. https:\/\/apps.who.int\/iris\/handle\/10665\/44721&nbsp;<\/p>\n\n\n\n<p>Yanaki, T. (2001). Preparation of O\/W\/O type multiple emulsions and its application to cosmetics. in Studies in Surface Science and Catalysis vol. 132 1009\u20131014.<\/p>\n","protected":false},"excerpt":{"rendered":"Enfermedad neurodegenerativa progresiva e irreversible\n","protected":false},"author":1,"featured_media":4683,"comment_status":"closed","ping_status":"closed","sticky":false,"template":"","format":"standard","meta":{"episode_type":"audio","audio_file":"https:\/\/www.icesi.edu.co\/cienciaenicesi\/wp-content\/uploads\/2023\/02\/PODCAST-5-GENERAL-ALZHEIMER.mp3","cover_image":"https:\/\/www.icesi.edu.co\/cienciaenicesi\/wp-content\/uploads\/2023\/02\/Screenshot_1.png","cover_image_id":"4938","duration":"5:13","filesize":"11.93M","filesize_raw":"12513656","date_recorded":"2022-11-22 08:32:00","explicit":"","block":"","csco_singular_sidebar":"right","csco_page_header_type":"full","csco_page_load_nextpost":"default","csco_post_video_location":[],"csco_post_video_url":"","csco_post_video_bg_start_time":10,"csco_post_video_bg_end_time":45,"footnotes":""},"categories":[34],"tags":[30,81,64,80],"series":[119],"coauthors":[38,39,40,41,42,37],"class_list":{"0":"post-261","1":"post","2":"type-post","3":"status-publish","4":"format-standard","5":"has-post-thumbnail","7":"category-alzheimer","8":"tag-alzheimer","9":"tag-demencia","10":"tag-enfermedad","11":"tag-neurodegenerativa","12":"series-ciencia-en-icesi","13":"cs-entry","14":"cs-video-wrap"},"episode_featured_image":"https:\/\/www.icesi.edu.co\/cienciaenicesi\/wp-content\/uploads\/2022\/11\/steven-hwg-zBsdRTHIIm4-unsplash-min-scaled.jpg","episode_player_image":"https:\/\/www.icesi.edu.co\/cienciaenicesi\/wp-content\/uploads\/2023\/02\/Screenshot_1.png","download_link":"https:\/\/www.icesi.edu.co\/cienciaenicesi\/podcast-download\/261\/alzheimer-3","player_link":"https:\/\/www.icesi.edu.co\/cienciaenicesi\/podcast-player\/261\/alzheimer-3","audio_player":null,"episode_data":{"playerMode":"dark","subscribeUrls":[],"rssFeedUrl":"https:\/\/www.icesi.edu.co\/cienciaenicesi\/feed\/podcast\/ciencia-en-icesi","embedCode":"<blockquote class=\"wp-embedded-content\" data-secret=\"TqBBE1IC5g\"><a href=\"https:\/\/www.icesi.edu.co\/cienciaenicesi\/alzheimer-3\/\">Alzheimer<\/a><\/blockquote><iframe sandbox=\"allow-scripts\" security=\"restricted\" src=\"https:\/\/www.icesi.edu.co\/cienciaenicesi\/alzheimer-3\/embed\/#?secret=TqBBE1IC5g\" width=\"500\" height=\"350\" title=\"&#8220;Alzheimer&#8221; &#8212; Ciencia en Icesi\" data-secret=\"TqBBE1IC5g\" frameborder=\"0\" marginwidth=\"0\" marginheight=\"0\" scrolling=\"no\" class=\"wp-embedded-content\"><\/iframe><script>\n\/*! This file is auto-generated *\/\n!function(d,l){\"use strict\";l.querySelector&&d.addEventListener&&\"undefined\"!=typeof URL&&(d.wp=d.wp||{},d.wp.receiveEmbedMessage||(d.wp.receiveEmbedMessage=function(e){var t=e.data;if((t||t.secret||t.message||t.value)&&!\/[^a-zA-Z0-9]\/.test(t.secret)){for(var s,r,n,a=l.querySelectorAll('iframe[data-secret=\"'+t.secret+'\"]'),o=l.querySelectorAll('blockquote[data-secret=\"'+t.secret+'\"]'),c=new RegExp(\"^https?:$\",\"i\"),i=0;i<o.length;i++)o[i].style.display=\"none\";for(i=0;i<a.length;i++)s=a[i],e.source===s.contentWindow&&(s.removeAttribute(\"style\"),\"height\"===t.message?(1e3<(r=parseInt(t.value,10))?r=1e3:~~r<200&&(r=200),s.height=r):\"link\"===t.message&&(r=new URL(s.getAttribute(\"src\")),n=new URL(t.value),c.test(n.protocol))&&n.host===r.host&&l.activeElement===s&&(d.top.location.href=t.value))}},d.addEventListener(\"message\",d.wp.receiveEmbedMessage,!1),l.addEventListener(\"DOMContentLoaded\",function(){for(var e,t,s=l.querySelectorAll(\"iframe.wp-embedded-content\"),r=0;r<s.length;r++)(t=(e=s[r]).getAttribute(\"data-secret\"))||(t=Math.random().toString(36).substring(2,12),e.src+=\"#?secret=\"+t,e.setAttribute(\"data-secret\",t)),e.contentWindow.postMessage({message:\"ready\",secret:t},\"*\")},!1)))}(window,document);\n\/\/# sourceURL=https:\/\/www.icesi.edu.co\/cienciaenicesi\/wp-includes\/js\/wp-embed.min.js\n<\/script>\n"},"_links":{"self":[{"href":"https:\/\/www.icesi.edu.co\/cienciaenicesi\/wp-json\/wp\/v2\/posts\/261","targetHints":{"allow":["GET"]}}],"collection":[{"href":"https:\/\/www.icesi.edu.co\/cienciaenicesi\/wp-json\/wp\/v2\/posts"}],"about":[{"href":"https:\/\/www.icesi.edu.co\/cienciaenicesi\/wp-json\/wp\/v2\/types\/post"}],"author":[{"embeddable":true,"href":"https:\/\/www.icesi.edu.co\/cienciaenicesi\/wp-json\/wp\/v2\/users\/1"}],"replies":[{"embeddable":true,"href":"https:\/\/www.icesi.edu.co\/cienciaenicesi\/wp-json\/wp\/v2\/comments?post=261"}],"version-history":[{"count":38,"href":"https:\/\/www.icesi.edu.co\/cienciaenicesi\/wp-json\/wp\/v2\/posts\/261\/revisions"}],"predecessor-version":[{"id":5159,"href":"https:\/\/www.icesi.edu.co\/cienciaenicesi\/wp-json\/wp\/v2\/posts\/261\/revisions\/5159"}],"wp:featuredmedia":[{"embeddable":true,"href":"https:\/\/www.icesi.edu.co\/cienciaenicesi\/wp-json\/wp\/v2\/media\/4683"}],"wp:attachment":[{"href":"https:\/\/www.icesi.edu.co\/cienciaenicesi\/wp-json\/wp\/v2\/media?parent=261"}],"wp:term":[{"taxonomy":"category","embeddable":true,"href":"https:\/\/www.icesi.edu.co\/cienciaenicesi\/wp-json\/wp\/v2\/categories?post=261"},{"taxonomy":"post_tag","embeddable":true,"href":"https:\/\/www.icesi.edu.co\/cienciaenicesi\/wp-json\/wp\/v2\/tags?post=261"},{"taxonomy":"series","embeddable":true,"href":"https:\/\/www.icesi.edu.co\/cienciaenicesi\/wp-json\/wp\/v2\/series?post=261"},{"taxonomy":"author","embeddable":true,"href":"https:\/\/www.icesi.edu.co\/cienciaenicesi\/wp-json\/wp\/v2\/coauthors?post=261"}],"curies":[{"name":"wp","href":"https:\/\/api.w.org\/{rel}","templated":true}]}}