{"id":1472,"date":"2012-01-12T16:31:49","date_gmt":"2012-01-12T21:31:49","guid":{"rendered":"http:\/\/192.168.220.28\/pub\/?p=1472"},"modified":"2021-11-17T11:06:56","modified_gmt":"2021-11-17T16:06:56","slug":"la-literatura-como-oficio","status":"publish","type":"post","link":"https:\/\/www.icesi.edu.co\/editorial\/la-literatura-como-oficio\/","title":{"rendered":"La literatura como oficio"},"content":{"rendered":"<p><strong>T\u00edtulo:<\/strong> La literatura como oficio: Jos\u00e9 Antonio Osorio Lizarazo 1930-1946.<br \/>\n<strong>Colecci\u00f3n:<\/strong> La Carreta Literaria.<br \/>\n<strong>Autores:<\/strong> Felipe Vanderhuck.<br \/>\n<strong>Editoriales:<\/strong>&nbsp;La Carreta Editores y Universidad Icesi.<br \/>\n<strong>A\u00f1o de edici\u00f3n:<\/strong> 2012.<br \/>\n<strong>ISBN:<\/strong> 978-958-8427-69-0.<br \/>\n<span id=\"post-ratings-1472\" class=\"post-ratings\" data-nonce=\"f5c690b63e\"><img decoding=\"async\" id=\"rating_1472_1\" src=\"https:\/\/www.icesi.edu.co\/editorial\/wp-content\/plugins\/wp-postratings\/images\/stars_crystal\/rating_on.gif\" alt=\"1 estrella\" title=\"1 estrella\" onmouseover=\"current_rating(1472, 1, '1 estrella');\" onmouseout=\"ratings_off(5, 0, 0);\" onclick=\"rate_post();\" onkeypress=\"rate_post();\" style=\"cursor: pointer; border: 0px;\" \/><img decoding=\"async\" id=\"rating_1472_2\" src=\"https:\/\/www.icesi.edu.co\/editorial\/wp-content\/plugins\/wp-postratings\/images\/stars_crystal\/rating_on.gif\" alt=\"2 estrellas\" title=\"2 estrellas\" onmouseover=\"current_rating(1472, 2, '2 estrellas');\" onmouseout=\"ratings_off(5, 0, 0);\" onclick=\"rate_post();\" onkeypress=\"rate_post();\" style=\"cursor: pointer; border: 0px;\" \/><img decoding=\"async\" id=\"rating_1472_3\" src=\"https:\/\/www.icesi.edu.co\/editorial\/wp-content\/plugins\/wp-postratings\/images\/stars_crystal\/rating_on.gif\" alt=\"3 estrellas\" title=\"3 estrellas\" onmouseover=\"current_rating(1472, 3, '3 estrellas');\" onmouseout=\"ratings_off(5, 0, 0);\" onclick=\"rate_post();\" onkeypress=\"rate_post();\" style=\"cursor: pointer; border: 0px;\" \/><img decoding=\"async\" id=\"rating_1472_4\" src=\"https:\/\/www.icesi.edu.co\/editorial\/wp-content\/plugins\/wp-postratings\/images\/stars_crystal\/rating_on.gif\" alt=\"4 estrellas\" title=\"4 estrellas\" onmouseover=\"current_rating(1472, 4, '4 estrellas');\" onmouseout=\"ratings_off(5, 0, 0);\" onclick=\"rate_post();\" onkeypress=\"rate_post();\" style=\"cursor: pointer; border: 0px;\" \/><img decoding=\"async\" id=\"rating_1472_5\" src=\"https:\/\/www.icesi.edu.co\/editorial\/wp-content\/plugins\/wp-postratings\/images\/stars_crystal\/rating_on.gif\" alt=\"5 estrellas\" title=\"5 estrellas\" onmouseover=\"current_rating(1472, 5, '5 estrellas');\" onmouseout=\"ratings_off(5, 0, 0);\" onclick=\"rate_post();\" onkeypress=\"rate_post();\" style=\"cursor: pointer; border: 0px;\" \/> (<strong>1<\/strong> votos, promedio: <strong>5,00<\/strong> sobre 5)<br \/><span class=\"post-ratings-text\" id=\"ratings_1472_text\"><\/span><\/span><span id=\"post-ratings-1472-loading\" class=\"post-ratings-loading\"><img loading=\"lazy\" decoding=\"async\" src=\"https:\/\/www.icesi.edu.co\/editorial\/wp-content\/plugins\/wp-postratings\/images\/loading.gif\" width=\"16\" height=\"16\" class=\"post-ratings-image\" \/>Loading...<\/span>\n<p style=\"text-align: justify;\"><strong>Descripci\u00f3n: <\/strong>El trabajo explora las condiciones en que se ejercicio el oficio de escritor en Colombia durante los a\u00f1os de la Rep\u00fablica Liberal, centr\u00e1ndose en el caso del escritor Jos\u00e9 Antonio Osorio Lizarazo (Bogot\u00e1, 1900-1964), quien fuera cercano durante los a\u00f1os veinte al n\u00facleo de intelectuales agrupados como Los Nuevos y a partir de 1930, comparti\u00f3 las ilusiones y expectativas que se abrieron para algunos de estos j\u00f3venes intelectuales con la llegada del liberalismo al poder. Analiza primero la concepci\u00f3n de Osorio Lizarazo sobre la novela y la funci\u00f3n del escritor en la sociedad, novedosa para la \u00e9poca, y que esta ligada a ese nuevo rol que se habr\u00eda para los j\u00f3venes escritores en los gobiernos de la Rep\u00fablica Liberal.A continuaci\u00f3n, el trabajo estudia aspectos del negocio editorial en el periodo y se pregunta sobre las fuentes del prestigio literario. Al final, se desarrolla la hip\u00f3tesis principal seg\u00fan la cual esas fuentes estaban en lo fundamental en el mundo de la pol\u00edtica y, sobre todo, en la s\u00edntesis de hombre de letras y del hombre p\u00fablico el Orientador espiritual de la Naci\u00f3n figura dominante del intelectual durante el periodo de estudio.A continuaci\u00f3n, el trabajo estudia aspectos del negocio editorial en el periodo y se pregunta sobre las fuentes del prestigio literario. Al final, se desarrolla la hip\u00f3tesis principal seg\u00fan la cual esas fuentes estaban en lo fundamental en el mundo de la pol\u00edtica y, sobre todo, en la s\u00edntesis de hombre de letras y del hombre p\u00fablico el Orientador espiritual de la Naci\u00f3n figura dominante del intelectual durante el periodo de estudio.<\/p>\n","protected":false},"excerpt":{"rendered":"<p>T\u00edtulo: La literatura como oficio: Jos\u00e9 Antonio Osorio Lizarazo 1930-1946. Colecci\u00f3n: La Carreta Literaria. Autores: Felipe Vanderhuck. Editoriales:&nbsp;La Carreta Editores y Universidad Icesi. A\u00f1o de edici\u00f3n: 2012. ISBN: 978-958-8427-69-0. Descripci\u00f3n: El trabajo explora las condiciones en que se ejercicio el oficio de escritor en Colombia durante los a\u00f1os de la Rep\u00fablica Liberal, centr\u00e1ndose en el [&hellip;]<\/p>\n","protected":false},"author":1,"featured_media":1379,"comment_status":"closed","ping_status":"closed","sticky":false,"template":"","format":"standard","meta":{"footnotes":""},"categories":[372],"tags":[221,222,223,224,281,351,507,607,784],"class_list":["post-1472","post","type-post","status-publish","format-standard","has-post-thumbnail","hentry","category-coediciones","tag-literatura","tag-jose-antonio-osorio-lizarazo","tag-felipe-vanderhuck-arias","tag-coedicion","tag-la-carreta-editores","tag-351","tag-sociologia-del-trabajo","tag-oficio-de-escritor","tag-oficio"],"_links":{"self":[{"href":"https:\/\/www.icesi.edu.co\/editorial\/wp-json\/wp\/v2\/posts\/1472","targetHints":{"allow":["GET"]}}],"collection":[{"href":"https:\/\/www.icesi.edu.co\/editorial\/wp-json\/wp\/v2\/posts"}],"about":[{"href":"https:\/\/www.icesi.edu.co\/editorial\/wp-json\/wp\/v2\/types\/post"}],"author":[{"embeddable":true,"href":"https:\/\/www.icesi.edu.co\/editorial\/wp-json\/wp\/v2\/users\/1"}],"replies":[{"embeddable":true,"href":"https:\/\/www.icesi.edu.co\/editorial\/wp-json\/wp\/v2\/comments?post=1472"}],"version-history":[{"count":10,"href":"https:\/\/www.icesi.edu.co\/editorial\/wp-json\/wp\/v2\/posts\/1472\/revisions"}],"predecessor-version":[{"id":6278,"href":"https:\/\/www.icesi.edu.co\/editorial\/wp-json\/wp\/v2\/posts\/1472\/revisions\/6278"}],"wp:featuredmedia":[{"embeddable":true,"href":"https:\/\/www.icesi.edu.co\/editorial\/wp-json\/wp\/v2\/media\/1379"}],"wp:attachment":[{"href":"https:\/\/www.icesi.edu.co\/editorial\/wp-json\/wp\/v2\/media?parent=1472"}],"wp:term":[{"taxonomy":"category","embeddable":true,"href":"https:\/\/www.icesi.edu.co\/editorial\/wp-json\/wp\/v2\/categories?post=1472"},{"taxonomy":"post_tag","embeddable":true,"href":"https:\/\/www.icesi.edu.co\/editorial\/wp-json\/wp\/v2\/tags?post=1472"}],"curies":[{"name":"wp","href":"https:\/\/api.w.org\/{rel}","templated":true}]}}