{"id":2079,"date":"2004-10-13T09:47:40","date_gmt":"2004-10-13T14:47:40","guid":{"rendered":"http:\/\/www.icesi.edu.co\/editorial\/?p=2079"},"modified":"2024-10-20T16:04:04","modified_gmt":"2024-10-20T21:04:04","slug":"estado-de-alerta-continua","status":"publish","type":"post","link":"https:\/\/www.icesi.edu.co\/editorial\/estado-de-alerta-continua\/","title":{"rendered":"Estado de alerta continua"},"content":{"rendered":"<p><strong>T\u00edtulo completo:<\/strong> Estado de alerta continua: noticieros y guerra en Colombia<br \/>\n<strong>Autores:<\/strong>\u00a0Luis Fernando Bar\u00f3n Porras, M\u00f3nica Valencia Corredor, Adriana del Pilar Bedoya Mancera, Enrique Rodr\u00edguez Caporali y Olga D\u00edaz Grajales.<br \/>\n<strong>Editoriales:<\/strong> Pontificia Universidad Javeriana &#8211; sede Cali, CINEP y Editorial Universidad Icesi.<br \/>\n<strong>A\u00f1o de edici\u00f3n:<\/strong> 2004 | <strong>N\u00famero de p\u00e1ginas:<\/strong> 230 | <strong>Tama\u00f1o:<\/strong> 24 x 17 cm.<br \/>\n<strong>ISBN:<\/strong> 978-958-644-091-5.<br \/>\n<a href=\"http:\/\/www.irenees.net\/bdf_fiche-documentation-590_es.html\" target=\"_blank\" rel=\"noopener\"><strong>Leer una rese\u00f1a del libro<\/strong><\/a>.<br \/>\n<span id=\"post-ratings-2079\" class=\"post-ratings\" data-nonce=\"7f365b6e8e\"><img decoding=\"async\" id=\"rating_2079_1\" src=\"https:\/\/www.icesi.edu.co\/editorial\/wp-content\/plugins\/wp-postratings\/images\/stars_crystal\/rating_on.gif\" alt=\"1 estrella\" title=\"1 estrella\" onmouseover=\"current_rating(2079, 1, '1 estrella');\" onmouseout=\"ratings_off(5, 0, 0);\" onclick=\"rate_post();\" onkeypress=\"rate_post();\" style=\"cursor: pointer; border: 0px;\" \/><img decoding=\"async\" id=\"rating_2079_2\" src=\"https:\/\/www.icesi.edu.co\/editorial\/wp-content\/plugins\/wp-postratings\/images\/stars_crystal\/rating_on.gif\" alt=\"2 estrellas\" title=\"2 estrellas\" onmouseover=\"current_rating(2079, 2, '2 estrellas');\" onmouseout=\"ratings_off(5, 0, 0);\" onclick=\"rate_post();\" onkeypress=\"rate_post();\" style=\"cursor: pointer; border: 0px;\" \/><img decoding=\"async\" id=\"rating_2079_3\" src=\"https:\/\/www.icesi.edu.co\/editorial\/wp-content\/plugins\/wp-postratings\/images\/stars_crystal\/rating_on.gif\" alt=\"3 estrellas\" title=\"3 estrellas\" onmouseover=\"current_rating(2079, 3, '3 estrellas');\" onmouseout=\"ratings_off(5, 0, 0);\" onclick=\"rate_post();\" onkeypress=\"rate_post();\" style=\"cursor: pointer; border: 0px;\" \/><img decoding=\"async\" id=\"rating_2079_4\" src=\"https:\/\/www.icesi.edu.co\/editorial\/wp-content\/plugins\/wp-postratings\/images\/stars_crystal\/rating_on.gif\" alt=\"4 estrellas\" title=\"4 estrellas\" onmouseover=\"current_rating(2079, 4, '4 estrellas');\" onmouseout=\"ratings_off(5, 0, 0);\" onclick=\"rate_post();\" onkeypress=\"rate_post();\" style=\"cursor: pointer; border: 0px;\" \/><img decoding=\"async\" id=\"rating_2079_5\" src=\"https:\/\/www.icesi.edu.co\/editorial\/wp-content\/plugins\/wp-postratings\/images\/stars_crystal\/rating_on.gif\" alt=\"5 estrellas\" title=\"5 estrellas\" onmouseover=\"current_rating(2079, 5, '5 estrellas');\" onmouseout=\"ratings_off(5, 0, 0);\" onclick=\"rate_post();\" onkeypress=\"rate_post();\" style=\"cursor: pointer; border: 0px;\" \/> (<strong>1<\/strong> votos, promedio: <strong>5,00<\/strong> sobre 5)<br \/><span class=\"post-ratings-text\" id=\"ratings_2079_text\"><\/span><\/span><span id=\"post-ratings-2079-loading\" class=\"post-ratings-loading\"><img loading=\"lazy\" decoding=\"async\" src=\"https:\/\/www.icesi.edu.co\/editorial\/wp-content\/plugins\/wp-postratings\/images\/loading.gif\" width=\"16\" height=\"16\" class=\"post-ratings-image\" \/>Loading...<\/span>\n<\/p>\n<p style=\"text-align: justify;\"><strong>Descripci\u00f3n: <\/strong>Este libro explora las relaciones entre los noticieros y sus audiencias. Relata las manera como las noticias de televisi\u00f3n son integradas a diferentes pr\u00e1cticas y escenarios de la vida cotidiana. Pone en evidencia simbolog\u00edas y mitos sobre la violencia, el conflicto pol\u00edtico armado y la paz en Colombia, y muestra los monopolios de voces y narraciones sobre la historia del vivir diario del pa\u00eds.<\/p>\n","protected":false},"excerpt":{"rendered":"<p>T\u00edtulo completo: Estado de alerta continua: noticieros y guerra en Colombia Autores:\u00a0Luis Fernando Bar\u00f3n Porras, M\u00f3nica Valencia Corredor, Adriana del Pilar Bedoya Mancera, Enrique Rodr\u00edguez Caporali y Olga D\u00edaz Grajales. Editoriales: Pontificia Universidad Javeriana &#8211; sede Cali, CINEP y Editorial Universidad Icesi. A\u00f1o de edici\u00f3n: 2004 | N\u00famero de p\u00e1ginas: 230 | Tama\u00f1o: 24 x [&hellip;]<\/p>\n","protected":false},"author":3,"featured_media":2080,"comment_status":"closed","ping_status":"open","sticky":false,"template":"","format":"standard","meta":{"footnotes":""},"categories":[372],"tags":[72,169,201,224,247,274,338,339,340,358],"class_list":["post-2079","post","type-post","status-publish","format-standard","has-post-thumbnail","hentry","category-coediciones","tag-fdcs","tag-colombia","tag-medios-de-comunicacion","tag-coedicion","tag-luis-fernando-baron-porras","tag-libro-de-investigacion","tag-pontificia-universidad-javeriana-sede-cali","tag-noticias","tag-centro-de-investigacion-y-educacion-popular-cinep","tag-358"],"_links":{"self":[{"href":"https:\/\/www.icesi.edu.co\/editorial\/wp-json\/wp\/v2\/posts\/2079","targetHints":{"allow":["GET"]}}],"collection":[{"href":"https:\/\/www.icesi.edu.co\/editorial\/wp-json\/wp\/v2\/posts"}],"about":[{"href":"https:\/\/www.icesi.edu.co\/editorial\/wp-json\/wp\/v2\/types\/post"}],"author":[{"embeddable":true,"href":"https:\/\/www.icesi.edu.co\/editorial\/wp-json\/wp\/v2\/users\/3"}],"replies":[{"embeddable":true,"href":"https:\/\/www.icesi.edu.co\/editorial\/wp-json\/wp\/v2\/comments?post=2079"}],"version-history":[{"count":8,"href":"https:\/\/www.icesi.edu.co\/editorial\/wp-json\/wp\/v2\/posts\/2079\/revisions"}],"predecessor-version":[{"id":8087,"href":"https:\/\/www.icesi.edu.co\/editorial\/wp-json\/wp\/v2\/posts\/2079\/revisions\/8087"}],"wp:featuredmedia":[{"embeddable":true,"href":"https:\/\/www.icesi.edu.co\/editorial\/wp-json\/wp\/v2\/media\/2080"}],"wp:attachment":[{"href":"https:\/\/www.icesi.edu.co\/editorial\/wp-json\/wp\/v2\/media?parent=2079"}],"wp:term":[{"taxonomy":"category","embeddable":true,"href":"https:\/\/www.icesi.edu.co\/editorial\/wp-json\/wp\/v2\/categories?post=2079"},{"taxonomy":"post_tag","embeddable":true,"href":"https:\/\/www.icesi.edu.co\/editorial\/wp-json\/wp\/v2\/tags?post=2079"}],"curies":[{"name":"wp","href":"https:\/\/api.w.org\/{rel}","templated":true}]}}