{"id":2495,"date":"2018-05-29T00:09:49","date_gmt":"2018-05-29T05:09:49","guid":{"rendered":"http:\/\/www.icesi.edu.co\/editorial\/?p=2495"},"modified":"2020-06-19T01:27:40","modified_gmt":"2020-06-19T06:27:40","slug":"una-decada-psicologia-icesi","status":"publish","type":"post","link":"https:\/\/www.icesi.edu.co\/editorial\/una-decada-psicologia-icesi\/","title":{"rendered":"Una d\u00e9cada del programa de Psicolog\u00eda en la Universidad Icesi"},"content":{"rendered":"<div class=\"ead-preview\"><div class=\"ead-document\" style=\"position: relative;\"><div class=\"ead-iframe-wrapper\"><iframe src=\"\/\/docs.google.com\/viewer?url=http%3A%2F%2Frepository.icesi.edu.co%2Fbiblioteca_digital%2Fbitstream%2F10906%2F83522%2F1%2Fbravo_programa_psicologia_icesi_2018.pdf&amp;embedded=true&amp;hl=en\" title=\"Embedded Document\" class=\"ead-iframe\" style=\"width: 0px;height: 0px;border: none;visibility: hidden;\"><\/iframe><\/div>\t\t\t<div class=\"ead-document-loading\" style=\"width:100%;height:100%;position:absolute;left:0;top:0;z-index:10;\">\n\t\t\t\t<div class=\"ead-loading-wrap\">\n\t\t\t\t\t<div class=\"ead-loading-main\">\n\t\t\t\t\t\t<div class=\"ead-loading\">\n\t\t\t\t\t\t\t<img loading=\"lazy\" decoding=\"async\" src=\"https:\/\/www.icesi.edu.co\/editorial\/wp-content\/plugins\/embed-any-document\/images\/loading.svg\" width=\"55\" height=\"55\" alt=\"Loader\">\n\t\t\t\t\t\t\t<span>Loading...<\/span>\n\t\t\t\t\t\t<\/div>\n\t\t\t\t\t<\/div>\n\t\t\t\t\t<div class=\"ead-loading-foot\">\n\t\t\t\t\t\t<div class=\"ead-loading-foot-title\">\n\t\t\t\t\t\t\t<img loading=\"lazy\" decoding=\"async\" src=\"https:\/\/www.icesi.edu.co\/editorial\/wp-content\/plugins\/embed-any-document\/images\/EAD-logo.svg\" alt=\"EAD Logo\" width=\"36\" height=\"23\"\/>\n\t\t\t\t\t\t\t<span>Taking too long?<\/span>\n\t\t\t\t\t\t<\/div>\n\t\t\t\t\t\t<p>\n\t\t\t\t\t\t\t<div class=\"ead-document-btn ead-reload-btn\" role=\"button\">\n\t\t\t\t\t\t\t\t<img loading=\"lazy\" decoding=\"async\" src=\"https:\/\/www.icesi.edu.co\/editorial\/wp-content\/plugins\/embed-any-document\/images\/reload.svg\" alt=\"Reload\" width=\"12\" height=\"12\"\/> Reload document\t\t\t\t\t\t\t<\/div>\n\t\t\t\t\t\t\t<span>|<\/span>\n\t\t\t\t\t\t\t<a href=\"http:\/\/repository.icesi.edu.co\/biblioteca_digital\/bitstream\/10906\/83522\/1\/bravo_programa_psicologia_icesi_2018.pdf\" class=\"ead-document-btn\" target=\"_blank\" rel=\"noopener\">\n\t\t\t\t\t\t\t\t<img loading=\"lazy\" decoding=\"async\" src=\"https:\/\/www.icesi.edu.co\/editorial\/wp-content\/plugins\/embed-any-document\/images\/open.svg\" alt=\"Open\" width=\"12\" height=\"12\"\/> Open in new tab\t\t\t\t\t\t\t<\/a>\n\t\t\t\t\t<\/div>\n\t\t\t\t<\/div>\n\t\t\t<\/div>\n\t\t<\/div><p class=\"embed_download\"><a href=\"http:\/\/repository.icesi.edu.co\/biblioteca_digital\/bitstream\/10906\/83522\/1\/bravo_programa_psicologia_icesi_2018.pdf\" download target=\"_blank\" rel=\"noopener\">Download\/Descargar <\/a><\/p><\/div>\n<strong>T\u00edtulo:<\/strong> Una d\u00e9cada del programa de Psicolog\u00eda en la Universidad Icesi. Trayectorias y enfoques plurales.<br \/>\n<strong>Colecci\u00f3n:<\/strong> El sur es cielo roto | <strong>N\u00famero:<\/strong> 15.<br \/>\n<strong>Editor:<\/strong> Omar Alejandro Bravo.<br \/>\n<strong>Autores:<\/strong> Eduar Herrera, Jackeline Cantor Jimenez, Jos\u00e9 Eduardo S\u00e1nchez, Mart\u00edn Nader, Omar Alejandro Bravo y Ximena Castro Sardi.<br \/>\n<strong>Prologuista:<\/strong> Ana Maria Jac\u00f3 Vilela.<br \/>\n<strong>Editorial:<\/strong> Universidad Icesi.<br \/>\n<strong>A\u00f1o de edici\u00f3n:<\/strong> 2018 | <strong>ISBN:<\/strong> 978-958-8936-33-8 \/ 978-958-8936-38-3 (ePub).<br \/>\n<script type=\"text\/javascript\" src=\"\/\/cdn.plu.mx\/widget-popup.js\"><\/script><a href=\"https:\/\/plu.mx\/plum\/a\/?doi=10.18046\/EUI\/escr.15.2018\" data-popup=\"right\" data-size=\"large\" class=\"plumx-plum-print-popup\" data-site=\"plum\" data-hide-when-empty=\"true\" data-lang=\"es\" target=\"_blank\" rel=\"noopener\">Una d\u00e9cada del programa de Psicolog\u00eda en la Universidad Icesi. Trayectorias y enfoques plurales<\/a><br \/>\n<div class=\"osc-res-tab tabbable   osc-tabs-left\"><div style=\"clear:both;width: 100%;\"><ul class=\"nav osc-res-nav nav-pills osc-tabs-left-ul\" id=\"oscitas-restabs-1-una-decada-psicologia-icesi-77864\"><li class=\"active\"><a href=\"#ert_pane1-0\" data-toggle=\"tab\">Descripci\u00f3n<\/a><\/li><li class=\"\"><a href=\"#ert_pane1-1\" data-toggle=\"tab\">Contenido<\/a><\/li><li class=\"\"><a href=\"#ert_pane1-2\" data-toggle=\"tab\">Autor(es)<\/a><\/li><li class=\"\"><a href=\"#ert_pane1-3\" data-toggle=\"tab\">Leer en l\u00ednea<\/a><\/li><li class=\"\"><a href=\"#ert_pane1-4\" data-toggle=\"tab\">Catalogaci\u00f3n<\/a><\/li><\/ul><\/div><div style=\"clear:both;width: 100%;\"><ul class=\"tab-content\" id=\"oscitas-restabcontent-1-una-decada-psicologia-icesi-77864\"><li class=\"tab-pane active\" id=\"ert_pane1-0\"><p style=\"text-align: justify;\">Los cap\u00edtulos de este libro reflejan la existencia de un cuerpo docente involucrado en la investigaci\u00f3n. Los trabajos aqu\u00ed reunidos no s\u00f3lo apuntan la calidad acad\u00e9mica de sus autores sino tambi\u00e9n son muy \u00fatiles para aquellos que quieren conocer la producci\u00f3n cient\u00edfica en Colombia, o quieren perfeccionarse en el campo de la intervenci\u00f3n psicosocial.<\/p>\n<p style=\"text-align: justify;\"><strong>C\u00f3mo citar (APA):<\/strong> Bravo, O. A. (eds.) (2018). <i>Una d\u00e9cada del programa de Psicolog\u00eda en la Universidad Icesi. Trayectorias y enfoques plurales<\/i>. Cali: Editorial Universidad Icesi. DOI: <a href=\"https:\/\/doi.org\/10.18046\/EUI\/escr.15.2018\" target=\"_blank\" rel=\"noopener noreferrer\">https:\/\/doi.org\/10.18046\/EUI\/escr.15.2018<\/a><\/p><\/li><li class=\"tab-pane \" id=\"ert_pane1-1\"><strong>Tabla de contenido:<\/strong><\/p>\n<p>Pr\u00f3logo. Una psicolog\u00eda que se interroga<br \/>\n<i>Ana Maria Jac\u00f3 Vilela<\/i><\/p>\n<p><strong>1 \/ Sobre la actualidad de la cl\u00ednica psicoanal\u00edtica de la psicosis: el caso de H<\/strong><br \/>\n<i>Ximena Castro Sardi<\/i><\/p>\n<p><strong>2 \/ An\u00e1lisis de los criterios y formas de derivaci\u00f3n en salud mental en la atenci\u00f3n primaria<\/strong><br \/>\n<i>Omar Alejandro Bravo<\/i><\/p>\n<p><strong>3 \/ Caracter\u00edsticas e implicaciones relacionales de dos propuestas innovadoras en educaci\u00f3n<\/strong><br \/>\n<i>Jos\u00e9 Eduardo S\u00e1nchez<\/i><\/p>\n<p><strong>4 \/ Las pr\u00e1cticas inclusivas y la implementaci\u00f3n de la tertulia literaria como estrategia pedag\u00f3gica: tensiones<\/strong><br \/>\n<i>Jackeline Cantor Jim\u00e9nez<\/i><\/p>\n<p><strong>5 \/ Liderazgo multicultural en organizaciones del Valle del Cauca: una experiencia de investigaci\u00f3n<\/strong><br \/>\n<i>Mart\u00edn Nader<\/i><\/p>\n<p><strong>6 \/ Enfoques de la medici\u00f3n de la emoci\u00f3n y la empat\u00eda en desordenes de conducta<\/strong><br \/>\n<i>Eduar Herrera<\/i><\/p>\n<p>Sobre los autores<\/p>\n<p>\u00cdndice tem\u00e1tico<br \/><\/li><li class=\"tab-pane \" id=\"ert_pane1-2\"><ul>\n<li style=\"text-align: justify;\"><a href=\"https:\/\/orcid.org\/0000-0001-9409-245X\" target=\"_blank\" title=\"ORCID iD\" rel=\"noopener noreferrer\"><img loading=\"lazy\" decoding=\"async\" class=\"alignnone size-full wp-image-1012\" src=\"http:\/\/www.icesi.edu.co\/editorial\/wp-content\/uploads\/2020\/06\/ORCIDiD_icon16x16.png\" style=\"margin-right: 6px;\" alt=\"Icono ORCID\" width=\"16\" height=\"16\"><\/a><b>Eduar Herrera<\/b>, Universidad Icesi (Cali, Colombia)<\/li>\n<li style=\"text-align: justify;\"><a href=\"https:\/\/orcid.org\/0000-0002-6339-8701\" target=\"_blank\" title=\"ORCID iD\" rel=\"noopener noreferrer\"><img loading=\"lazy\" decoding=\"async\" class=\"alignnone size-full wp-image-1012\" src=\"http:\/\/www.icesi.edu.co\/editorial\/wp-content\/uploads\/2020\/06\/ORCIDiD_icon16x16.png\" style=\"margin-right: 6px;\" alt=\"Icono ORCID\" width=\"16\" height=\"16\"><\/a><b>Jackeline Cantor Jimenez<\/b>, Universidad Icesi (Cali, Colombia)<\/li>\n<li style=\"text-align: justify;\"><b>Jos\u00e9 Eduardo S\u00e1nchez<\/b>, Universidad Icesi (Cali, Colombia)<\/li>\n<li style=\"text-align: justify;\"><a href=\"https:\/\/orcid.org\/0000-0002-4723-2322\" target=\"_blank\" title=\"ORCID iD\" rel=\"noopener noreferrer\"><img loading=\"lazy\" decoding=\"async\" class=\"alignnone size-full wp-image-1012\" src=\"http:\/\/www.icesi.edu.co\/editorial\/wp-content\/uploads\/2020\/06\/ORCIDiD_icon16x16.png\" style=\"margin-right: 6px;\" alt=\"Icono ORCID\" width=\"16\" height=\"16\"><\/a><b>Mart\u00edn Nader<\/b>, Universidad Icesi (Cali, Colombia)<\/li>\n<li style=\"text-align: justify;\"><a href=\"https:\/\/orcid.org\/0000-0002-6184-9193\" target=\"_blank\" title=\"ORCID iD\" rel=\"noopener noreferrer\"><img loading=\"lazy\" decoding=\"async\" class=\"alignnone size-full wp-image-1012\" src=\"http:\/\/www.icesi.edu.co\/editorial\/wp-content\/uploads\/2020\/06\/ORCIDiD_icon16x16.png\" style=\"margin-right: 6px;\" alt=\"Icono ORCID\" width=\"16\" height=\"16\"><\/a><b>Omar Alejandro Bravo<\/b>, Universidad Icesi (Cali, Colombia)<\/li>\n<li style=\"text-align: justify;\"><a href=\"https:\/\/orcid.org\/0000-0002-0740-9293\" target=\"_blank\" title=\"ORCID iD\" rel=\"noopener noreferrer\"><img loading=\"lazy\" decoding=\"async\" class=\"alignnone size-full wp-image-1012\" src=\"http:\/\/www.icesi.edu.co\/editorial\/wp-content\/uploads\/2020\/06\/ORCIDiD_icon16x16.png\" style=\"margin-right: 6px;\" alt=\"Icono ORCID\" width=\"16\" height=\"16\"><\/a><b>Ximena Castro-Sardi<\/b>, Universidad Icesi (Cali, Colombia)<\/li>\n<\/ul><\/li><li class=\"tab-pane \" id=\"ert_pane1-3\"><div data-configid=\"31013679\/61844864\" style=\"width:100%; height:740px;\" class=\"issuuembed\"><\/div>\n<p><script type=\"text\/javascript\" src=\"\/\/e.issuu.com\/embed.js\" async=\"true\"><\/script><br \/><\/li><li class=\"tab-pane \" id=\"ert_pane1-4\"><table>\n<tbody>\n<tr class=\"first odd\">\n<th width=\"150\">\n<p style=\"text-align: left;\">T\u00edtulo (ingl\u00e9s):<\/p>\n<\/th>\n<td class=\"data last\">A decade of the Psychology program at the Universidad Icesi. Trajectories and plurals approaches.<\/td>\n<\/tr>\n<tr class=\"even\">\n<th>\n<p style=\"text-align: left;\">DOI\/URL:<\/p>\n<\/th>\n<td class=\"data last\"><a href=\"https:\/\/doi.org\/10.18046\/EUI\/escr.15.2018\" target=\"_blank\" rel=\"noopener noreferrer\">https:\/\/doi.org\/10.18046\/EUI\/escr.15.2018<\/a><\/td>\n<\/tr>\n<tr class=\"odd\">\n<th>\n<p style=\"text-align: left;\">Editorial(es):<\/p>\n<\/th>\n<td class=\"data last\">Universidad Icesi.<\/td>\n<\/tr>\n<tr class=\"even\">\n<th>\n<p style=\"text-align: left;\">Autor(es):<\/p>\n<\/th>\n<td class=\"data last\">Eduar Herrera, Jackeline Cantor Jimenez, Jos\u00e9 Eduardo S\u00e1nchez, Mart\u00edn Nader, Omar Alejandro Bravo y Ximena Castro Sardi.<\/td>\n<\/tr>\n<tr class=\"odd\">\n<th>\n<p style=\"text-align: left;\">Palabras clave:<\/p>\n<\/th>\n<td class=\"data last\">Psicolog\u00eda social, psicoan\u00e1lisis, atenci\u00f3n psicosocial, psicolog\u00eda patol\u00f3gica y cl\u00ednica.<\/td>\n<\/tr>\n<tr class=\"even\">\n<th>\n<p style=\"text-align: left;\">ISBN:<\/p>\n<\/th>\n<td class=\"data last\">978-958-8936-33-8 | 978-958-8936-38-3 (ePub).<\/td>\n<\/tr>\n<tr class=\"odd\">\n<th>\n<p style=\"text-align: left;\">Fecha de edici\u00f3n:<\/p>\n<\/th>\n<td class=\"data last\">Mayo de 2018.<\/td>\n<\/tr>\n<tr class=\"even\">\n<th>\n<p style=\"text-align: left;\">No. de p\u00e1ginas:<\/p>\n<\/th>\n<td class=\"data last\">264.<\/td>\n<\/tr>\n<tr class=\"odd\">\n<th>\n<p style=\"text-align: left;\">Idioma(s):<\/p>\n<\/th>\n<td class=\"data last\">Espa\u00f1ol.<\/td>\n<\/tr>\n<tr class=\"even\">\n<th>\n<p style=\"text-align: left;\">Formato(s):<\/p>\n<\/th>\n<td class=\"data last\">Libro impreso (tapa r\u00fastica) y electr\u00f3nico (ePub).<\/td>\n<\/tr>\n<tr class=\"odd\">\n<th>\n<p style=\"text-align: left;\">Alto x ancho:<\/p>\n<\/th>\n<td class=\"data last\">23 x 17 cm.<\/td>\n<\/tr>\n<tr class=\"even\">\n<th>\n<p style=\"text-align: left;\">Colecci\u00f3n:<\/p>\n<\/th>\n<td class=\"data last\">El sur es cielo roto (15).<\/td>\n<\/tr>\n<tr class=\"odd\">\n<th>\n<p style=\"text-align: left;\">Producto:<\/p>\n<\/th>\n<td class=\"data last\">Libro de investigaci\u00f3n.<\/td>\n<\/tr>\n<tr class=\"even\">\n<th>\n<p style=\"text-align: left;\">Observaciones:<\/p>\n<\/th>\n<td class=\"data last\">Incluye referencias bibliogr\u00e1ficas.<\/td>\n<\/tr>\n<tr class=\"last odd\">\n<th>\n<p style=\"text-align: left;\">Registro DSpace:<\/p>\n<\/th>\n<td class=\"data last\"><a href=\"https:\/\/doi.org\/10.18046\/EUI\/escr.15.2018\" target=\"_blank\" rel=\"noopener noreferrer\"><img loading=\"lazy\" decoding=\"async\" class=\"alignnone size-full wp-image-1012\" src=\"http:\/\/www.icesi.edu.co\/editorial\/wp-content\/uploads\/2016\/04\/downloadIcon-e1460499009176.png\" alt=\"Icono de Repositorio - Contenido en la Nube\" width=\"25\" height=\"25\"><\/a><\/td>\n<\/tr>\n<\/tbody>\n<\/table><\/li><\/ul><\/div><\/div>\n","protected":false},"excerpt":{"rendered":"<p>T\u00edtulo: Una d\u00e9cada del programa de Psicolog\u00eda en la Universidad Icesi. Trayectorias y enfoques plurales. Colecci\u00f3n: El sur es cielo roto | N\u00famero: 15. Editor: Omar Alejandro Bravo. Autores: Eduar Herrera, Jackeline Cantor Jimenez, Jos\u00e9 Eduardo S\u00e1nchez, Mart\u00edn Nader, Omar Alejandro Bravo y Ximena Castro Sardi. Prologuista: Ana Maria Jac\u00f3 Vilela. Editorial: Universidad Icesi. A\u00f1o [&hellip;]<\/p>\n","protected":false},"author":3,"featured_media":2505,"comment_status":"closed","ping_status":"open","sticky":false,"template":"","format":"standard","meta":{"footnotes":""},"categories":[47],"tags":[346,658,542,510,465,433,432,422,411,72,274,199,193,190,189,163,161],"class_list":["post-2495","post","type-post","status-publish","format-standard","has-post-thumbnail","hentry","category-el-sur-es-cielo-roto","tag-346","tag-filcali-2018","tag-book-citation-index","tag-epub","tag-descarga-gratuita","tag-jackeline-cantor-jimenez","tag-ximena-castro-sardi","tag-psicologia","tag-omar-alejandro-bravo","tag-fdcs","tag-libro-de-investigacion","tag-universidad-icesi","tag-atencion-psicosocial","tag-psicologia-patologica-y-clinica","tag-psicoanalisis","tag-salud-mental","tag-psicologia-social"],"_links":{"self":[{"href":"https:\/\/www.icesi.edu.co\/editorial\/wp-json\/wp\/v2\/posts\/2495","targetHints":{"allow":["GET"]}}],"collection":[{"href":"https:\/\/www.icesi.edu.co\/editorial\/wp-json\/wp\/v2\/posts"}],"about":[{"href":"https:\/\/www.icesi.edu.co\/editorial\/wp-json\/wp\/v2\/types\/post"}],"author":[{"embeddable":true,"href":"https:\/\/www.icesi.edu.co\/editorial\/wp-json\/wp\/v2\/users\/3"}],"replies":[{"embeddable":true,"href":"https:\/\/www.icesi.edu.co\/editorial\/wp-json\/wp\/v2\/comments?post=2495"}],"version-history":[{"count":10,"href":"https:\/\/www.icesi.edu.co\/editorial\/wp-json\/wp\/v2\/posts\/2495\/revisions"}],"predecessor-version":[{"id":5180,"href":"https:\/\/www.icesi.edu.co\/editorial\/wp-json\/wp\/v2\/posts\/2495\/revisions\/5180"}],"wp:featuredmedia":[{"embeddable":true,"href":"https:\/\/www.icesi.edu.co\/editorial\/wp-json\/wp\/v2\/media\/2505"}],"wp:attachment":[{"href":"https:\/\/www.icesi.edu.co\/editorial\/wp-json\/wp\/v2\/media?parent=2495"}],"wp:term":[{"taxonomy":"category","embeddable":true,"href":"https:\/\/www.icesi.edu.co\/editorial\/wp-json\/wp\/v2\/categories?post=2495"},{"taxonomy":"post_tag","embeddable":true,"href":"https:\/\/www.icesi.edu.co\/editorial\/wp-json\/wp\/v2\/tags?post=2495"}],"curies":[{"name":"wp","href":"https:\/\/api.w.org\/{rel}","templated":true}]}}