{"id":2841,"date":"2018-04-10T15:58:12","date_gmt":"2018-04-10T20:58:12","guid":{"rendered":"http:\/\/www.icesi.edu.co\/editorial\/?p=2841"},"modified":"2022-09-05T18:31:21","modified_gmt":"2022-09-05T23:31:21","slug":"poder-y-ciudad-en-cali","status":"publish","type":"post","link":"https:\/\/www.icesi.edu.co\/editorial\/poder-y-ciudad-en-cali\/","title":{"rendered":"Poder y ciudad en Cali"},"content":{"rendered":"<p><strong>T\u00edtulo completo:<\/strong> Poder y ciudad en Cali: hacia la construcci\u00f3n de un orden urbano, 1910-1950.<br \/>\n<strong>Editores:<\/strong> Enrique Rodr\u00edguez Caporalli y Antonio Jos\u00e9 Echeverry P\u00e9rez.<br \/>\n<strong>Autores:<\/strong> Antonio Jos\u00e9 Echeverry P\u00e9rez, Jos\u00e9 Dar\u00edo S\u00e1enz, Enrique Rodr\u00edguez Caporalli, Jaime Eduardo Londo\u00f1o Motta, Jenny Padilla Cabrera, Jos\u00e9 Benito Garz\u00f3n Montenegro y Hanni Jalil.<br \/>\n<strong>Editoriales:<\/strong> Universidad del Valle y Universidad Icesi.<br \/>\n<strong>A\u00f1o de edici\u00f3n:<\/strong> 2018 | <strong>ISBN:<\/strong> 978-958-765-658-9 \/ 978-958-765-659-6 (PDF).<br \/>\n<span id=\"post-ratings-2841\" class=\"post-ratings\" data-nonce=\"e4c3e57514\"><img decoding=\"async\" id=\"rating_2841_1\" src=\"https:\/\/www.icesi.edu.co\/editorial\/wp-content\/plugins\/wp-postratings\/images\/stars_crystal\/rating_on.gif\" alt=\"1 estrella\" title=\"1 estrella\" onmouseover=\"current_rating(2841, 1, '1 estrella');\" onmouseout=\"ratings_off(4.3, 5, 0);\" onclick=\"rate_post();\" onkeypress=\"rate_post();\" style=\"cursor: pointer; border: 0px;\" \/><img decoding=\"async\" id=\"rating_2841_2\" src=\"https:\/\/www.icesi.edu.co\/editorial\/wp-content\/plugins\/wp-postratings\/images\/stars_crystal\/rating_on.gif\" alt=\"2 estrellas\" title=\"2 estrellas\" onmouseover=\"current_rating(2841, 2, '2 estrellas');\" onmouseout=\"ratings_off(4.3, 5, 0);\" onclick=\"rate_post();\" onkeypress=\"rate_post();\" style=\"cursor: pointer; border: 0px;\" \/><img decoding=\"async\" id=\"rating_2841_3\" src=\"https:\/\/www.icesi.edu.co\/editorial\/wp-content\/plugins\/wp-postratings\/images\/stars_crystal\/rating_on.gif\" alt=\"3 estrellas\" title=\"3 estrellas\" onmouseover=\"current_rating(2841, 3, '3 estrellas');\" onmouseout=\"ratings_off(4.3, 5, 0);\" onclick=\"rate_post();\" onkeypress=\"rate_post();\" style=\"cursor: pointer; border: 0px;\" \/><img decoding=\"async\" id=\"rating_2841_4\" src=\"https:\/\/www.icesi.edu.co\/editorial\/wp-content\/plugins\/wp-postratings\/images\/stars_crystal\/rating_on.gif\" alt=\"4 estrellas\" title=\"4 estrellas\" onmouseover=\"current_rating(2841, 4, '4 estrellas');\" onmouseout=\"ratings_off(4.3, 5, 0);\" onclick=\"rate_post();\" onkeypress=\"rate_post();\" style=\"cursor: pointer; border: 0px;\" \/><img decoding=\"async\" id=\"rating_2841_5\" src=\"https:\/\/www.icesi.edu.co\/editorial\/wp-content\/plugins\/wp-postratings\/images\/stars_crystal\/rating_half.gif\" alt=\"5 estrellas\" title=\"5 estrellas\" onmouseover=\"current_rating(2841, 5, '5 estrellas');\" onmouseout=\"ratings_off(4.3, 5, 0);\" onclick=\"rate_post();\" onkeypress=\"rate_post();\" style=\"cursor: pointer; border: 0px;\" \/> (<strong>6<\/strong> votos, promedio: <strong>4,33<\/strong> sobre 5)<br \/><span class=\"post-ratings-text\" id=\"ratings_2841_text\"><\/span><\/span><span id=\"post-ratings-2841-loading\" class=\"post-ratings-loading\"><img loading=\"lazy\" decoding=\"async\" src=\"https:\/\/www.icesi.edu.co\/editorial\/wp-content\/plugins\/wp-postratings\/images\/loading.gif\" width=\"16\" height=\"16\" class=\"post-ratings-image\" \/>Loading...<\/span>\n&nbsp;<br \/>\n<div class=\"osc-res-tab tabbable   osc-tabs-left\"><div style=\"clear:both;width: 100%;\"><ul class=\"nav osc-res-nav nav-pills osc-tabs-left-ul\" id=\"oscitas-restabs-1-poder-y-ciudad-en-cali-49179\"><li class=\"active\"><a href=\"#ert_pane1-0\" data-toggle=\"tab\">Descripci\u00f3n<\/a><\/li><li class=\"\"><a href=\"#ert_pane1-1\" data-toggle=\"tab\">Contenido<\/a><\/li><li class=\"\"><a href=\"#ert_pane1-2\" data-toggle=\"tab\">Autor(es)<\/a><\/li><li class=\"\"><a href=\"#ert_pane1-3\" data-toggle=\"tab\">Leer en l\u00ednea<\/a><\/li><li class=\"\"><a href=\"#ert_pane1-4\" data-toggle=\"tab\">Catalogaci\u00f3n<\/a><\/li><\/ul><\/div><div style=\"clear:both;width: 100%;\"><ul class=\"tab-content\" id=\"oscitas-restabcontent-1-poder-y-ciudad-en-cali-49179\"><li class=\"tab-pane active\" id=\"ert_pane1-0\"><p style=\"text-align: justify;\">Al momento de escribir este texto Cali tiene 481 a\u00f1os de fundada. Este dato, junto con el hecho de ser la tercera ciudad del pa\u00eds en tama\u00f1o e importancia econ\u00f3mica, pueden llevar a suponer la existencia de un volumen significativo de trabajos sobre su historia, que dar\u00eda cuenta de los avatares de su crecimiento, que permitir\u00eda dimensionar el peso de su medio milenio en el alcance de sus logros y cu\u00e1l podr\u00eda ser la proporci\u00f3n de sus infortunios. Desafortunadamente, la historia de Cali es un terreno a\u00fan por explorar. Entre las grandes ciudades del pa\u00eds, quiz\u00e1 sea sobre la que menos se han publicado estudios hist\u00f3ricos, bien sea por acad\u00e9micos universitarios o siguiendo formatos distintos a la tradici\u00f3n acad\u00e9mica.<\/p>\n<p style=\"text-align: justify;\"><strong>C\u00f3mo citar (APA):<\/strong> Rodr\u00edguez Caporalli, E. y Echeverry P\u00e9rez, A.J. (eds.) (2018). <i>Poder y ciudad en Cali: hacia la construcci\u00f3n de un orden urbano, 1910-1950<\/i>. Cali: Universidad del Valle y Universidad Icesi<\/p><\/li><li class=\"tab-pane \" id=\"ert_pane1-1\"><strong>Tabla de contenido:<\/strong><\/p>\n<p>Introducci\u00f3n<\/p>\n<p><strong>1 \/ Iglesia Cat\u00f3lica en Cali, una clave de modernizaci\u00f3n<\/strong><br \/>\n<i>Antonio Jos\u00e9 Echeverry P\u00e9rez<\/i><\/p>\n<p><strong>2 \/ \u201cCali es un garaje con obispo\u201d: transici\u00f3n, modernidad e instituciones Cali, 1910-1937<\/strong><br \/>\n<i>Jos\u00e9 Dar\u00edo S\u00e1enz y Enrique Rodr\u00edguez Caporalli<\/i><\/p>\n<p><strong>3 \/ La c\u00e1mara de comercio de Cali: una instituci\u00f3n en el marco de una econom\u00eda regional, 1910-1948<\/strong><br \/>\n<i>Jaime Eduardo Londo\u00f1o Motta<\/i><\/p>\n<p><strong>4 \/ Relaciones entre lo p\u00fablico y lo privado en los servicios de acueducto y electricidad en Cali 1910-1944<\/strong><br \/>\n<i>Jenny Padilla Cabrera<\/i><\/p>\n<p><strong>5 \/ Acciones colectivas contenciosas, cultura pol\u00edtica y construcci\u00f3n de ciudad: Cali 1910-1953<\/strong><br \/>\n<i>Jos\u00e9 Benito Garz\u00f3n Montenegro<\/i><\/p>\n<p><strong>6 \/ \u201cIn defense of our health\u201d: public works, sanitation and progress in Cali, 1930-1940<\/strong><br \/>\n<i>Hanni Jalil<\/i><\/p>\n<p>Autores<br \/><\/li><li class=\"tab-pane \" id=\"ert_pane1-2\"><ul>\n<li style=\"text-align: justify;\"><b>Antonio Jos\u00e9 Echeverry P\u00e9rez<\/b>, Universidad del Valle (Cali, Colombia)<\/li>\n<li style=\"text-align: justify;\"><a href=\"https:\/\/orcid.org\/0000-0002-8178-7671\" target=\"_blank\" title=\"ORCID iD\" rel=\"noopener noreferrer\"><img loading=\"lazy\" decoding=\"async\" class=\"alignnone size-full wp-image-1012\" src=\"http:\/\/www.icesi.edu.co\/editorial\/wp-content\/uploads\/2020\/06\/ORCIDiD_icon16x16.png\" style=\"margin-right: 6px;\" alt=\"Icono ORCID\" width=\"16\" height=\"16\"><\/a><b>Jos\u00e9 Dar\u00edo S\u00e1enz<\/b>, Universidad Icesi (Cali, Colombia)<\/li>\n<li style=\"text-align: justify;\"><a href=\"https:\/\/orcid.org\/0000-0003-0997-7793\" target=\"_blank\" title=\"ORCID iD\" rel=\"noopener noreferrer\"><img loading=\"lazy\" decoding=\"async\" class=\"alignnone size-full wp-image-1012\" src=\"http:\/\/www.icesi.edu.co\/editorial\/wp-content\/uploads\/2020\/06\/ORCIDiD_icon16x16.png\" style=\"margin-right: 6px;\" alt=\"Icono ORCID\" width=\"16\" height=\"16\"><\/a><b>Enrique Rodr\u00edguez Caporalli<\/b>, Universidad Icesi (Cali, Colombia)<\/li>\n<li style=\"text-align: justify;\"><a href=\"https:\/\/orcid.org\/0000-0002-2128-727X\" target=\"_blank\" title=\"ORCID iD\" rel=\"noopener noreferrer\"><img loading=\"lazy\" decoding=\"async\" class=\"alignnone size-full wp-image-1012\" src=\"http:\/\/www.icesi.edu.co\/editorial\/wp-content\/uploads\/2020\/06\/ORCIDiD_icon16x16.png\" style=\"margin-right: 6px;\" alt=\"Icono ORCID\" width=\"16\" height=\"16\"><\/a><b>Jaime E. Londo\u00f1o M.<\/b>, Universidad Icesi (Cali, Colombia)<\/li>\n<li style=\"text-align: justify;\"><a href=\"https:\/\/orcid.org\/0000-0001-5445-0144\" target=\"_blank\" title=\"ORCID iD\" rel=\"noopener noreferrer\"><img loading=\"lazy\" decoding=\"async\" class=\"alignnone size-full wp-image-1012\" src=\"http:\/\/www.icesi.edu.co\/editorial\/wp-content\/uploads\/2020\/06\/ORCIDiD_icon16x16.png\" style=\"margin-right: 6px;\" alt=\"Icono ORCID\" width=\"16\" height=\"16\"><\/a><b>Jenny Padilla-Cabrera<\/b>, Universidad del Valle (Cali, Colombia)<\/li>\n<li style=\"text-align: justify;\"><a href=\"https:\/\/orcid.org\/0000-0002-5629-0401\" target=\"_blank\" title=\"ORCID iD\" rel=\"noopener noreferrer\"><img loading=\"lazy\" decoding=\"async\" class=\"alignnone size-full wp-image-1012\" src=\"http:\/\/www.icesi.edu.co\/editorial\/wp-content\/uploads\/2020\/06\/ORCIDiD_icon16x16.png\" style=\"margin-right: 6px;\" alt=\"Icono ORCID\" width=\"16\" height=\"16\"><\/a><b>Jos\u00e9 Benito Garz\u00f3n M.<\/b>, Fundaci\u00f3n Universitaria Cat\u00f3lica Lumen Gentium (Cali, Colombia)<\/li>\n<li style=\"text-align: justify;\"><a href=\"https:\/\/orcid.org\/0000-0002-4183-9203\" target=\"_blank\" title=\"ORCID iD\" rel=\"noopener noreferrer\"><img loading=\"lazy\" decoding=\"async\" class=\"alignnone size-full wp-image-1012\" src=\"http:\/\/www.icesi.edu.co\/editorial\/wp-content\/uploads\/2020\/06\/ORCIDiD_icon16x16.png\" style=\"margin-right: 6px;\" alt=\"Icono ORCID\" width=\"16\" height=\"16\"><\/a><b>Hanni Jalil<\/b>, Universidad del Valle (Cali, Colombia)<\/li>\n<\/ul><\/li><li class=\"tab-pane \" id=\"ert_pane1-3\">En construcci\u00f3n.<br \/><\/li><li class=\"tab-pane \" id=\"ert_pane1-4\"><table>\n<tbody>\n<tr class=\"first odd\">\n<th width=\"150\">\n<p style=\"text-align: left;\">T\u00edtulo (ingl\u00e9s):<\/p>\n<\/th>\n<td class=\"data last\">Power and city in Cali: Towards the construction of an urban order, 1910-1950.<\/td>\n<\/tr>\n<tr class=\"even\">\n<th>\n<p style=\"text-align: left;\">DOI\/URL:<\/p>\n<\/th>\n<td class=\"data last\">&#8212;.<\/td>\n<\/tr>\n<tr class=\"odd\">\n<th>\n<p style=\"text-align: left;\">Editorial(es):<\/p>\n<\/th>\n<td class=\"data last\">Universidad del Valle y Universidad Icesi.<\/td>\n<\/tr>\n<tr class=\"even\">\n<th>\n<p style=\"text-align: left;\">Autor(es):<\/p>\n<\/th>\n<td class=\"data last\">Antonio Jos\u00e9 Echeverry P\u00e9rez, Jos\u00e9 Dar\u00edo S\u00e1enz, Enrique Rodr\u00edguez Caporalli, Jaime Eduardo Londo\u00f1o Motta, Jenny Padilla Cabrera, Jos\u00e9 Benito Garz\u00f3n Montenegro y Hanni Jalil.<\/td>\n<\/tr>\n<tr class=\"odd\">\n<th>\n<p style=\"text-align: left;\">Palabras clave:<\/p>\n<\/th>\n<td class=\"data last\">Historia regional, historia pol\u00edtica, siglos XX, Santiado de Cali.<\/td>\n<\/tr>\n<tr class=\"even\">\n<th>\n<p style=\"text-align: left;\">ISBN:<\/p>\n<\/th>\n<td class=\"data last\">978-958-765-658-9 (impreso) \/ 978-958-765-659-6 (PDF).<\/td>\n<\/tr>\n<tr class=\"odd\">\n<th>\n<p style=\"text-align: left;\">Fecha de edici\u00f3n:<\/p>\n<\/th>\n<td class=\"data last\">Abril 2018.<\/td>\n<\/tr>\n<tr class=\"even\">\n<th>\n<p style=\"text-align: left;\">No. de p\u00e1ginas:<\/p>\n<\/th>\n<td class=\"data last\">260.<\/td>\n<\/tr>\n<tr class=\"odd\">\n<th>\n<p style=\"text-align: left;\">Idioma(s):<\/p>\n<\/th>\n<td class=\"data last\">Espa\u00f1ol.<\/td>\n<\/tr>\n<tr class=\"even\">\n<th>\n<p style=\"text-align: left;\">Formato(s):<\/p>\n<\/th>\n<td class=\"data last\">Libro impreso (tapa r\u00fastica) y electr\u00f3nico (PDF).<\/td>\n<\/tr>\n<tr class=\"odd\">\n<th>\n<p style=\"text-align: left;\">Alto x ancho:<\/p>\n<\/th>\n<td class=\"data last\">24 x 17 cm.<\/td>\n<\/tr>\n<tr class=\"even\">\n<th>\n<p style=\"text-align: left;\">Colecci\u00f3n:<\/p>\n<\/th>\n<td class=\"data last\">Coediciones.<\/td>\n<\/tr>\n<tr class=\"odd\">\n<th>\n<p style=\"text-align: left;\">Producto:<\/p>\n<\/th>\n<td class=\"data last\">Libro de investigaci\u00f3n.<\/td>\n<\/tr>\n<tr class=\"last even\">\n<th>\n<p style=\"text-align: left;\">Observaciones:<\/p>\n<\/th>\n<td class=\"data last\">Incluye referencias bibliogr\u00e1ficas.<\/td>\n<\/tr>\n<\/tbody>\n<\/table><\/li><\/ul><\/div><\/div>\n","protected":false},"excerpt":{"rendered":"<p>T\u00edtulo completo: Poder y ciudad en Cali: hacia la construcci\u00f3n de un orden urbano, 1910-1950. Editores: Enrique Rodr\u00edguez Caporalli y Antonio Jos\u00e9 Echeverry P\u00e9rez. Autores: Antonio Jos\u00e9 Echeverry P\u00e9rez, Jos\u00e9 Dar\u00edo S\u00e1enz, Enrique Rodr\u00edguez Caporalli, Jaime Eduardo Londo\u00f1o Motta, Jenny Padilla Cabrera, Jos\u00e9 Benito Garz\u00f3n Montenegro y Hanni Jalil. Editoriales: Universidad del Valle y Universidad [&hellip;]<\/p>\n","protected":false},"author":3,"featured_media":3214,"comment_status":"closed","ping_status":"closed","sticky":false,"template":"","format":"standard","meta":{"footnotes":""},"categories":[372],"tags":[373,820,658,542,473,434,430,397,396,395,72,346,274,224,160,136,108,94,77],"class_list":["post-2841","post","type-post","status-publish","format-standard","has-post-thumbnail","hentry","category-coediciones","tag-universidad-del-valle","tag-estudios-sobre-cali","tag-filcali-2018","tag-book-citation-index","tag-jaime-eduardo-londono-motta","tag-enrique-rodriguez-caporalli","tag-jose-dario-saenz","tag-estudios-politicos","tag-estudios-sociales","tag-historia","tag-fdcs","tag-346","tag-libro-de-investigacion","tag-coedicion","tag-ciudad","tag-historia-regional","tag-estudios-urbanos","tag-cali-valle-del-cauca-colombia","tag-ciencias-sociales"],"_links":{"self":[{"href":"https:\/\/www.icesi.edu.co\/editorial\/wp-json\/wp\/v2\/posts\/2841","targetHints":{"allow":["GET"]}}],"collection":[{"href":"https:\/\/www.icesi.edu.co\/editorial\/wp-json\/wp\/v2\/posts"}],"about":[{"href":"https:\/\/www.icesi.edu.co\/editorial\/wp-json\/wp\/v2\/types\/post"}],"author":[{"embeddable":true,"href":"https:\/\/www.icesi.edu.co\/editorial\/wp-json\/wp\/v2\/users\/3"}],"replies":[{"embeddable":true,"href":"https:\/\/www.icesi.edu.co\/editorial\/wp-json\/wp\/v2\/comments?post=2841"}],"version-history":[{"count":10,"href":"https:\/\/www.icesi.edu.co\/editorial\/wp-json\/wp\/v2\/posts\/2841\/revisions"}],"predecessor-version":[{"id":6059,"href":"https:\/\/www.icesi.edu.co\/editorial\/wp-json\/wp\/v2\/posts\/2841\/revisions\/6059"}],"wp:featuredmedia":[{"embeddable":true,"href":"https:\/\/www.icesi.edu.co\/editorial\/wp-json\/wp\/v2\/media\/3214"}],"wp:attachment":[{"href":"https:\/\/www.icesi.edu.co\/editorial\/wp-json\/wp\/v2\/media?parent=2841"}],"wp:term":[{"taxonomy":"category","embeddable":true,"href":"https:\/\/www.icesi.edu.co\/editorial\/wp-json\/wp\/v2\/categories?post=2841"},{"taxonomy":"post_tag","embeddable":true,"href":"https:\/\/www.icesi.edu.co\/editorial\/wp-json\/wp\/v2\/tags?post=2841"}],"curies":[{"name":"wp","href":"https:\/\/api.w.org\/{rel}","templated":true}]}}