{"id":2950,"date":"2007-04-12T15:33:07","date_gmt":"2007-04-12T20:33:07","guid":{"rendered":"http:\/\/www.icesi.edu.co\/editorial\/?p=2950"},"modified":"2024-09-03T10:39:24","modified_gmt":"2024-09-03T15:39:24","slug":"mac","status":"publish","type":"post","link":"https:\/\/www.icesi.edu.co\/editorial\/mac\/","title":{"rendered":"MAC: empresa y familia"},"content":{"rendered":"<p><strong>Obra:<\/strong> MAC: empresa y familia, medio siglo de energ\u00eda.<br \/>\n<strong>Coordinador:<\/strong> Jaime Eduardo Londo\u00f1o Motta.<br \/>\n<strong>Autores:<\/strong> Sonia Milena Jaimes Pe\u00f1aloza, Rosa Emilia Berm\u00fadez Rico, Pilar Perdomo Giraldo, Juanita Cajiao, Juan Jos\u00e9 Fern\u00e1ndez Dusso, Edgar Orlando Ben\u00edtez Salcedo, Carlos Mej\u00eda, Carlos Miguel Juri Mej\u00eda, Ana Luc\u00eda Paz Rueda, Ana Mar\u00eda Arboleda Arango y Jaime Eduardo Londo\u00f1o Motta.<br \/>\n<strong>Prologuista:<\/strong> Carlos E. Caballero Arg\u00e1ez.<br \/>\n<strong>Editorial:<\/strong> Universidad Icesi.<br \/>\n<strong>A\u00f1o de edici\u00f3n:<\/strong> 2007 | <strong>N\u00famero de p\u00e1ginas:<\/strong> 326 | <strong>Tama\u00f1o:<\/strong> 24 x 29 cm.<br \/>\n<strong>ISBN:<\/strong> 978-958-9279-91-5.<br \/>\n<span id=\"post-ratings-2950\" class=\"post-ratings\" data-nonce=\"44ff8af098\"><img decoding=\"async\" id=\"rating_2950_1\" src=\"https:\/\/www.icesi.edu.co\/editorial\/wp-content\/plugins\/wp-postratings\/images\/stars_crystal\/rating_on.gif\" alt=\"1 estrella\" title=\"1 estrella\" onmouseover=\"current_rating(2950, 1, '1 estrella');\" onmouseout=\"ratings_off(3, 0, 0);\" onclick=\"rate_post();\" onkeypress=\"rate_post();\" style=\"cursor: pointer; border: 0px;\" \/><img decoding=\"async\" id=\"rating_2950_2\" src=\"https:\/\/www.icesi.edu.co\/editorial\/wp-content\/plugins\/wp-postratings\/images\/stars_crystal\/rating_on.gif\" alt=\"2 estrellas\" title=\"2 estrellas\" onmouseover=\"current_rating(2950, 2, '2 estrellas');\" onmouseout=\"ratings_off(3, 0, 0);\" onclick=\"rate_post();\" onkeypress=\"rate_post();\" style=\"cursor: pointer; border: 0px;\" \/><img decoding=\"async\" id=\"rating_2950_3\" src=\"https:\/\/www.icesi.edu.co\/editorial\/wp-content\/plugins\/wp-postratings\/images\/stars_crystal\/rating_on.gif\" alt=\"3 estrellas\" title=\"3 estrellas\" onmouseover=\"current_rating(2950, 3, '3 estrellas');\" onmouseout=\"ratings_off(3, 0, 0);\" onclick=\"rate_post();\" onkeypress=\"rate_post();\" style=\"cursor: pointer; border: 0px;\" \/><img decoding=\"async\" id=\"rating_2950_4\" src=\"https:\/\/www.icesi.edu.co\/editorial\/wp-content\/plugins\/wp-postratings\/images\/stars_crystal\/rating_off.gif\" alt=\"4 estrellas\" title=\"4 estrellas\" onmouseover=\"current_rating(2950, 4, '4 estrellas');\" onmouseout=\"ratings_off(3, 0, 0);\" onclick=\"rate_post();\" onkeypress=\"rate_post();\" style=\"cursor: pointer; border: 0px;\" \/><img decoding=\"async\" id=\"rating_2950_5\" src=\"https:\/\/www.icesi.edu.co\/editorial\/wp-content\/plugins\/wp-postratings\/images\/stars_crystal\/rating_off.gif\" alt=\"5 estrellas\" title=\"5 estrellas\" onmouseover=\"current_rating(2950, 5, '5 estrellas');\" onmouseout=\"ratings_off(3, 0, 0);\" onclick=\"rate_post();\" onkeypress=\"rate_post();\" style=\"cursor: pointer; border: 0px;\" \/> (<strong>2<\/strong> votos, promedio: <strong>3,00<\/strong> sobre 5)<br \/><span class=\"post-ratings-text\" id=\"ratings_2950_text\"><\/span><\/span><span id=\"post-ratings-2950-loading\" class=\"post-ratings-loading\"><img loading=\"lazy\" decoding=\"async\" src=\"https:\/\/www.icesi.edu.co\/editorial\/wp-content\/plugins\/wp-postratings\/images\/loading.gif\" width=\"16\" height=\"16\" class=\"post-ratings-image\" \/>Loading...<\/span>\n<p style=\"text-align: justify;\"><strong>Descripci\u00f3n: <\/strong>Gracias a este libro, la personalidad de Ernesto Mej\u00eda Amaya y su historia como empresario se pone al alcance de las nuevas generaciones de colombianos interesados en \u201chacer empresa\u201d. Aqu\u00ed se podr\u00e1 estudiar su recorrido desde el regreso de Argentina en 1955, y la forma en la cual fue enrumbando su vida, hasta el d\u00eda de hoy. Desde cuando escogi\u00f3 trabajar en Co\u00e9xito, empresa que buscaba un experto en bater\u00edas, en lugar de hacerlo en Monark, a pesar de que el salario ofrecido en esta \u00faltima compa\u00f1\u00eda superaba el de la primera, convencido de que \u201clas bicicletas no ten\u00edan el futuro de las bater\u00edas\u201d. Hasta abril de 2007, mes en que la empresa cumple cincuenta a\u00f1os de existencia e inaugurar\u00e1 la primera etapa de una moderna planta, en la cual una vez terminado el proyecto de expansi\u00f3n triplicar\u00e1 su capacidad instalada (en el 2006 la f\u00e1brica despach\u00f3 cerca de dos millones cuatrocientas mil bater\u00edas) y que estar\u00e1 por tanto cerca al nivel de las m\u00e1s grandes del mundo en volumen de producci\u00f3n.<\/p>\n","protected":false},"excerpt":{"rendered":"<p>Obra: MAC: empresa y familia, medio siglo de energ\u00eda. Coordinador: Jaime Eduardo Londo\u00f1o Motta. Autores: Sonia Milena Jaimes Pe\u00f1aloza, Rosa Emilia Berm\u00fadez Rico, Pilar Perdomo Giraldo, Juanita Cajiao, Juan Jos\u00e9 Fern\u00e1ndez Dusso, Edgar Orlando Ben\u00edtez Salcedo, Carlos Mej\u00eda, Carlos Miguel Juri Mej\u00eda, Ana Luc\u00eda Paz Rueda, Ana Mar\u00eda Arboleda Arango y Jaime Eduardo Londo\u00f1o Motta. [&hellip;]<\/p>\n","protected":false},"author":3,"featured_media":3318,"comment_status":"closed","ping_status":"open","sticky":false,"template":"","format":"standard","meta":{"footnotes":""},"categories":[166],"tags":[72,206,287,312,356,429,466,467,468,473,500,635,636],"class_list":["post-2950","post","type-post","status-publish","format-standard","has-post-thumbnail","hentry","category-ediciones-especiales","tag-fdcs","tag-empresarios-industriales","tag-libro-de-interes-general","tag-cultura-empresarial","tag-356","tag-ana-lucia-paz-rueda","tag-mac","tag-ernesto-mejia-amaya","tag-empresas-familiares","tag-jaime-eduardo-londono-motta","tag-historia-empresarial","tag-rosa-emilia-bermudez-rico","tag-juan-jose-fernandez-dusso"],"_links":{"self":[{"href":"https:\/\/www.icesi.edu.co\/editorial\/wp-json\/wp\/v2\/posts\/2950","targetHints":{"allow":["GET"]}}],"collection":[{"href":"https:\/\/www.icesi.edu.co\/editorial\/wp-json\/wp\/v2\/posts"}],"about":[{"href":"https:\/\/www.icesi.edu.co\/editorial\/wp-json\/wp\/v2\/types\/post"}],"author":[{"embeddable":true,"href":"https:\/\/www.icesi.edu.co\/editorial\/wp-json\/wp\/v2\/users\/3"}],"replies":[{"embeddable":true,"href":"https:\/\/www.icesi.edu.co\/editorial\/wp-json\/wp\/v2\/comments?post=2950"}],"version-history":[{"count":7,"href":"https:\/\/www.icesi.edu.co\/editorial\/wp-json\/wp\/v2\/posts\/2950\/revisions"}],"predecessor-version":[{"id":4809,"href":"https:\/\/www.icesi.edu.co\/editorial\/wp-json\/wp\/v2\/posts\/2950\/revisions\/4809"}],"wp:featuredmedia":[{"embeddable":true,"href":"https:\/\/www.icesi.edu.co\/editorial\/wp-json\/wp\/v2\/media\/3318"}],"wp:attachment":[{"href":"https:\/\/www.icesi.edu.co\/editorial\/wp-json\/wp\/v2\/media?parent=2950"}],"wp:term":[{"taxonomy":"category","embeddable":true,"href":"https:\/\/www.icesi.edu.co\/editorial\/wp-json\/wp\/v2\/categories?post=2950"},{"taxonomy":"post_tag","embeddable":true,"href":"https:\/\/www.icesi.edu.co\/editorial\/wp-json\/wp\/v2\/tags?post=2950"}],"curies":[{"name":"wp","href":"https:\/\/api.w.org\/{rel}","templated":true}]}}