{"id":4331,"date":"2019-09-24T17:44:05","date_gmt":"2019-09-24T22:44:05","guid":{"rendered":"http:\/\/www.icesi.edu.co\/editorial\/?p=4331"},"modified":"2023-07-05T11:12:24","modified_gmt":"2023-07-05T16:12:24","slug":"jorge-garces-borrero","status":"publish","type":"post","link":"https:\/\/www.icesi.edu.co\/editorial\/jorge-garces-borrero\/","title":{"rendered":"Jorge Garc\u00e9s Borrero"},"content":{"rendered":"<div class=\"ead-preview\"><div class=\"ead-document\" style=\"position: relative;\"><div class=\"ead-iframe-wrapper\"><iframe src=\"\/\/docs.google.com\/viewer?url=http%3A%2F%2Frepository.icesi.edu.co%2Fbiblioteca_digital%2Fbitstream%2F10906%2F85018%2F1%2Flondono_optimismo_teson_2019_Todo.pdf&amp;embedded=true&amp;hl=en\" title=\"Embedded Document\" class=\"ead-iframe\" style=\"width: 0px;height: 0px;border: none;visibility: hidden;\"><\/iframe><\/div>\t\t\t<div class=\"ead-document-loading\" style=\"width:100%;height:100%;position:absolute;left:0;top:0;z-index:10;\">\n\t\t\t\t<div class=\"ead-loading-wrap\">\n\t\t\t\t\t<div class=\"ead-loading-main\">\n\t\t\t\t\t\t<div class=\"ead-loading\">\n\t\t\t\t\t\t\t<img loading=\"lazy\" decoding=\"async\" src=\"https:\/\/www.icesi.edu.co\/editorial\/wp-content\/plugins\/embed-any-document\/images\/loading.svg\" width=\"55\" height=\"55\" alt=\"Loader\">\n\t\t\t\t\t\t\t<span>Loading...<\/span>\n\t\t\t\t\t\t<\/div>\n\t\t\t\t\t<\/div>\n\t\t\t\t\t<div class=\"ead-loading-foot\">\n\t\t\t\t\t\t<div class=\"ead-loading-foot-title\">\n\t\t\t\t\t\t\t<img loading=\"lazy\" decoding=\"async\" src=\"https:\/\/www.icesi.edu.co\/editorial\/wp-content\/plugins\/embed-any-document\/images\/EAD-logo.svg\" alt=\"EAD Logo\" width=\"36\" height=\"23\"\/>\n\t\t\t\t\t\t\t<span>Taking too long?<\/span>\n\t\t\t\t\t\t<\/div>\n\t\t\t\t\t\t<p>\n\t\t\t\t\t\t\t<div class=\"ead-document-btn ead-reload-btn\" role=\"button\">\n\t\t\t\t\t\t\t\t<img loading=\"lazy\" decoding=\"async\" src=\"https:\/\/www.icesi.edu.co\/editorial\/wp-content\/plugins\/embed-any-document\/images\/reload.svg\" alt=\"Reload\" width=\"12\" height=\"12\"\/> Reload document\t\t\t\t\t\t\t<\/div>\n\t\t\t\t\t\t\t<span>|<\/span>\n\t\t\t\t\t\t\t<a href=\"http:\/\/repository.icesi.edu.co\/biblioteca_digital\/bitstream\/10906\/85018\/1\/londono_optimismo_teson_2019_Todo.pdf\" class=\"ead-document-btn\" target=\"_blank\" rel=\"noopener\">\n\t\t\t\t\t\t\t\t<img loading=\"lazy\" decoding=\"async\" src=\"https:\/\/www.icesi.edu.co\/editorial\/wp-content\/plugins\/embed-any-document\/images\/open.svg\" alt=\"Open\" width=\"12\" height=\"12\"\/> Open in new tab\t\t\t\t\t\t\t<\/a>\n\t\t\t\t\t<\/div>\n\t\t\t\t<\/div>\n\t\t\t<\/div>\n\t\t<\/div><p class=\"embed_download\"><a href=\"http:\/\/repository.icesi.edu.co\/biblioteca_digital\/bitstream\/10906\/85018\/1\/londono_optimismo_teson_2019_Todo.pdf\" download target=\"_blank\" rel=\"noopener\">Download\/Descargar <\/a><\/p><\/div>\n<strong>T\u00edtulo completo:<\/strong> Optimismo, tes\u00f3n y labor. Jorge Garc\u00e9s Borrero, 1899-1944.<br \/>\n<strong>Colecci\u00f3n:<\/strong> El sur es cielo roto | <strong>N\u00famero:<\/strong> 20.<br \/>\n<strong>Editor:<\/strong> Jaime E. Londo\u00f1o M.<br \/>\n<strong>Autores:<\/strong> Catalina Ararat Ospina, Rosa Helena Rodr\u00edguez, Sonia Milena Jaimes Pe\u00f1aloza, Alejandro Arango Londo\u00f1o y Jaime E. Londo\u00f1o M.<br \/>\n<strong>Editorial:<\/strong> Universidad Icesi.<br \/>\n<strong>A\u00f1o de edici\u00f3n:<\/strong> 2019 | <strong>ISBN:<\/strong> 978-958-8936-99-4 \/ 978-958-8936-96-3 (PDF).<br \/>\n<span id=\"post-ratings-4331\" class=\"post-ratings\" data-nonce=\"1e78461140\"><img decoding=\"async\" id=\"rating_4331_1\" src=\"https:\/\/www.icesi.edu.co\/editorial\/wp-content\/plugins\/wp-postratings\/images\/stars_crystal\/rating_on.gif\" alt=\"1 estrella\" title=\"1 estrella\" onmouseover=\"current_rating(4331, 1, '1 estrella');\" onmouseout=\"ratings_off(5, 0, 0);\" onclick=\"rate_post();\" onkeypress=\"rate_post();\" style=\"cursor: pointer; border: 0px;\" \/><img decoding=\"async\" id=\"rating_4331_2\" src=\"https:\/\/www.icesi.edu.co\/editorial\/wp-content\/plugins\/wp-postratings\/images\/stars_crystal\/rating_on.gif\" alt=\"2 estrellas\" title=\"2 estrellas\" onmouseover=\"current_rating(4331, 2, '2 estrellas');\" onmouseout=\"ratings_off(5, 0, 0);\" onclick=\"rate_post();\" onkeypress=\"rate_post();\" style=\"cursor: pointer; border: 0px;\" \/><img decoding=\"async\" id=\"rating_4331_3\" src=\"https:\/\/www.icesi.edu.co\/editorial\/wp-content\/plugins\/wp-postratings\/images\/stars_crystal\/rating_on.gif\" alt=\"3 estrellas\" title=\"3 estrellas\" onmouseover=\"current_rating(4331, 3, '3 estrellas');\" onmouseout=\"ratings_off(5, 0, 0);\" onclick=\"rate_post();\" onkeypress=\"rate_post();\" style=\"cursor: pointer; border: 0px;\" \/><img decoding=\"async\" id=\"rating_4331_4\" src=\"https:\/\/www.icesi.edu.co\/editorial\/wp-content\/plugins\/wp-postratings\/images\/stars_crystal\/rating_on.gif\" alt=\"4 estrellas\" title=\"4 estrellas\" onmouseover=\"current_rating(4331, 4, '4 estrellas');\" onmouseout=\"ratings_off(5, 0, 0);\" onclick=\"rate_post();\" onkeypress=\"rate_post();\" style=\"cursor: pointer; border: 0px;\" \/><img decoding=\"async\" id=\"rating_4331_5\" src=\"https:\/\/www.icesi.edu.co\/editorial\/wp-content\/plugins\/wp-postratings\/images\/stars_crystal\/rating_on.gif\" alt=\"5 estrellas\" title=\"5 estrellas\" onmouseover=\"current_rating(4331, 5, '5 estrellas');\" onmouseout=\"ratings_off(5, 0, 0);\" onclick=\"rate_post();\" onkeypress=\"rate_post();\" style=\"cursor: pointer; border: 0px;\" \/> (<strong>4<\/strong> votos, promedio: <strong>5,00<\/strong> sobre 5)<br \/><span class=\"post-ratings-text\" id=\"ratings_4331_text\"><\/span><\/span><span id=\"post-ratings-4331-loading\" class=\"post-ratings-loading\"><img loading=\"lazy\" decoding=\"async\" src=\"https:\/\/www.icesi.edu.co\/editorial\/wp-content\/plugins\/wp-postratings\/images\/loading.gif\" width=\"16\" height=\"16\" class=\"post-ratings-image\" \/>Loading...<\/span>\n<script type=\"text\/javascript\" src=\"\/\/cdn.plu.mx\/widget-popup.js\"><\/script><a href=\"https:\/\/plu.mx\/plum\/a\/?doi=10.18046\/EUI\/escr.20.2019\" data-popup=\"right\" data-size=\"large\" class=\"plumx-plum-print-popup\" data-site=\"plum\" data-hide-when-empty=\"true\" data-lang=\"es\" target=\"_blank\" rel=\"noopener\">Optimismo, tes\u00f3n y labor. Jorge Garc\u00e9s Borrero, 1899-1944<\/a><br \/>\n<div class=\"osc-res-tab tabbable   osc-tabs-left\"><div style=\"clear:both;width: 100%;\"><ul class=\"nav osc-res-nav nav-pills osc-tabs-left-ul\" id=\"oscitas-restabs-1-jorge-garces-borrero-14020\"><li class=\"active\"><a href=\"#ert_pane1-0\" data-toggle=\"tab\">Descripci\u00f3n<\/a><\/li><li class=\"\"><a href=\"#ert_pane1-1\" data-toggle=\"tab\">Contenido<\/a><\/li><li class=\"\"><a href=\"#ert_pane1-2\" data-toggle=\"tab\">Autor(es)<\/a><\/li><li class=\"\"><a href=\"#ert_pane1-3\" data-toggle=\"tab\">Catalogaci\u00f3n<\/a><\/li><\/ul><\/div><div style=\"clear:both;width: 100%;\"><ul class=\"tab-content\" id=\"oscitas-restabcontent-1-jorge-garces-borrero-14020\"><li class=\"tab-pane active\" id=\"ert_pane1-0\"><p style=\"text-align: justify;\">El libro <i>Optimismo, tes\u00f3n y labor<\/i> da cuenta de su objeto de estudio: Jorge Garc\u00e9s Borrero, uno de los empresarios vallecaucanos m\u00e1s interesantes que se conozcan en el \u00e1mbito de la Historia Empresarial, ya que se trata de alguien <i>sui generis<\/i>, en el sentido que no corresponde al cl\u00e1sico empresario colombiano de la primera mitad del siglo XX, que acumula su capital en el caf\u00e9 y luego lo invierte en el comercio, la banca y la industria, imagen cosificada del empresario exitoso, que no ha permitido conocer otras figuras o arquetipos del empresariado nacional. Las dimensiones como empresario innovador, cosmopolita, que es creativo en el uso de la informaci\u00f3n, conocimientos y experiencias logradas en su \u00e1mbito familiar, sus relaciones sociales y su capacidad para relacionarse con empresas e instituciones financieras del mundo, permiten configurar a Garc\u00e9s como un empresario diversificado y que sabe relacionar los recursos y potencialidades de una regi\u00f3n como el Valle del Cauca con las oportunidades del mercado mundial [Rodrigo de Jes\u00fas Garc\u00eda Estrada].<\/p>\n<p style=\"text-align: justify;\"><strong>C\u00f3mo citar (APA):<\/strong> Londo\u00f1o M., J. E. (2019). <i>Optimismo, tes\u00f3n y labor. Jorge Garc\u00e9s Borrero, 1899-1944<\/i>. Cali: Editorial Universidad Icesi. DOI: <a href=\"https:\/\/doi.org\/10.18046\/EUI\/escr.20.2019\" target=\"_blank\" rel=\"noopener noreferrer\">https:\/\/doi.org\/10.18046\/EUI\/escr.20.2019<\/a><\/p>\n<p><span class=\"__dimensions_badge_embed__\" data-doi=\"10.18046\/EUI\/escr.20.2019\" data-hide-zero-citations=\"true\" data-legend=\"hover-right\" data-style=\"small_circle\"><\/span><script async=\"\" src=\"https:\/\/badge.dimensions.ai\/badge.js\" charset=\"utf-8\"><\/script><br \/><\/li><li class=\"tab-pane \" id=\"ert_pane1-1\"><strong>Tabla de contenido:<\/strong><\/p>\n<p>Introducci\u00f3n<br \/>\n<i>Jaime E. Londo\u00f1o M.<\/i><\/p>\n<p><strong>1 \/ Los Garc\u00e9s Borrero: familia, regi\u00f3n econ\u00f3mica y funciones empresariales<\/strong><br \/>\n<i>Jaime E. Londo\u00f1o M. y Catalina Ararat Ospina<\/i><\/p>\n<p><strong>2 \/ Jorge Garc\u00e9s Borrero: la Droguer\u00eda y la Farmacia JGB<\/strong><br \/>\n<i>Jaime E. Londo\u00f1o M. y Rosa Helena Rodr\u00edguez<\/i><\/p>\n<p><strong>3 \/ Jorge Garc\u00e9s Borrero: Laboratorios JGB, 1931-1944<\/strong><br \/>\n<i>Jaime E. Londo\u00f1o M. y Rosa Helena Rodr\u00edguez<\/i><\/p>\n<p><strong>4 \/ Jorge Garc\u00e9s Borrero: banquero, inversionista y negociante de bienes ra\u00edces<\/strong><br \/>\n<i>Jaime E. Londo\u00f1o M. y Sonia Milena Jaimes Pe\u00f1aloza<\/i><\/p>\n<p><strong>5 \/ Un discreto perfil de hidalgo: representaciones de su vida, memorias de su muerte<\/strong><br \/>\n<i>Jaime E. Londo\u00f1o M. y Rosa Helena Rodr\u00edguez<\/i><\/p>\n<p>Conclusiones<br \/>\n<i>Jaime E. Londo\u00f1o M.<\/i><\/p>\n<p><strong><u>Anexos<\/u><\/strong><\/p>\n<p><strong>Diego Garc\u00e9s de Aguilar: la semilla de los Garc\u00e9s Borrero<\/strong><br \/>\n<i>Catalina Ararat Ospina<\/i><\/p>\n<p><strong>Un legado de Jorge Garc\u00e9s Borrero: vestigios de su biblioteca personal<\/strong><br \/>\n<i>Rosa Helena Rodr\u00edguez y Alejandro Arango Londo\u00f1o<\/i><\/p>\n<p>Sobre los autores<\/p>\n<p>\u00cdndice tem\u00e1tico<br \/><\/li><li class=\"tab-pane \" id=\"ert_pane1-2\"><ul>\n<li style=\"text-align: justify;\"><a href=\"https:\/\/orcid.org\/0000-0002-2128-727X\" target=\"_blank\" title=\"ORCID iD\" rel=\"noopener noreferrer\"><img loading=\"lazy\" decoding=\"async\" class=\"alignnone size-full wp-image-1012\" src=\"http:\/\/www.icesi.edu.co\/editorial\/wp-content\/uploads\/2020\/06\/ORCIDiD_icon16x16.png\" style=\"margin-right: 6px;\" alt=\"Icono ORCID\" width=\"16\" height=\"16\"><\/a><b>Jaime E. Londo\u00f1o M.<\/b>, Universidad Icesi (Cali, Colombia)<\/li>\n<li style=\"text-align: justify;\"><a href=\"https:\/\/orcid.org\/0000-0002-1189-0868\" target=\"_blank\" title=\"ORCID iD\" rel=\"noopener noreferrer\"><img loading=\"lazy\" decoding=\"async\" class=\"alignnone size-full wp-image-1012\" src=\"http:\/\/www.icesi.edu.co\/editorial\/wp-content\/uploads\/2020\/06\/ORCIDiD_icon16x16.png\" style=\"margin-right: 6px;\" alt=\"Icono ORCID\" width=\"16\" height=\"16\"><\/a><b>Catalina Ararat-Ospina<\/b>, Universidad de Notre Dame (EE.UU.)<\/li>\n<li style=\"text-align: justify;\"><a href=\"https:\/\/orcid.org\/0000-0001-7239-8714\" target=\"_blank\" title=\"ORCID iD\" rel=\"noopener noreferrer\"><img loading=\"lazy\" decoding=\"async\" class=\"alignnone size-full wp-image-1012\" src=\"http:\/\/www.icesi.edu.co\/editorial\/wp-content\/uploads\/2020\/06\/ORCIDiD_icon16x16.png\" style=\"margin-right: 6px;\" alt=\"Icono ORCID\" width=\"16\" height=\"16\"><\/a><b>Rosa Helena Rodr\u00edguez<\/b>, Senado de la Rep\u00fablica de Colombia<\/li>\n<li style=\"text-align: justify;\"><a href=\"https:\/\/orcid.org\/0000-0003-2293-7702\" target=\"_blank\" title=\"ORCID iD\" rel=\"noopener noreferrer\"><img loading=\"lazy\" decoding=\"async\" class=\"alignnone size-full wp-image-1012\" src=\"http:\/\/www.icesi.edu.co\/editorial\/wp-content\/uploads\/2020\/06\/ORCIDiD_icon16x16.png\" style=\"margin-right: 6px;\" alt=\"Icono ORCID\" width=\"16\" height=\"16\"><\/a><b>Sonia Milena Jaimes Pe\u00f1aloza<\/b>, Universidad Icesi (Cali, Colombia)<\/li>\n<li style=\"text-align: justify;\"><b>Alejandro Arango Londo\u00f1o<\/b>, Universidad de Albany-SUNY (EE.UU)<\/li>\n<\/ul>\n<p><b><\/li><li class=\"tab-pane \" id=\"ert_pane1-3\"><\/b><\/p>\n<p><b><\/b><\/p>\n<p><b><\/b><\/p>\n<p><b><\/b><\/p>\n<p><b><\/b><\/p>\n<p><b><\/b><\/p>\n<p><b><\/b><\/p>\n<p><b><\/b><\/p>\n<p><b><\/b><\/p>\n<p><b><\/b><\/p>\n<p><b><\/b><\/p>\n<p><b><\/b><\/p>\n<p><b><\/b><\/p>\n<p><b><\/p>\n<table>\n<tbody>\n<tr class=\"first odd\">\n<th width=\"150\">\n<p style=\"text-align: left;\">T\u00edtulo (ingl\u00e9s):<\/p>\n<\/th>\n<td class=\"data last\">Optimism, determination and labor. Jorge Garc\u00e9s Borrero, 1899-1944.<\/td>\n<\/tr>\n<tr class=\"even\">\n<th>\n<p style=\"text-align: left;\">DOI\/URL:<\/p>\n<\/th>\n<td class=\"data last\"><a href=\"https:\/\/doi.org\/10.18046\/EUI\/escr.20.2019\" target=\"_blank\" rel=\"noopener noreferrer\">https:\/\/doi.org\/10.18046\/EUI\/escr.20.2019<\/a><\/td>\n<\/tr>\n<tr class=\"odd\">\n<th>\n<p style=\"text-align: left;\">Editorial(es):<\/p>\n<\/th>\n<td class=\"data last\">Editorial Universidad Icesi.<\/td>\n<\/tr>\n<tr class=\"even\">\n<th>\n<p style=\"text-align: left;\">Autor(es):<\/p>\n<\/th>\n<td class=\"data last\">Jaime E. Londo\u00f1o M., Catalina Ararat Ospina, Rosa Helena Rodr\u00edguez, Sonia Milena Jaimes Pe\u00f1aloza y Alejandro Arango Londo\u00f1o.<\/td>\n<\/tr>\n<tr class=\"odd\">\n<th>\n<p style=\"text-align: left;\">Palabras clave:<\/p>\n<\/th>\n<td class=\"data last\">Historia de empresarios, Jorge Garc\u00e9s Borrero, Empresarios industriales, Colombia.<\/td>\n<\/tr>\n<tr class=\"even\">\n<th>\n<p style=\"text-align: left;\">ISBN:<\/p>\n<\/th>\n<td class=\"data last\">978-958-8936-99-4 \/ 978-958-8936-96-3 (PDF).<\/td>\n<\/tr>\n<tr class=\"odd\">\n<th>\n<p style=\"text-align: left;\">Fecha de edici\u00f3n:<\/p>\n<\/th>\n<td class=\"data last\">Septiembre de 2019.<\/td>\n<\/tr>\n<tr class=\"even\">\n<th>\n<p style=\"text-align: left;\">No. de p\u00e1ginas:<\/p>\n<\/th>\n<td class=\"data last\">320.<\/td>\n<\/tr>\n<tr class=\"odd\">\n<th>\n<p style=\"text-align: left;\">Idioma(s):<\/p>\n<\/th>\n<td class=\"data last\">Espa\u00f1ol.<\/td>\n<\/tr>\n<tr class=\"even\">\n<th>\n<p style=\"text-align: left;\">Formato(s):<\/p>\n<\/th>\n<td class=\"data last\">Libro impreso (tapa r\u00fastica) y electr\u00f3nico (PDF).<\/td>\n<\/tr>\n<tr class=\"odd\">\n<th>\n<p style=\"text-align: left;\">Alto x ancho:<\/p>\n<\/th>\n<td class=\"data last\">23 x 17 cm<\/td>\n<\/tr>\n<tr class=\"even\">\n<th>\n<p style=\"text-align: left;\">Colecci\u00f3n:<\/p>\n<\/th>\n<td class=\"data last\">El sur es cielo roto (20).<\/td>\n<\/tr>\n<tr class=\"odd\">\n<th>\n<p style=\"text-align: left;\">Producto:<\/p>\n<\/th>\n<td class=\"data last\">Libro de investigaci\u00f3n.<\/td>\n<\/tr>\n<tr class=\"even\">\n<th>\n<p style=\"text-align: left;\">Observaciones:<\/p>\n<\/th>\n<td class=\"data last\">Incluye referencias bibliogr\u00e1ficas.<\/td>\n<\/tr>\n<tr class=\"last odd\">\n<th>\n<p style=\"text-align: left;\">Registro DSpace:<\/p>\n<\/th>\n<td class=\"data last\"><a href=\"https:\/\/doi.org\/10.18046\/EUI\/escr.20.2019\" target=\"_blank\" rel=\"noopener noreferrer\"><img loading=\"lazy\" decoding=\"async\" class=\"alignnone size-full wp-image-1012\" src=\"http:\/\/www.icesi.edu.co\/editorial\/wp-content\/uploads\/2016\/04\/downloadIcon-e1460499009176.png\" alt=\"Icono de Repositorio - Contenido en la Nube\" width=\"25\" height=\"25\"><\/a><\/td>\n<\/tr>\n<\/tbody>\n<\/table><\/li><\/ul><\/div><\/div>\n<p><\/b><b><\/b><b><\/b><b><\/b><b><\/b><b><\/b><b><\/b><b><\/b><b><\/b><b><\/b><b><\/b><b><\/b><b><\/b><b><\/b><\/p>\n","protected":false},"excerpt":{"rendered":"<p>T\u00edtulo completo: Optimismo, tes\u00f3n y labor. Jorge Garc\u00e9s Borrero, 1899-1944. Colecci\u00f3n: El sur es cielo roto | N\u00famero: 20. Editor: Jaime E. Londo\u00f1o M. Autores: Catalina Ararat Ospina, Rosa Helena Rodr\u00edguez, Sonia Milena Jaimes Pe\u00f1aloza, Alejandro Arango Londo\u00f1o y Jaime E. Londo\u00f1o M. Editorial: Universidad Icesi. A\u00f1o de edici\u00f3n: 2019 | ISBN: 978-958-8936-99-4 \/ 978-958-8936-96-3 [&hellip;]<\/p>\n","protected":false},"author":3,"featured_media":4395,"comment_status":"closed","ping_status":"closed","sticky":false,"template":"","format":"standard","meta":{"footnotes":""},"categories":[47],"tags":[129,206,274,465,468,473,500,509,577,656],"class_list":["post-4331","post","type-post","status-publish","format-standard","has-post-thumbnail","hentry","category-el-sur-es-cielo-roto","tag-valle-del-cauca-colombia","tag-empresarios-industriales","tag-libro-de-investigacion","tag-descarga-gratuita","tag-empresas-familiares","tag-jaime-eduardo-londono-motta","tag-historia-empresarial","tag-509","tag-jorge-garces-borrero","tag-filcali-2019"],"_links":{"self":[{"href":"https:\/\/www.icesi.edu.co\/editorial\/wp-json\/wp\/v2\/posts\/4331","targetHints":{"allow":["GET"]}}],"collection":[{"href":"https:\/\/www.icesi.edu.co\/editorial\/wp-json\/wp\/v2\/posts"}],"about":[{"href":"https:\/\/www.icesi.edu.co\/editorial\/wp-json\/wp\/v2\/types\/post"}],"author":[{"embeddable":true,"href":"https:\/\/www.icesi.edu.co\/editorial\/wp-json\/wp\/v2\/users\/3"}],"replies":[{"embeddable":true,"href":"https:\/\/www.icesi.edu.co\/editorial\/wp-json\/wp\/v2\/comments?post=4331"}],"version-history":[{"count":10,"href":"https:\/\/www.icesi.edu.co\/editorial\/wp-json\/wp\/v2\/posts\/4331\/revisions"}],"predecessor-version":[{"id":7340,"href":"https:\/\/www.icesi.edu.co\/editorial\/wp-json\/wp\/v2\/posts\/4331\/revisions\/7340"}],"wp:featuredmedia":[{"embeddable":true,"href":"https:\/\/www.icesi.edu.co\/editorial\/wp-json\/wp\/v2\/media\/4395"}],"wp:attachment":[{"href":"https:\/\/www.icesi.edu.co\/editorial\/wp-json\/wp\/v2\/media?parent=4331"}],"wp:term":[{"taxonomy":"category","embeddable":true,"href":"https:\/\/www.icesi.edu.co\/editorial\/wp-json\/wp\/v2\/categories?post=4331"},{"taxonomy":"post_tag","embeddable":true,"href":"https:\/\/www.icesi.edu.co\/editorial\/wp-json\/wp\/v2\/tags?post=4331"}],"curies":[{"name":"wp","href":"https:\/\/api.w.org\/{rel}","templated":true}]}}