{"id":4351,"date":"2019-09-05T14:03:38","date_gmt":"2019-09-05T19:03:38","guid":{"rendered":"http:\/\/www.icesi.edu.co\/editorial\/?p=4351"},"modified":"2021-06-15T14:46:52","modified_gmt":"2021-06-15T19:46:52","slug":"adivina-fabula-y-canta","status":"publish","type":"post","link":"https:\/\/www.icesi.edu.co\/editorial\/adivina-fabula-y-canta\/","title":{"rendered":"Adivina, fabula y canta"},"content":{"rendered":"<p><strong>T\u00edtulo completo:<\/strong> Adivina, fabula y canta. Literatura para ni\u00f1os.<br \/>\n<strong>Editor:<\/strong> Jos\u00e9 Zuleta.<br \/>\n<strong>Autores:<\/strong> Horacio Benavides, Jos\u00e9 Zuleta, Humberto Jarr\u00edn B. y Mar\u00eda Cristina Ruiz Echeverri.<br \/>\n<strong>Editoriales:<\/strong> GEUP Colombia y Gobernaci\u00f3n de Valle del Cauca.<br \/>\n<strong>A\u00f1o de edici\u00f3n<\/strong>: 2019 | <strong>ISBN:<\/strong> 978-958-52090-6-0.<br \/>\n<span id=\"post-ratings-4351\" class=\"post-ratings\" data-nonce=\"8e01ed3025\"><img decoding=\"async\" id=\"rating_4351_1\" src=\"https:\/\/www.icesi.edu.co\/editorial\/wp-content\/plugins\/wp-postratings\/images\/stars_crystal\/rating_on.gif\" alt=\"1 estrella\" title=\"1 estrella\" onmouseover=\"current_rating(4351, 1, '1 estrella');\" onmouseout=\"ratings_off(4.5, 5, 0);\" onclick=\"rate_post();\" onkeypress=\"rate_post();\" style=\"cursor: pointer; border: 0px;\" \/><img decoding=\"async\" id=\"rating_4351_2\" src=\"https:\/\/www.icesi.edu.co\/editorial\/wp-content\/plugins\/wp-postratings\/images\/stars_crystal\/rating_on.gif\" alt=\"2 estrellas\" title=\"2 estrellas\" onmouseover=\"current_rating(4351, 2, '2 estrellas');\" onmouseout=\"ratings_off(4.5, 5, 0);\" onclick=\"rate_post();\" onkeypress=\"rate_post();\" style=\"cursor: pointer; border: 0px;\" \/><img decoding=\"async\" id=\"rating_4351_3\" src=\"https:\/\/www.icesi.edu.co\/editorial\/wp-content\/plugins\/wp-postratings\/images\/stars_crystal\/rating_on.gif\" alt=\"3 estrellas\" title=\"3 estrellas\" onmouseover=\"current_rating(4351, 3, '3 estrellas');\" onmouseout=\"ratings_off(4.5, 5, 0);\" onclick=\"rate_post();\" onkeypress=\"rate_post();\" style=\"cursor: pointer; border: 0px;\" \/><img decoding=\"async\" id=\"rating_4351_4\" src=\"https:\/\/www.icesi.edu.co\/editorial\/wp-content\/plugins\/wp-postratings\/images\/stars_crystal\/rating_on.gif\" alt=\"4 estrellas\" title=\"4 estrellas\" onmouseover=\"current_rating(4351, 4, '4 estrellas');\" onmouseout=\"ratings_off(4.5, 5, 0);\" onclick=\"rate_post();\" onkeypress=\"rate_post();\" style=\"cursor: pointer; border: 0px;\" \/><img decoding=\"async\" id=\"rating_4351_5\" src=\"https:\/\/www.icesi.edu.co\/editorial\/wp-content\/plugins\/wp-postratings\/images\/stars_crystal\/rating_half.gif\" alt=\"5 estrellas\" title=\"5 estrellas\" onmouseover=\"current_rating(4351, 5, '5 estrellas');\" onmouseout=\"ratings_off(4.5, 5, 0);\" onclick=\"rate_post();\" onkeypress=\"rate_post();\" style=\"cursor: pointer; border: 0px;\" \/> (<strong>2<\/strong> votos, promedio: <strong>4,50<\/strong> sobre 5)<br \/><span class=\"post-ratings-text\" id=\"ratings_4351_text\"><\/span><\/span><span id=\"post-ratings-4351-loading\" class=\"post-ratings-loading\"><img loading=\"lazy\" decoding=\"async\" src=\"https:\/\/www.icesi.edu.co\/editorial\/wp-content\/plugins\/wp-postratings\/images\/loading.gif\" width=\"16\" height=\"16\" class=\"post-ratings-image\" \/>Loading...<\/span>\n<div class=\"osc-res-tab tabbable   osc-tabs-left\"><div style=\"clear:both;width: 100%;\"><ul class=\"nav osc-res-nav nav-pills osc-tabs-left-ul\" id=\"oscitas-restabs-1-adivina-fabula-y-canta-79171\"><li class=\"active\"><a href=\"#ert_pane1-0\" data-toggle=\"tab\">Descripci\u00f3n<\/a><\/li><li class=\"\"><a href=\"#ert_pane1-1\" data-toggle=\"tab\">Contenido<\/a><\/li><li class=\"\"><a href=\"#ert_pane1-2\" data-toggle=\"tab\">Autor(es)<\/a><\/li><li class=\"\"><a href=\"#ert_pane1-3\" data-toggle=\"tab\">Catalogaci\u00f3n<\/a><\/li><\/ul><\/div><div style=\"clear:both;width: 100%;\"><ul class=\"tab-content\" id=\"oscitas-restabcontent-1-adivina-fabula-y-canta-79171\"><li class=\"tab-pane active\" id=\"ert_pane1-0\"><p style=\"text-align: justify;\">En cuanto m\u00e1s temprano se acerque el ni\u00f1o a una experiencia gratificante con la lectura tendremos mayores posibilidades de crear lectores. Planteamos en este libro tres pautas para realizar lecturas en voz alta con ni\u00f1os: aprender adivinanzas, inventarlas, aprender a fabular y poder decir poemas de memoria. Esta experiencia estimula el desarrollo del lenguaje, enriquece la relaci\u00f3n de los ni\u00f1os con la m\u00fasica del idioma, crea v\u00ednculos afectivos con el texto aprendido, ayuda a la comprensi\u00f3n y a disfrutar plenamente el texto haci\u00e9ndolo propio. Las adivinanzas, las f\u00e1bulas y los poemas que ofrece este libro son particularmente propicios para este tipo de ejercitaci\u00f3n, con ellos se puede lograr experiencias muy placenteras para los peque\u00f1os lectores que empiezan a formarse [Consuelo Bravo, Secretaria de Cultura del Valle del Cauca].<\/p><\/li><li class=\"tab-pane \" id=\"ert_pane1-1\"><strong>Tabla de contenido:<\/strong><\/p>\n<p>Presentaci\u00f3n<br \/>\n<i>Dilian Francisca Toro<\/i><\/p>\n<p><strong>1 \/ Espejo al rev\u00e9s \u00bfdime quien es?<\/strong><br \/>\n<i>Horacio Benavides<\/i><\/p>\n<p><strong>2 \/ Gu\u00eda para leer en voz alta<\/strong><br \/>\n<i>Jos\u00e9 Zuleta<\/i><\/p>\n<p><strong>3 \/ F\u00e1bulas<\/strong><br \/>\n<i>Humberto Jarr\u00edn B.<\/i><\/p>\n<p><strong>4 \/ Canciones y rondas<\/strong><br \/>\n<i>Mar\u00eda Cristina Ruiz Echeverri<\/i><br \/><\/li><li class=\"tab-pane \" id=\"ert_pane1-2\"><ul>\n<li style=\"text-align: justify;\">Horacio Benavides<\/li>\n<li style=\"text-align: justify;\">Jos\u00e9 Zuleta<\/li>\n<li style=\"text-align: justify;\">Humberto Jarr\u00edn B.<\/li>\n<li style=\"text-align: justify;\">Mar\u00eda Cristina Ruiz Echeverri<\/li>\n<\/ul><\/li><li class=\"tab-pane \" id=\"ert_pane1-3\"><table>\n<tbody>\n<tr class=\"first odd\">\n<th width=\"150\">\n<p style=\"text-align: left;\">T\u00edtulo (ingl\u00e9s):<\/p>\n<\/th>\n<td class=\"data last\">Vallecaucana&#8217;s women narrators. Anthology.<\/td>\n<\/tr>\n<tr class=\"even\">\n<th>\n<p style=\"text-align: left;\">DOI\/URL:<\/p>\n<\/th>\n<td class=\"data last\">&#8212;.<\/td>\n<\/tr>\n<tr class=\"odd\">\n<th>\n<p style=\"text-align: left;\">Editorial(es):<\/p>\n<\/th>\n<td class=\"data last\">GEUP Colombia y Gobernaci\u00f3n de Valle del Cauca.<\/td>\n<\/tr>\n<tr class=\"even\">\n<th>\n<p style=\"text-align: left;\">Autoras:<\/p>\n<\/th>\n<td class=\"data last\">Horacio Benavides, Jos\u00e9 Zuleta, Humberto Jarr\u00edn B. y Mar\u00eda Cristina Ruiz Echeverri.<\/td>\n<\/tr>\n<tr class=\"odd\">\n<th>\n<p style=\"text-align: left;\">Palabras clave:<\/p>\n<\/th>\n<td class=\"data last\">Adivinanzas, F\u00e1bulas, Canciones, Literatura infantil.<\/td>\n<\/tr>\n<tr class=\"even\">\n<th>\n<p style=\"text-align: left;\">ISBN:<\/p>\n<\/th>\n<td class=\"data last\">978-958-52090-6-0.<\/td>\n<\/tr>\n<tr class=\"odd\">\n<th>\n<p style=\"text-align: left;\">Fecha de edici\u00f3n:<\/p>\n<\/th>\n<td class=\"data last\">Septiembre de 2019.<\/td>\n<\/tr>\n<tr class=\"even\">\n<th>\n<p style=\"text-align: left;\">No. de p\u00e1ginas:<\/p>\n<\/th>\n<td class=\"data last\">118.<\/td>\n<\/tr>\n<tr class=\"odd\">\n<th>\n<p style=\"text-align: left;\">Idioma(s):<\/p>\n<\/th>\n<td class=\"data last\">Espa\u00f1ol.<\/td>\n<\/tr>\n<tr class=\"even\">\n<th>\n<p style=\"text-align: left;\">Formato(s):<\/p>\n<\/th>\n<td class=\"data last\">Libro impreso (tapa r\u00fastica).<\/td>\n<\/tr>\n<tr class=\"odd\">\n<th>\n<p style=\"text-align: left;\">Alto x ancho:<\/p>\n<\/th>\n<td class=\"data last\">21 x 14 cm.<\/td>\n<\/tr>\n<tr class=\"even\">\n<th>\n<p style=\"text-align: left;\">Colecci\u00f3n:<\/p>\n<\/th>\n<td class=\"data last\">Fondo de Publicaciones del Valle del Cauca (5).<\/td>\n<\/tr>\n<tr class=\"odd\">\n<th>\n<p style=\"text-align: left;\">Producto:<\/p>\n<\/th>\n<td class=\"data last\">Libro de inter\u00e9s general.<\/td>\n<\/tr>\n<tr class=\"last even\">\n<th>\n<p style=\"text-align: left;\">Observaciones:<\/p>\n<\/th>\n<td class=\"data last\">Edici\u00f3n especial para la Feria Internacional del Libro de Cali de 2019.<\/td>\n<\/tr>\n<\/tbody>\n<\/table><\/li><\/ul><\/div><\/div>\n","protected":false},"excerpt":{"rendered":"<p>T\u00edtulo completo: Adivina, fabula y canta. Literatura para ni\u00f1os. Editor: Jos\u00e9 Zuleta. Autores: Horacio Benavides, Jos\u00e9 Zuleta, Humberto Jarr\u00edn B. y Mar\u00eda Cristina Ruiz Echeverri. Editoriales: GEUP Colombia y Gobernaci\u00f3n de Valle del Cauca. A\u00f1o de edici\u00f3n: 2019 | ISBN: 978-958-52090-6-0.<\/p>\n","protected":false},"author":3,"featured_media":4341,"comment_status":"closed","ping_status":"closed","sticky":false,"template":"","format":"standard","meta":{"footnotes":""},"categories":[760],"tags":[129,315,343,385,509,514,579,582],"class_list":["post-4351","post","type-post","status-publish","format-standard","has-post-thumbnail","hentry","category-geup","tag-valle-del-cauca-colombia","tag-jose-zuleta-ortiz","tag-edicion-especial","tag-feria-internacional-del-libro-de-cali","tag-509","tag-geup-colombia","tag-fondo-editorial-de-la-gobernacion-del-valle","tag-literatura-infantil"],"_links":{"self":[{"href":"https:\/\/www.icesi.edu.co\/editorial\/wp-json\/wp\/v2\/posts\/4351","targetHints":{"allow":["GET"]}}],"collection":[{"href":"https:\/\/www.icesi.edu.co\/editorial\/wp-json\/wp\/v2\/posts"}],"about":[{"href":"https:\/\/www.icesi.edu.co\/editorial\/wp-json\/wp\/v2\/types\/post"}],"author":[{"embeddable":true,"href":"https:\/\/www.icesi.edu.co\/editorial\/wp-json\/wp\/v2\/users\/3"}],"replies":[{"embeddable":true,"href":"https:\/\/www.icesi.edu.co\/editorial\/wp-json\/wp\/v2\/comments?post=4351"}],"version-history":[{"count":3,"href":"https:\/\/www.icesi.edu.co\/editorial\/wp-json\/wp\/v2\/posts\/4351\/revisions"}],"predecessor-version":[{"id":4479,"href":"https:\/\/www.icesi.edu.co\/editorial\/wp-json\/wp\/v2\/posts\/4351\/revisions\/4479"}],"wp:featuredmedia":[{"embeddable":true,"href":"https:\/\/www.icesi.edu.co\/editorial\/wp-json\/wp\/v2\/media\/4341"}],"wp:attachment":[{"href":"https:\/\/www.icesi.edu.co\/editorial\/wp-json\/wp\/v2\/media?parent=4351"}],"wp:term":[{"taxonomy":"category","embeddable":true,"href":"https:\/\/www.icesi.edu.co\/editorial\/wp-json\/wp\/v2\/categories?post=4351"},{"taxonomy":"post_tag","embeddable":true,"href":"https:\/\/www.icesi.edu.co\/editorial\/wp-json\/wp\/v2\/tags?post=4351"}],"curies":[{"name":"wp","href":"https:\/\/api.w.org\/{rel}","templated":true}]}}