{"id":4355,"date":"2019-09-05T16:00:58","date_gmt":"2019-09-05T21:00:58","guid":{"rendered":"http:\/\/www.icesi.edu.co\/editorial\/?p=4355"},"modified":"2024-09-12T01:01:48","modified_gmt":"2024-09-12T06:01:48","slug":"lectores","status":"publish","type":"post","link":"https:\/\/www.icesi.edu.co\/editorial\/lectores\/","title":{"rendered":"Lectores"},"content":{"rendered":"<p><strong>T\u00edtulo completo:<\/strong> Lectores.<br \/>\n<strong>Editor:<\/strong> Jos\u00e9 Zuleta.<br \/>\n<strong>Autor:<\/strong> Jorge Id\u00e1rraga.<br \/>\n<strong>Editoriales:<\/strong> GEUP Colombia y Gobernaci\u00f3n de Valle del Cauca.<br \/>\n<strong>A\u00f1o de edici\u00f3n<\/strong>: 2019 | <strong>ISBN:<\/strong> 978-958-8687-87-2.<br \/>\n<span id=\"post-ratings-4355\" class=\"post-ratings\" data-nonce=\"6f55e0febd\"><img decoding=\"async\" id=\"rating_4355_1\" src=\"https:\/\/www.icesi.edu.co\/editorial\/wp-content\/plugins\/wp-postratings\/images\/stars_crystal\/rating_on.gif\" alt=\"1 estrella\" title=\"1 estrella\" onmouseover=\"current_rating(4355, 1, '1 estrella');\" onmouseout=\"ratings_off(3.3, 4, 0);\" onclick=\"rate_post();\" onkeypress=\"rate_post();\" style=\"cursor: pointer; border: 0px;\" \/><img decoding=\"async\" id=\"rating_4355_2\" src=\"https:\/\/www.icesi.edu.co\/editorial\/wp-content\/plugins\/wp-postratings\/images\/stars_crystal\/rating_on.gif\" alt=\"2 estrellas\" title=\"2 estrellas\" onmouseover=\"current_rating(4355, 2, '2 estrellas');\" onmouseout=\"ratings_off(3.3, 4, 0);\" onclick=\"rate_post();\" onkeypress=\"rate_post();\" style=\"cursor: pointer; border: 0px;\" \/><img decoding=\"async\" id=\"rating_4355_3\" src=\"https:\/\/www.icesi.edu.co\/editorial\/wp-content\/plugins\/wp-postratings\/images\/stars_crystal\/rating_on.gif\" alt=\"3 estrellas\" title=\"3 estrellas\" onmouseover=\"current_rating(4355, 3, '3 estrellas');\" onmouseout=\"ratings_off(3.3, 4, 0);\" onclick=\"rate_post();\" onkeypress=\"rate_post();\" style=\"cursor: pointer; border: 0px;\" \/><img decoding=\"async\" id=\"rating_4355_4\" src=\"https:\/\/www.icesi.edu.co\/editorial\/wp-content\/plugins\/wp-postratings\/images\/stars_crystal\/rating_half.gif\" alt=\"4 estrellas\" title=\"4 estrellas\" onmouseover=\"current_rating(4355, 4, '4 estrellas');\" onmouseout=\"ratings_off(3.3, 4, 0);\" onclick=\"rate_post();\" onkeypress=\"rate_post();\" style=\"cursor: pointer; border: 0px;\" \/><img decoding=\"async\" id=\"rating_4355_5\" src=\"https:\/\/www.icesi.edu.co\/editorial\/wp-content\/plugins\/wp-postratings\/images\/stars_crystal\/rating_off.gif\" alt=\"5 estrellas\" title=\"5 estrellas\" onmouseover=\"current_rating(4355, 5, '5 estrellas');\" onmouseout=\"ratings_off(3.3, 4, 0);\" onclick=\"rate_post();\" onkeypress=\"rate_post();\" style=\"cursor: pointer; border: 0px;\" \/> (<strong>3<\/strong> votos, promedio: <strong>3,33<\/strong> sobre 5)<br \/><span class=\"post-ratings-text\" id=\"ratings_4355_text\"><\/span><\/span><span id=\"post-ratings-4355-loading\" class=\"post-ratings-loading\"><img loading=\"lazy\" decoding=\"async\" src=\"https:\/\/www.icesi.edu.co\/editorial\/wp-content\/plugins\/wp-postratings\/images\/loading.gif\" width=\"16\" height=\"16\" class=\"post-ratings-image\" \/>Loading...<\/span>\n<div class=\"osc-res-tab tabbable   osc-tabs-left\"><div style=\"clear:both;width: 100%;\"><ul class=\"nav osc-res-nav nav-pills osc-tabs-left-ul\" id=\"oscitas-restabs-1-lectores-22549\"><li class=\"active\"><a href=\"#ert_pane1-0\" data-toggle=\"tab\">Descripci\u00f3n<\/a><\/li><li class=\"\"><a href=\"#ert_pane1-1\" data-toggle=\"tab\">Contenido<\/a><\/li><li class=\"\"><a href=\"#ert_pane1-2\" data-toggle=\"tab\">Autor(es)<\/a><\/li><li class=\"\"><a href=\"#ert_pane1-3\" data-toggle=\"tab\">Catalogaci\u00f3n<\/a><\/li><\/ul><\/div><div style=\"clear:both;width: 100%;\"><ul class=\"tab-content\" id=\"oscitas-restabcontent-1-lectores-22549\"><li class=\"tab-pane active\" id=\"ert_pane1-0\"><p style=\"text-align: justify;\">En este libro el fot\u00f3grafo Jorge Id\u00e1rraga recrea el acto m\u00e1s trascendente de un ser humano moderno: el acto de leer. Al mirar sus fotograf\u00edas comprendemos que leer un libro es una suerte de comuni\u00f3n. Un acto \u00edntimo. En \u00e9l ocurre un milagro: dos seres se miran a los ojos a trav\u00e9s de la tinta. Conversan en silencio. Se buscan autor y lector para re\u00edr, para compartir secretos, lo vivido, lo so\u00f1ado, la verdad y la imaginaci\u00f3n. Las palabras son el puente entre dos vidas, la del que escribe y cuenta y la del que lee y construye la historia con su lectura. El lector realiza el texto, da vida y aliento a las palabras. No hay sentido sin el lector. En el mundo de los libros los lectores son dioses. Son los creadores [Jos\u00e9 Zuleta].<br \/><\/li><li class=\"tab-pane \" id=\"ert_pane1-1\"><strong>Tabla de contenido:<\/strong><\/p>\n<p>Presentaci\u00f3n<br \/>\n<i>Dilian Francisca Toro<\/i><\/p>\n<p><strong>Blanco y negro, papel y tinta<\/strong><br \/>\n<i>Jos\u00e9 Zuleta<\/i><\/p>\n<p>Jorge Id\u00e1rraga<br \/><\/li><li class=\"tab-pane \" id=\"ert_pane1-2\"><ul>\n<li style=\"text-align: justify;\">Jorge Id\u00e1rraga<\/li>\n<\/ul><\/li><li class=\"tab-pane \" id=\"ert_pane1-3\"><table>\n<tbody>\n<tr class=\"first odd\">\n<th width=\"150\">\n<p style=\"text-align: left;\">T\u00edtulo (ingl\u00e9s):<\/p>\n<\/th>\n<td class=\"data last\">Readers.<\/td>\n<\/tr>\n<tr class=\"even\">\n<th>\n<p style=\"text-align: left;\">DOI\/URL:<\/p>\n<\/th>\n<td class=\"data last\">&#8212;.<\/td>\n<\/tr>\n<tr class=\"odd\">\n<th>\n<p style=\"text-align: left;\">Editorial(es):<\/p>\n<\/th>\n<td class=\"data last\">GEUP Colombia y Gobernaci\u00f3n de Valle del Cauca.<\/td>\n<\/tr>\n<tr class=\"even\">\n<th>\n<p style=\"text-align: left;\">Autor:<\/p>\n<\/th>\n<td class=\"data last\">Jorge Id\u00e1rraga.<\/td>\n<\/tr>\n<tr class=\"odd\">\n<th>\n<p style=\"text-align: left;\">Palabras clave:<\/p>\n<\/th>\n<td class=\"data last\">Fotograf\u00edas.<\/td>\n<\/tr>\n<tr class=\"even\">\n<th>\n<p style=\"text-align: left;\">ISBN:<\/p>\n<\/th>\n<td class=\"data last\">978-958-8687-87-2.<\/td>\n<\/tr>\n<tr class=\"odd\">\n<th>\n<p style=\"text-align: left;\">Fecha de edici\u00f3n:<\/p>\n<\/th>\n<td class=\"data last\">Septiembre de 2019.<\/td>\n<\/tr>\n<tr class=\"even\">\n<th>\n<p style=\"text-align: left;\">No. de p\u00e1ginas:<\/p>\n<\/th>\n<td class=\"data last\">99.<\/td>\n<\/tr>\n<tr class=\"odd\">\n<th>\n<p style=\"text-align: left;\">Idioma(s):<\/p>\n<\/th>\n<td class=\"data last\">Espa\u00f1ol.<\/td>\n<\/tr>\n<tr class=\"even\">\n<th>\n<p style=\"text-align: left;\">Formato(s):<\/p>\n<\/th>\n<td class=\"data last\">Libro impreso (tapa r\u00fastica).<\/td>\n<\/tr>\n<tr class=\"odd\">\n<th>\n<p style=\"text-align: left;\">Alto x ancho:<\/p>\n<\/th>\n<td class=\"data last\">21 x 14 cm.<\/td>\n<\/tr>\n<tr class=\"even\">\n<th>\n<p style=\"text-align: left;\">Colecci\u00f3n:<\/p>\n<\/th>\n<td class=\"data last\">Fondo de Publicaciones del Valle del Cauca (7).<\/td>\n<\/tr>\n<tr class=\"odd\">\n<th>\n<p style=\"text-align: left;\">Producto:<\/p>\n<\/th>\n<td class=\"data last\">Libro de inter\u00e9s general.<\/td>\n<\/tr>\n<tr class=\"last even\">\n<th>\n<p style=\"text-align: left;\">Observaciones:<\/p>\n<\/th>\n<td class=\"data last\">Edici\u00f3n especial para la Feria Internacional del Libro de Cali de 2019.<\/td>\n<\/tr>\n<\/tbody>\n<\/table><\/li><\/ul><\/div><\/div>\n","protected":false},"excerpt":{"rendered":"<p>T\u00edtulo completo: Lectores. Editor: Jos\u00e9 Zuleta. Autor: Jorge Id\u00e1rraga. Editoriales: GEUP Colombia y Gobernaci\u00f3n de Valle del Cauca. A\u00f1o de edici\u00f3n: 2019 | ISBN: 978-958-8687-87-2.<\/p>\n","protected":false},"author":3,"featured_media":4343,"comment_status":"closed","ping_status":"closed","sticky":false,"template":"","format":"standard","meta":{"footnotes":""},"categories":[760],"tags":[129,221,287,315,343,385,509,514,584,586],"class_list":["post-4355","post","type-post","status-publish","format-standard","has-post-thumbnail","hentry","category-geup","tag-valle-del-cauca-colombia","tag-literatura","tag-libro-de-interes-general","tag-jose-zuleta-ortiz","tag-edicion-especial","tag-feria-internacional-del-libro-de-cali","tag-509","tag-geup-colombia","tag-jorge-idarraga","tag-fondo-de-publicaciones-del-valle-del-cauca"],"_links":{"self":[{"href":"https:\/\/www.icesi.edu.co\/editorial\/wp-json\/wp\/v2\/posts\/4355","targetHints":{"allow":["GET"]}}],"collection":[{"href":"https:\/\/www.icesi.edu.co\/editorial\/wp-json\/wp\/v2\/posts"}],"about":[{"href":"https:\/\/www.icesi.edu.co\/editorial\/wp-json\/wp\/v2\/types\/post"}],"author":[{"embeddable":true,"href":"https:\/\/www.icesi.edu.co\/editorial\/wp-json\/wp\/v2\/users\/3"}],"replies":[{"embeddable":true,"href":"https:\/\/www.icesi.edu.co\/editorial\/wp-json\/wp\/v2\/comments?post=4355"}],"version-history":[{"count":2,"href":"https:\/\/www.icesi.edu.co\/editorial\/wp-json\/wp\/v2\/posts\/4355\/revisions"}],"predecessor-version":[{"id":4463,"href":"https:\/\/www.icesi.edu.co\/editorial\/wp-json\/wp\/v2\/posts\/4355\/revisions\/4463"}],"wp:featuredmedia":[{"embeddable":true,"href":"https:\/\/www.icesi.edu.co\/editorial\/wp-json\/wp\/v2\/media\/4343"}],"wp:attachment":[{"href":"https:\/\/www.icesi.edu.co\/editorial\/wp-json\/wp\/v2\/media?parent=4355"}],"wp:term":[{"taxonomy":"category","embeddable":true,"href":"https:\/\/www.icesi.edu.co\/editorial\/wp-json\/wp\/v2\/categories?post=4355"},{"taxonomy":"post_tag","embeddable":true,"href":"https:\/\/www.icesi.edu.co\/editorial\/wp-json\/wp\/v2\/tags?post=4355"}],"curies":[{"name":"wp","href":"https:\/\/api.w.org\/{rel}","templated":true}]}}