{"id":4752,"date":"2020-06-25T07:07:36","date_gmt":"2020-06-25T12:07:36","guid":{"rendered":"http:\/\/www.icesi.edu.co\/editorial\/?p=4752"},"modified":"2024-12-11T17:37:42","modified_gmt":"2024-12-11T22:37:42","slug":"ciudades-subregiones-redes","status":"publish","type":"post","link":"https:\/\/www.icesi.edu.co\/editorial\/ciudades-subregiones-redes\/","title":{"rendered":"Ciudades, subregiones y redes"},"content":{"rendered":"<div class=\"ead-preview\"><div class=\"ead-document\" style=\"position: relative;\"><div class=\"ead-iframe-wrapper\"><iframe src=\"\/\/docs.google.com\/viewer?url=https%3A%2F%2Frepository.icesi.edu.co%2Fbiblioteca_digital%2Fbitstream%2F10906%2F86184%2F3%2Fsaenz_ciudades_subregiones_2020.pdf&amp;embedded=true&amp;hl=en\" title=\"Embedded Document\" class=\"ead-iframe\" style=\"width: 0px;height: 0px;border: none;visibility: hidden;\"><\/iframe><\/div>\t\t\t<div class=\"ead-document-loading\" style=\"width:100%;height:100%;position:absolute;left:0;top:0;z-index:10;\">\n\t\t\t\t<div class=\"ead-loading-wrap\">\n\t\t\t\t\t<div class=\"ead-loading-main\">\n\t\t\t\t\t\t<div class=\"ead-loading\">\n\t\t\t\t\t\t\t<img loading=\"lazy\" decoding=\"async\" src=\"https:\/\/www.icesi.edu.co\/editorial\/wp-content\/plugins\/embed-any-document\/images\/loading.svg\" width=\"55\" height=\"55\" alt=\"Loader\">\n\t\t\t\t\t\t\t<span>Loading...<\/span>\n\t\t\t\t\t\t<\/div>\n\t\t\t\t\t<\/div>\n\t\t\t\t\t<div class=\"ead-loading-foot\">\n\t\t\t\t\t\t<div class=\"ead-loading-foot-title\">\n\t\t\t\t\t\t\t<img loading=\"lazy\" decoding=\"async\" src=\"https:\/\/www.icesi.edu.co\/editorial\/wp-content\/plugins\/embed-any-document\/images\/EAD-logo.svg\" alt=\"EAD Logo\" width=\"36\" height=\"23\"\/>\n\t\t\t\t\t\t\t<span>Taking too long?<\/span>\n\t\t\t\t\t\t<\/div>\n\t\t\t\t\t\t<p>\n\t\t\t\t\t\t\t<div class=\"ead-document-btn ead-reload-btn\" role=\"button\">\n\t\t\t\t\t\t\t\t<img loading=\"lazy\" decoding=\"async\" src=\"https:\/\/www.icesi.edu.co\/editorial\/wp-content\/plugins\/embed-any-document\/images\/reload.svg\" alt=\"Reload\" width=\"12\" height=\"12\"\/> Reload document\t\t\t\t\t\t\t<\/div>\n\t\t\t\t\t\t\t<span>|<\/span>\n\t\t\t\t\t\t\t<a href=\"https:\/\/repository.icesi.edu.co\/biblioteca_digital\/bitstream\/10906\/86184\/3\/saenz_ciudades_subregiones_2020.pdf\" class=\"ead-document-btn\" target=\"_blank\" rel=\"noopener\">\n\t\t\t\t\t\t\t\t<img loading=\"lazy\" decoding=\"async\" src=\"https:\/\/www.icesi.edu.co\/editorial\/wp-content\/plugins\/embed-any-document\/images\/open.svg\" alt=\"Open\" width=\"12\" height=\"12\"\/> Open in new tab\t\t\t\t\t\t\t<\/a>\n\t\t\t\t\t<\/div>\n\t\t\t\t<\/div>\n\t\t\t<\/div>\n\t\t<\/div><p class=\"embed_download\"><a href=\"https:\/\/repository.icesi.edu.co\/biblioteca_digital\/bitstream\/10906\/86184\/3\/saenz_ciudades_subregiones_2020.pdf\" download target=\"_blank\" rel=\"noopener\">Download\/Descargar <\/a><\/p><\/div>\n<strong>T\u00edtulo completo:<\/strong> Ciudades, subregiones y redes en el suroccidente colombiano: infraestructura, migraci\u00f3n, mercado y formas asociativas.<br \/>\n<strong>Colecci\u00f3n:<\/strong> El sur es cielo roto | <strong>N\u00famero:<\/strong> 21.<br \/>\n<strong>Editores:<\/strong> Jos\u00e9 Dar\u00edo S\u00e1enz, Enrique Rodr\u00edguez Caporalli y Juan Jos\u00e9 Fern\u00e1ndez Dusso.<br \/>\n<strong>Autores:<\/strong> Juan Jos\u00e9 Fernandez Dusso, Enrique Rodr\u00edguez Caporalli, Jos\u00e9 Dar\u00edo S\u00e1enz, Jos\u00e9 Benito Garz\u00f3n Montenegro, Leidy Vargas y Jenny Padilla-Cabrera.<br \/>\n<strong>Editorial:<\/strong> Universidad Icesi.<br \/>\n<strong>A\u00f1o de edici\u00f3n:<\/strong> 2020 | <strong>ISBN:<\/strong> 978-958-5590-28-1 \/ 978-958-5590-29-8 (PDF).<br \/>\n<span id=\"post-ratings-4752\" class=\"post-ratings\" data-nonce=\"c6de84e343\"><img decoding=\"async\" id=\"rating_4752_1\" src=\"https:\/\/www.icesi.edu.co\/editorial\/wp-content\/plugins\/wp-postratings\/images\/stars_crystal\/rating_on.gif\" alt=\"1 estrella\" title=\"1 estrella\" onmouseover=\"current_rating(4752, 1, '1 estrella');\" onmouseout=\"ratings_off(5, 0, 0);\" onclick=\"rate_post();\" onkeypress=\"rate_post();\" style=\"cursor: pointer; border: 0px;\" \/><img decoding=\"async\" id=\"rating_4752_2\" src=\"https:\/\/www.icesi.edu.co\/editorial\/wp-content\/plugins\/wp-postratings\/images\/stars_crystal\/rating_on.gif\" alt=\"2 estrellas\" title=\"2 estrellas\" onmouseover=\"current_rating(4752, 2, '2 estrellas');\" onmouseout=\"ratings_off(5, 0, 0);\" onclick=\"rate_post();\" onkeypress=\"rate_post();\" style=\"cursor: pointer; border: 0px;\" \/><img decoding=\"async\" id=\"rating_4752_3\" src=\"https:\/\/www.icesi.edu.co\/editorial\/wp-content\/plugins\/wp-postratings\/images\/stars_crystal\/rating_on.gif\" alt=\"3 estrellas\" title=\"3 estrellas\" onmouseover=\"current_rating(4752, 3, '3 estrellas');\" onmouseout=\"ratings_off(5, 0, 0);\" onclick=\"rate_post();\" onkeypress=\"rate_post();\" style=\"cursor: pointer; border: 0px;\" \/><img decoding=\"async\" id=\"rating_4752_4\" src=\"https:\/\/www.icesi.edu.co\/editorial\/wp-content\/plugins\/wp-postratings\/images\/stars_crystal\/rating_on.gif\" alt=\"4 estrellas\" title=\"4 estrellas\" onmouseover=\"current_rating(4752, 4, '4 estrellas');\" onmouseout=\"ratings_off(5, 0, 0);\" onclick=\"rate_post();\" onkeypress=\"rate_post();\" style=\"cursor: pointer; border: 0px;\" \/><img decoding=\"async\" id=\"rating_4752_5\" src=\"https:\/\/www.icesi.edu.co\/editorial\/wp-content\/plugins\/wp-postratings\/images\/stars_crystal\/rating_on.gif\" alt=\"5 estrellas\" title=\"5 estrellas\" onmouseover=\"current_rating(4752, 5, '5 estrellas');\" onmouseout=\"ratings_off(5, 0, 0);\" onclick=\"rate_post();\" onkeypress=\"rate_post();\" style=\"cursor: pointer; border: 0px;\" \/> (<strong>2<\/strong> votos, promedio: <strong>5,00<\/strong> sobre 5)<br \/><span class=\"post-ratings-text\" id=\"ratings_4752_text\"><\/span><\/span><span id=\"post-ratings-4752-loading\" class=\"post-ratings-loading\"><img loading=\"lazy\" decoding=\"async\" src=\"https:\/\/www.icesi.edu.co\/editorial\/wp-content\/plugins\/wp-postratings\/images\/loading.gif\" width=\"16\" height=\"16\" class=\"post-ratings-image\" \/>Loading...<\/span>\n<table style=\"border: none;\">\n<tbody style=\"border: none;\">\n<tr valign=\"top\">\n<td valign=\"top\" style=\"border: none; vertical-align: top; height: 50%; width: 125px;\"><script type=\"text\/javascript\" src=\"\/\/cdn.plu.mx\/widget-popup.js\"><\/script><a href=\"https:\/\/plu.mx\/plum\/a\/?doi=10.18046\/EUI\/escr.21.2020\" data-popup=\"right\" data-size=\"large\" class=\"plumx-plum-print-popup\" data-site=\"plum\" data-hide-when-empty=\"true\" data-lang=\"es\" target=\"_blank\" rel=\"noopener\">Ciudades, subregiones y redes en el suroccidente colombiano: infraestructura, migraci\u00f3n, mercado y formas asociativas<\/a><\/td>\n<td style=\"border: none; vertical-align: top; height: 50%; width: 125px;\"><script type=\"text\/javascript\" src=\"https:\/\/d1bxh8uas1mnw7.cloudfront.net\/assets\/embed.js\"><\/script><\/p>\n<div class=\"altmetric-embed\" data-badge-type=\"donut\" data-altmetric-id=\"\"><\/div>\n<\/td>\n<td style=\"border: none; vertical-align: middle;\"><span class=\"__dimensions_badge_embed__\" data-doi=\"10.18046\/EUI\/escr.21.2020\" data-hide-zero-citations=\"true\" data-legend=\"hover-right\" data-style=\"small_circle\"><\/span><script async=\"\" src=\"https:\/\/badge.dimensions.ai\/badge.js\" charset=\"utf-8\"><\/script><\/td>\n<\/tr>\n<\/tbody>\n<\/table>\n<div class=\"osc-res-tab tabbable   osc-tabs-left\"><div style=\"clear:both;width: 100%;\"><ul class=\"nav osc-res-nav nav-pills osc-tabs-left-ul\" id=\"oscitas-restabs-1-ciudades-subregiones-redes-64628\"><li class=\"active\"><a href=\"#ert_pane1-0\" data-toggle=\"tab\">Descripci\u00f3n<\/a><\/li><li class=\"\"><a href=\"#ert_pane1-1\" data-toggle=\"tab\">Contenido<\/a><\/li><li class=\"\"><a href=\"#ert_pane1-2\" data-toggle=\"tab\">Autor(es)<\/a><\/li><li class=\"\"><a href=\"#ert_pane1-3\" data-toggle=\"tab\">Catalogaci\u00f3n<\/a><\/li><\/ul><\/div><div style=\"clear:both;width: 100%;\"><ul class=\"tab-content\" id=\"oscitas-restabcontent-1-ciudades-subregiones-redes-64628\"><li class=\"tab-pane active\" id=\"ert_pane1-0\"><p style=\"text-align: justify;\">Este libro se propuso estudiar distintos tipos de din\u00e1micas intermunicipales en el Suroccidente colombiano, seleccionando los catorce municipios m\u00e1s relevantes del espacio abordado comprendido por los departamentos de Nari\u00f1o, Cauca y Valle del Cauca, para dar cuenta de la configuraci\u00f3n y caracter\u00edsticas de diferentes redes de ciudades entre estos y, desde all\u00ed, de la existencia de territorialidades que configuran subregiones particulares a lo largo del suroccidente en cuesti\u00f3n. La pregunta de base que orient\u00f3 nuestra investigaci\u00f3n fue: \u00bfqu\u00e9 define las redes entre las catorce principales ciudades del suroccidente colombiano, en t\u00e9rminos de infraestructuras, mercados, migraciones y procesos de integraci\u00f3n pol\u00edtica, desde 1988 a 2010? Como lo se\u00f1al\u00e1remos, las respuestas obtenidas constituyen la base de un an\u00e1lisis que pretende no solamente develar y caracterizar las principales redes de ciudades del suroccidente en cuesti\u00f3n, sino -desde all\u00ed- la existencia de territorialidades diferenciadas que den cuenta de las subregiones a lo largo de esa gran regi\u00f3n suroccidental com\u00fanmente encapsulada dentro de fronteras pol\u00edtico-administrativas particulares.<\/p>\n<p style=\"text-align: justify;\"><strong>C\u00f3mo citar (APA):<\/strong> Fern\u00e1ndez Dusso, J.J., Rodr\u00edguez Caporalli, E. y Dar\u00edo S\u00e1enz, J. (2020). <i>Ciudades, subregiones y redes en el suroccidente colombiano: infraestructura, migraci\u00f3n, mercado y formas asociativas<\/i>. Cali: Editorial Universidad Icesi. DOI: <a href=\"https:\/\/doi.org\/10.18046\/EUI\/escr.21.2020\" target=\"_blank\" rel=\"noopener noreferrer\">https:\/\/doi.org\/10.18046\/EUI\/escr.21.2020<\/a><\/p><\/li><li class=\"tab-pane \" id=\"ert_pane1-1\"><strong>Tabla de contenido:<\/strong><\/p>\n<p>Introducci\u00f3n. Ciudades, subregiones y redes en el suroccidente colombiano (1988-2010)<br \/>\n<i>Juan Jos\u00e9 Fernandez Dusso<\/i><\/p>\n<p><strong>1 \/ Las infraestructuras para las redes de ciudades<\/strong><br \/>\n<i>Enrique Rodr\u00edguez Caporalli<\/i><\/p>\n<p><strong>2 \/ Movimientos migratorios recientes en la red de municipios (1988-1993 y 2000-2005)<\/strong><br \/>\n<i>Leidy Vargas y Jenny Padilla-Cabrera<\/i><\/p>\n<p><strong>3 \/ Din\u00e1micas econ\u00f3micas en la constituci\u00f3n de subregiones del suroccidente colombiano (1988-2010)<\/strong><br \/>\n<i>Juan Jos\u00e9 Fernandez Dusso<\/i><\/p>\n<p><strong>4 \/ La red imaginada de ciudades del suroccidente<\/strong><br \/>\n<i>Enrique Rodr\u00edguez Caporalli<\/i><\/p>\n<p><strong>5 \/ Subregiones a partir de las redes de municipios<\/strong><br \/>\n<i>Jos\u00e9 Benito Garz\u00f3n Montenegro y Jos\u00e9 Dar\u00edo S\u00e1enz<\/i><\/p>\n<p><strong>6 \/ Proyectos especiales: redes de regiones y algunas iniciativas desde la institucionalidad estatal<\/strong><br \/>\n<i>Jos\u00e9 Benito Garz\u00f3n Montenegro y Jos\u00e9 Dar\u00edo S\u00e1enz<\/i><\/p>\n<p>Conclusiones. Subregiones y ciudades en el suroccidente colombiano: recuento de hallazgos y problematizaciones<br \/>\n<i>Juan Jos\u00e9 Fernandez Dusso<\/i><\/p>\n<p>Sobre los autores<\/p>\n<p>\u00cdndice tem\u00e1tico<br \/><\/li><li class=\"tab-pane \" id=\"ert_pane1-2\"><ul>\n<li style=\"text-align: justify;\"><a href=\"https:\/\/orcid.org\/0000-0002-8281-1709\" target=\"_blank\" title=\"ORCID iD\" rel=\"noopener noreferrer\"><img loading=\"lazy\" decoding=\"async\" class=\"alignnone size-full wp-image-1012\" src=\"http:\/\/www.icesi.edu.co\/editorial\/wp-content\/uploads\/2020\/06\/ORCIDiD_icon16x16.png\" style=\"margin-right: 6px;\" alt=\"Icono ORCID\" width=\"16\" height=\"16\"><\/a><b>Juan Jos\u00e9 Fernandez Dusso<\/b>, Universidad Icesi (Cali, Colombia)<\/li>\n<li style=\"text-align: justify;\"><a href=\"https:\/\/orcid.org\/0000-0003-0997-7793\" target=\"_blank\" title=\"ORCID iD\" rel=\"noopener noreferrer\"><img loading=\"lazy\" decoding=\"async\" class=\"alignnone size-full wp-image-1012\" src=\"http:\/\/www.icesi.edu.co\/editorial\/wp-content\/uploads\/2020\/06\/ORCIDiD_icon16x16.png\" style=\"margin-right: 6px;\" alt=\"Icono ORCID\" width=\"16\" height=\"16\"><\/a><b>Enrique Rodr\u00edguez Caporalli<\/b>, Universidad Icesi (Cali, Colombia)<\/li>\n<li style=\"text-align: justify;\"><a href=\"https:\/\/orcid.org\/0000-0002-8178-7671\" target=\"_blank\" title=\"ORCID iD\" rel=\"noopener noreferrer\"><img loading=\"lazy\" decoding=\"async\" class=\"alignnone size-full wp-image-1012\" src=\"http:\/\/www.icesi.edu.co\/editorial\/wp-content\/uploads\/2020\/06\/ORCIDiD_icon16x16.png\" style=\"margin-right: 6px;\" alt=\"Icono ORCID\" width=\"16\" height=\"16\"><\/a><b>Jos\u00e9 Dar\u00edo S\u00e1enz<\/b>, Universidad Icesi (Cali, Colombia)<\/li>\n<li style=\"text-align: justify;\"><a href=\"https:\/\/orcid.org\/0000-0002-5629-0401\" target=\"_blank\" title=\"ORCID iD\" rel=\"noopener noreferrer\"><img loading=\"lazy\" decoding=\"async\" class=\"alignnone size-full wp-image-1012\" src=\"http:\/\/www.icesi.edu.co\/editorial\/wp-content\/uploads\/2020\/06\/ORCIDiD_icon16x16.png\" style=\"margin-right: 6px;\" alt=\"Icono ORCID\" width=\"16\" height=\"16\"><\/a><b>Jos\u00e9 Benito Garz\u00f3n M.<\/b>, Fundaci\u00f3n Universitaria Cat\u00f3lica Lumen Gentium (Cali, Colombia)<\/li>\n<li style=\"text-align: justify;\"><b>Leidy Vargas<\/b>, Universidad Icesi (Cali, Colombia)<\/li>\n<li style=\"text-align: justify;\"><a href=\"https:\/\/orcid.org\/0000-0001-5445-0144\" target=\"_blank\" title=\"ORCID iD\" rel=\"noopener noreferrer\"><img loading=\"lazy\" decoding=\"async\" class=\"alignnone size-full wp-image-1012\" src=\"http:\/\/www.icesi.edu.co\/editorial\/wp-content\/uploads\/2020\/06\/ORCIDiD_icon16x16.png\" style=\"margin-right: 6px;\" alt=\"Icono ORCID\" width=\"16\" height=\"16\"><\/a><b>Jenny Padilla-Cabrera<\/b>, Universidad del Valle (Cali, Colombia)<\/li>\n<\/ul><\/li><li class=\"tab-pane \" id=\"ert_pane1-3\"><table>\n<tbody>\n<tr class=\"first odd\">\n<th width=\"150\">\n<p style=\"text-align: left;\">T\u00edtulo (ingl\u00e9s):<\/p>\n<\/th>\n<td class=\"data last\">Cities, subregions and networks in southwestern Colombia: infrastructure, migration, market and associative forms.<\/td>\n<\/tr>\n<tr class=\"even\">\n<th>\n<p style=\"text-align: left;\">DOI\/URL:<\/p>\n<\/th>\n<td class=\"data last\"><a href=\"https:\/\/doi.org\/10.18046\/EUI\/escr.21.2020\" target=\"_blank\" rel=\"noopener noreferrer\">https:\/\/doi.org\/10.18046\/EUI\/escr.21.2020<\/a><\/td>\n<\/tr>\n<tr class=\"odd\">\n<th>\n<p style=\"text-align: left;\">Editorial(es):<\/p>\n<\/th>\n<td class=\"data last\">Universidad Icesi.<\/td>\n<\/tr>\n<tr class=\"even\">\n<th>\n<p style=\"text-align: left;\">Autor(es):<\/p>\n<\/th>\n<td class=\"data last\">Juan Jos\u00e9 Fernandez Dusso, Enrique Rodr\u00edguez Caporalli, Jos\u00e9 Dar\u00edo S\u00e1enz, Jos\u00e9 Benito Garz\u00f3n Montenegro, Leidy Vargas y Jenny Padilla-Cabrera.<\/td>\n<\/tr>\n<tr class=\"odd\">\n<th>\n<p style=\"text-align: left;\">Palabras clave:<\/p>\n<\/th>\n<td class=\"data last\">Ciudades, Subregiones, Desarrollo regional, Suroccidente colombiano.<\/td>\n<\/tr>\n<tr class=\"even\">\n<th>\n<p style=\"text-align: left;\">ISBN:<\/p>\n<\/th>\n<td class=\"data last\">978-958-5590-28-1 \/ 978-958-5590-29-8 (PDF).<\/td>\n<\/tr>\n<tr class=\"odd\">\n<th>\n<p style=\"text-align: left;\">Fecha de edici\u00f3n:<\/p>\n<\/th>\n<td class=\"data last\">Junio de 2020.<\/td>\n<\/tr>\n<tr class=\"even\">\n<th>\n<p style=\"text-align: left;\">No. de p\u00e1ginas:<\/p>\n<\/th>\n<td class=\"data last\">442.<\/td>\n<\/tr>\n<tr class=\"odd\">\n<th>\n<p style=\"text-align: left;\">Idioma(s):<\/p>\n<\/th>\n<td class=\"data last\">Espa\u00f1ol.<\/td>\n<\/tr>\n<tr class=\"even\">\n<th>\n<p style=\"text-align: left;\">Formato(s):<\/p>\n<\/th>\n<td class=\"data last\">Libro impreso (tapa r\u00fastica) y electr\u00f3nico (PDF).<\/td>\n<\/tr>\n<tr class=\"odd\">\n<th>\n<p style=\"text-align: left;\">Alto x ancho:<\/p>\n<\/th>\n<td class=\"data last\">23 x 17 cm<\/td>\n<\/tr>\n<tr class=\"even\">\n<th>\n<p style=\"text-align: left;\">Colecci\u00f3n:<\/p>\n<\/th>\n<td class=\"data last\">El sur es cielo roto (21).<\/td>\n<\/tr>\n<tr class=\"odd\">\n<th>\n<p style=\"text-align: left;\">Producto:<\/p>\n<\/th>\n<td class=\"data last\">Libro de investigaci\u00f3n.<\/td>\n<\/tr>\n<tr class=\"even\">\n<th>\n<p style=\"text-align: left;\">Observaciones:<\/p>\n<\/th>\n<td class=\"data last\">Incluye referencias bibliogr\u00e1ficas.<\/td>\n<\/tr>\n<tr class=\"last odd\">\n<th>\n<p style=\"text-align: left;\">Registro DSpace:<\/p>\n<\/th>\n<td class=\"data last\"><a href=\"https:\/\/doi.org\/10.18046\/EUI\/escr.21.2020\" target=\"_blank\" rel=\"noopener noreferrer\"><img loading=\"lazy\" decoding=\"async\" class=\"alignnone size-full wp-image-1012\" src=\"http:\/\/www.icesi.edu.co\/editorial\/wp-content\/uploads\/2016\/04\/downloadIcon-e1460499009176.png\" alt=\"Icono de Repositorio - Contenido en la Nube\" width=\"25\" height=\"25\"><\/a><\/td>\n<\/tr>\n<\/tbody>\n<\/table><\/li><\/ul><\/div><\/div>\n","protected":false},"excerpt":{"rendered":"<p>T\u00edtulo completo: Ciudades, subregiones y redes en el suroccidente colombiano: infraestructura, migraci\u00f3n, mercado y formas asociativas. Colecci\u00f3n: El sur es cielo roto | N\u00famero: 21. Editores: Jos\u00e9 Dar\u00edo S\u00e1enz, Enrique Rodr\u00edguez Caporalli y Juan Jos\u00e9 Fern\u00e1ndez Dusso. Autores: Juan Jos\u00e9 Fernandez Dusso, Enrique Rodr\u00edguez Caporalli, Jos\u00e9 Dar\u00edo S\u00e1enz, Jos\u00e9 Benito Garz\u00f3n Montenegro, Leidy Vargas y [&hellip;]<\/p>\n","protected":false},"author":3,"featured_media":4753,"comment_status":"closed","ping_status":"closed","sticky":false,"template":"","format":"standard","meta":{"footnotes":""},"categories":[47],"tags":[434,741,619,618,617,616,615,614,576,542,465,72,430,419,274,209,207,137,129,95,92],"class_list":["post-4752","post","type-post","status-publish","format-standard","has-post-thumbnail","hentry","category-el-sur-es-cielo-roto","tag-enrique-rodriguez-caporalli","tag-fvla-2021","tag-territorialidades","tag-subregiones","tag-mercado","tag-migracion","tag-infraestructura","tag-narino","tag-576","tag-book-citation-index","tag-descarga-gratuita","tag-fdcs","tag-jose-dario-saenz","tag-cauca","tag-libro-de-investigacion","tag-pacifico-colombiano","tag-desarrollo-regional","tag-suroccidente-colombiano","tag-valle-del-cauca-colombia","tag-administracion-publica","tag-politicas-publicas"],"_links":{"self":[{"href":"https:\/\/www.icesi.edu.co\/editorial\/wp-json\/wp\/v2\/posts\/4752","targetHints":{"allow":["GET"]}}],"collection":[{"href":"https:\/\/www.icesi.edu.co\/editorial\/wp-json\/wp\/v2\/posts"}],"about":[{"href":"https:\/\/www.icesi.edu.co\/editorial\/wp-json\/wp\/v2\/types\/post"}],"author":[{"embeddable":true,"href":"https:\/\/www.icesi.edu.co\/editorial\/wp-json\/wp\/v2\/users\/3"}],"replies":[{"embeddable":true,"href":"https:\/\/www.icesi.edu.co\/editorial\/wp-json\/wp\/v2\/comments?post=4752"}],"version-history":[{"count":9,"href":"https:\/\/www.icesi.edu.co\/editorial\/wp-json\/wp\/v2\/posts\/4752\/revisions"}],"predecessor-version":[{"id":8264,"href":"https:\/\/www.icesi.edu.co\/editorial\/wp-json\/wp\/v2\/posts\/4752\/revisions\/8264"}],"wp:featuredmedia":[{"embeddable":true,"href":"https:\/\/www.icesi.edu.co\/editorial\/wp-json\/wp\/v2\/media\/4753"}],"wp:attachment":[{"href":"https:\/\/www.icesi.edu.co\/editorial\/wp-json\/wp\/v2\/media?parent=4752"}],"wp:term":[{"taxonomy":"category","embeddable":true,"href":"https:\/\/www.icesi.edu.co\/editorial\/wp-json\/wp\/v2\/categories?post=4752"},{"taxonomy":"post_tag","embeddable":true,"href":"https:\/\/www.icesi.edu.co\/editorial\/wp-json\/wp\/v2\/tags?post=4752"}],"curies":[{"name":"wp","href":"https:\/\/api.w.org\/{rel}","templated":true}]}}