{"id":5580,"date":"2020-10-15T08:00:00","date_gmt":"2020-10-15T13:00:00","guid":{"rendered":"http:\/\/www.icesi.edu.co\/editorial\/?p=5580"},"modified":"2025-09-15T09:57:01","modified_gmt":"2025-09-15T14:57:01","slug":"cinco-poemas-cinco-fotografias","status":"publish","type":"post","link":"https:\/\/www.icesi.edu.co\/editorial\/cinco-poemas-cinco-fotografias\/","title":{"rendered":"Cinco poemas, cinco fotograf\u00edas"},"content":{"rendered":"<div class=\"ead-preview\"><div class=\"ead-document\" style=\"position: relative;\"><div class=\"ead-iframe-wrapper\"><iframe src=\"\/\/docs.google.com\/viewer?url=https%3A%2F%2Fwpcopy.filcali.com%2Fwp-content%2Fuploads%2F2020%2F10%2FCinco-poemas-cinco-fotografi%25CC%2581as-UNC-y-Univalle_compressed.pdf%3F_gl%3D1%2Ansnm32%2A_ga%2AMjA4NjU4OTIyNy4xNzU3OTQ3MzYy%2A_ga_EWR2QBP4MS%2AczE3NTc5NDczNjEkbzEkZzEkdDE3NTc5NDgxMzMkajI3JGwwJGgw&amp;embedded=true&amp;hl=en\" title=\"Embedded Document\" class=\"ead-iframe\" style=\"width: 0px;height: 0px;border: none;visibility: hidden;\"><\/iframe><\/div>\t\t\t<div class=\"ead-document-loading\" style=\"width:100%;height:100%;position:absolute;left:0;top:0;z-index:10;\">\n\t\t\t\t<div class=\"ead-loading-wrap\">\n\t\t\t\t\t<div class=\"ead-loading-main\">\n\t\t\t\t\t\t<div class=\"ead-loading\">\n\t\t\t\t\t\t\t<img loading=\"lazy\" decoding=\"async\" src=\"https:\/\/www.icesi.edu.co\/editorial\/wp-content\/plugins\/embed-any-document\/images\/loading.svg\" width=\"55\" height=\"55\" alt=\"Loader\">\n\t\t\t\t\t\t\t<span>Loading...<\/span>\n\t\t\t\t\t\t<\/div>\n\t\t\t\t\t<\/div>\n\t\t\t\t\t<div class=\"ead-loading-foot\">\n\t\t\t\t\t\t<div class=\"ead-loading-foot-title\">\n\t\t\t\t\t\t\t<img loading=\"lazy\" decoding=\"async\" src=\"https:\/\/www.icesi.edu.co\/editorial\/wp-content\/plugins\/embed-any-document\/images\/EAD-logo.svg\" alt=\"EAD Logo\" width=\"36\" height=\"23\"\/>\n\t\t\t\t\t\t\t<span>Taking too long?<\/span>\n\t\t\t\t\t\t<\/div>\n\t\t\t\t\t\t<p>\n\t\t\t\t\t\t\t<div class=\"ead-document-btn ead-reload-btn\" role=\"button\">\n\t\t\t\t\t\t\t\t<img loading=\"lazy\" decoding=\"async\" src=\"https:\/\/www.icesi.edu.co\/editorial\/wp-content\/plugins\/embed-any-document\/images\/reload.svg\" alt=\"Reload\" width=\"12\" height=\"12\"\/> Reload document\t\t\t\t\t\t\t<\/div>\n\t\t\t\t\t\t\t<span>|<\/span>\n\t\t\t\t\t\t\t<a href=\"https:\/\/docs.google.com\/viewer?url=https%3A%2F%2Fwpcopy.filcali.com%2Fwp-content%2Fuploads%2F2020%2F10%2FCinco-poemas-cinco-fotografi%25CC%2581as-UNC-y-Univalle_compressed.pdf%3F_gl%3D1%2Ansnm32%2A_ga%2AMjA4NjU4OTIyNy4xNzU3OTQ3MzYy%2A_ga_EWR2QBP4MS%2AczE3NTc5NDczNjEkbzEkZzEkdDE3NTc5NDgxMzMkajI3JGwwJGgw&#038;hl=en\" class=\"ead-document-btn\" target=\"_blank\" rel=\"noopener\">\n\t\t\t\t\t\t\t\t<img loading=\"lazy\" decoding=\"async\" src=\"https:\/\/www.icesi.edu.co\/editorial\/wp-content\/plugins\/embed-any-document\/images\/open.svg\" alt=\"Open\" width=\"12\" height=\"12\"\/> Open in new tab\t\t\t\t\t\t\t<\/a>\n\t\t\t\t\t<\/div>\n\t\t\t\t<\/div>\n\t\t\t<\/div>\n\t\t<\/div><p class=\"embed_download\"><a href=\"https:\/\/wpcopy.filcali.com\/wp-content\/uploads\/2020\/10\/Cinco-poemas-cinco-fotografi%CC%81as-UNC-y-Univalle_compressed.pdf?_gl=1*nsnm32*_ga*MjA4NjU4OTIyNy4xNzU3OTQ3MzYy*_ga_EWR2QBP4MS*czE3NTc5NDczNjEkbzEkZzEkdDE3NTc5NDgxMzMkajI3JGwwJGgw\" download target=\"_blank\" rel=\"noopener\">Download\/Descargar [616.55 KB] <\/a><\/p><\/div>\n<strong>T\u00edtulo completo:<\/strong> Para Manuel y Delia: cinco poemas, cinco fotograf\u00edas.<br \/>\n<strong>Autor:<\/strong> Fernando Urbina Rangel.<br \/>\n<strong>Editoriales:<\/strong> GEUP Colombia.<br \/>\n<strong>A\u00f1o de edici\u00f3n<\/strong>: 2020 | <strong>ISBN:<\/strong> 978-958-794-276-7.<br \/>\n<span id=\"post-ratings-5580\" class=\"post-ratings\" data-nonce=\"29f04be018\"><img decoding=\"async\" id=\"rating_5580_1\" src=\"https:\/\/www.icesi.edu.co\/editorial\/wp-content\/plugins\/wp-postratings\/images\/stars_crystal\/rating_on.gif\" alt=\"1 estrella\" title=\"1 estrella\" onmouseover=\"current_rating(5580, 1, '1 estrella');\" onmouseout=\"ratings_off(4.5, 5, 0);\" onclick=\"rate_post();\" onkeypress=\"rate_post();\" style=\"cursor: pointer; border: 0px;\" \/><img decoding=\"async\" id=\"rating_5580_2\" src=\"https:\/\/www.icesi.edu.co\/editorial\/wp-content\/plugins\/wp-postratings\/images\/stars_crystal\/rating_on.gif\" alt=\"2 estrellas\" title=\"2 estrellas\" onmouseover=\"current_rating(5580, 2, '2 estrellas');\" onmouseout=\"ratings_off(4.5, 5, 0);\" onclick=\"rate_post();\" onkeypress=\"rate_post();\" style=\"cursor: pointer; border: 0px;\" \/><img decoding=\"async\" id=\"rating_5580_3\" src=\"https:\/\/www.icesi.edu.co\/editorial\/wp-content\/plugins\/wp-postratings\/images\/stars_crystal\/rating_on.gif\" alt=\"3 estrellas\" title=\"3 estrellas\" onmouseover=\"current_rating(5580, 3, '3 estrellas');\" onmouseout=\"ratings_off(4.5, 5, 0);\" onclick=\"rate_post();\" onkeypress=\"rate_post();\" style=\"cursor: pointer; border: 0px;\" \/><img decoding=\"async\" id=\"rating_5580_4\" src=\"https:\/\/www.icesi.edu.co\/editorial\/wp-content\/plugins\/wp-postratings\/images\/stars_crystal\/rating_on.gif\" alt=\"4 estrellas\" title=\"4 estrellas\" onmouseover=\"current_rating(5580, 4, '4 estrellas');\" onmouseout=\"ratings_off(4.5, 5, 0);\" onclick=\"rate_post();\" onkeypress=\"rate_post();\" style=\"cursor: pointer; border: 0px;\" \/><img decoding=\"async\" id=\"rating_5580_5\" src=\"https:\/\/www.icesi.edu.co\/editorial\/wp-content\/plugins\/wp-postratings\/images\/stars_crystal\/rating_half.gif\" alt=\"5 estrellas\" title=\"5 estrellas\" onmouseover=\"current_rating(5580, 5, '5 estrellas');\" onmouseout=\"ratings_off(4.5, 5, 0);\" onclick=\"rate_post();\" onkeypress=\"rate_post();\" style=\"cursor: pointer; border: 0px;\" \/> (<strong>2<\/strong> votos, promedio: <strong>4,50<\/strong> sobre 5)<br \/><span class=\"post-ratings-text\" id=\"ratings_5580_text\"><\/span><\/span><span id=\"post-ratings-5580-loading\" class=\"post-ratings-loading\"><img loading=\"lazy\" decoding=\"async\" src=\"https:\/\/www.icesi.edu.co\/editorial\/wp-content\/plugins\/wp-postratings\/images\/loading.gif\" width=\"16\" height=\"16\" class=\"post-ratings-image\" \/>Loading...<\/span>\n&nbsp;<br \/>\n<div class=\"osc-res-tab tabbable   osc-tabs-left\"><div style=\"clear:both;width: 100%;\"><ul class=\"nav osc-res-nav nav-pills osc-tabs-left-ul\" id=\"oscitas-restabs-1-cinco-poemas-cinco-fotografias-60729\"><li class=\"active\"><a href=\"#ert_pane1-0\" data-toggle=\"tab\">Descripci\u00f3n<\/a><\/li><li class=\"\"><a href=\"#ert_pane1-1\" data-toggle=\"tab\">Contenido<\/a><\/li><li class=\"\"><a href=\"#ert_pane1-2\" data-toggle=\"tab\">Autor(es)<\/a><\/li><li class=\"\"><a href=\"#ert_pane1-3\" data-toggle=\"tab\">Catalogaci\u00f3n<\/a><\/li><\/ul><\/div><div style=\"clear:both;width: 100%;\"><ul class=\"tab-content\" id=\"oscitas-restabcontent-1-cinco-poemas-cinco-fotografias-60729\"><li class=\"tab-pane active\" id=\"ert_pane1-0\"><p style=\"text-align: justify;\">Un libro con im\u00e1genes, poemas y otros textos para recordar a Manuel y a Delia, personajes cuyas vidas plenas de realizaciones le dieron m\u00e1s rostros al alma mater. Profundos y alegres compromisos de estos hermanos cuyas investigaciones, textos y danzas contribuyeron a implantar en los colombianos la esencia de la dimensi\u00f3n afro de nuestra multifac\u00e9tica cultura. Dejaron obra. Esa que perdura.<\/p><\/li><li class=\"tab-pane \" id=\"ert_pane1-1\"><strong>Tabla de contenido:<\/strong><\/p>\n<p>El boga viejo<\/p>\n<p>El viejo cuentero<\/p>\n<p>Cumbia<\/p>\n<p>Cantiga<\/p>\n<p>Eulalia<\/p>\n<p>P\u00e1gina del libro de Manuel Zapata Olivella. La rebeli\u00f3n de los genes<\/p><\/li><li class=\"tab-pane \" id=\"ert_pane1-2\"><ul>\n<li style=\"text-align: justify;\">Fernando Urbina Rangel<\/li>\n<\/ul><\/li><li class=\"tab-pane \" id=\"ert_pane1-3\"><table>\n<tbody>\n<tr class=\"first odd\">\n<th width=\"150\">\n<p style=\"text-align: left;\">T\u00edtulo (ingl\u00e9s):<\/p>\n<\/th>\n<td class=\"data last\">For Manuel and Delia: five poems, five photographs.<\/td>\n<\/tr>\n<tr class=\"even\">\n<th>\n<p style=\"text-align: left;\">DOI\/URL:<\/p>\n<\/th>\n<td class=\"data last\">&#8212;.<\/td>\n<\/tr>\n<tr class=\"odd\">\n<th>\n<p style=\"text-align: left;\">Editorial(es):<\/p>\n<\/th>\n<td class=\"data last\">GEUP Colombia.<\/td>\n<\/tr>\n<tr class=\"even\">\n<th>\n<p style=\"text-align: left;\">Autor:<\/p>\n<\/th>\n<td class=\"data last\">Fernando Urbina Rangel.<\/td>\n<\/tr>\n<tr class=\"odd\">\n<th>\n<p style=\"text-align: left;\">Palabras clave:<\/p>\n<\/th>\n<td class=\"data last\">Poes\u00eda afrocolombiana, Poes\u00eda, Literatura.<\/td>\n<\/tr>\n<tr class=\"even\">\n<th>\n<p style=\"text-align: left;\">ISBN:<\/p>\n<\/th>\n<td class=\"data last\">978-958-794-276-7.<\/td>\n<\/tr>\n<tr class=\"odd\">\n<th>\n<p style=\"text-align: left;\">Fecha de edici\u00f3n:<\/p>\n<\/th>\n<td class=\"data last\">Octubre de 2020.<\/td>\n<\/tr>\n<tr class=\"even\">\n<th>\n<p style=\"text-align: left;\">No. de p\u00e1ginas:<\/p>\n<\/th>\n<td class=\"data last\">26.<\/td>\n<\/tr>\n<tr class=\"odd\">\n<th>\n<p style=\"text-align: left;\">Idioma(s):<\/p>\n<\/th>\n<td class=\"data last\">Espa\u00f1ol.<\/td>\n<\/tr>\n<tr class=\"even\">\n<th>\n<p style=\"text-align: left;\">Formato(s):<\/p>\n<\/th>\n<td class=\"data last\">Libro digital (PDF).<\/td>\n<\/tr>\n<tr class=\"odd\">\n<th>\n<p style=\"text-align: left;\">Alto x ancho:<\/p>\n<\/th>\n<td class=\"data last\">21 x 14 cm.<\/td>\n<\/tr>\n<tr class=\"even\">\n<th>\n<p style=\"text-align: left;\">Colecci\u00f3n:<\/p>\n<\/th>\n<td class=\"data last\">En memoria de Juan Camilo Sierra Restrepo (3).<\/td>\n<\/tr>\n<tr class=\"odd\">\n<th>\n<p style=\"text-align: left;\">Producto:<\/p>\n<\/th>\n<td class=\"data last\">Libro de inter\u00e9s general.<\/td>\n<\/tr>\n<tr class=\"last even\">\n<th>\n<p style=\"text-align: left;\">Observaciones:<\/p>\n<\/th>\n<td class=\"data last\">Edici\u00f3n especial para la Feria Internacional del Libro de Cali de 2020.<\/td>\n<\/tr>\n<\/tbody>\n<\/table><\/li><\/ul><\/div><\/div>\n","protected":false},"excerpt":{"rendered":"<p>T\u00edtulo completo: Para Manuel y Delia: cinco poemas, cinco fotograf\u00edas. Autor: Fernando Urbina Rangel. Editoriales: GEUP Colombia. A\u00f1o de edici\u00f3n: 2020 | ISBN: 978-958-794-276-7. &nbsp;<\/p>\n","protected":false},"author":3,"featured_media":5563,"comment_status":"closed","ping_status":"closed","sticky":false,"template":"","format":"standard","meta":{"footnotes":""},"categories":[760],"tags":[221,385,514,576,702,712],"class_list":["post-5580","post","type-post","status-publish","format-standard","has-post-thumbnail","hentry","category-geup","tag-literatura","tag-feria-internacional-del-libro-de-cali","tag-geup-colombia","tag-576","tag-filcali-2020","tag-poesia-afrocolombiana"],"_links":{"self":[{"href":"https:\/\/www.icesi.edu.co\/editorial\/wp-json\/wp\/v2\/posts\/5580","targetHints":{"allow":["GET"]}}],"collection":[{"href":"https:\/\/www.icesi.edu.co\/editorial\/wp-json\/wp\/v2\/posts"}],"about":[{"href":"https:\/\/www.icesi.edu.co\/editorial\/wp-json\/wp\/v2\/types\/post"}],"author":[{"embeddable":true,"href":"https:\/\/www.icesi.edu.co\/editorial\/wp-json\/wp\/v2\/users\/3"}],"replies":[{"embeddable":true,"href":"https:\/\/www.icesi.edu.co\/editorial\/wp-json\/wp\/v2\/comments?post=5580"}],"version-history":[{"count":4,"href":"https:\/\/www.icesi.edu.co\/editorial\/wp-json\/wp\/v2\/posts\/5580\/revisions"}],"predecessor-version":[{"id":8729,"href":"https:\/\/www.icesi.edu.co\/editorial\/wp-json\/wp\/v2\/posts\/5580\/revisions\/8729"}],"wp:featuredmedia":[{"embeddable":true,"href":"https:\/\/www.icesi.edu.co\/editorial\/wp-json\/wp\/v2\/media\/5563"}],"wp:attachment":[{"href":"https:\/\/www.icesi.edu.co\/editorial\/wp-json\/wp\/v2\/media?parent=5580"}],"wp:term":[{"taxonomy":"category","embeddable":true,"href":"https:\/\/www.icesi.edu.co\/editorial\/wp-json\/wp\/v2\/categories?post=5580"},{"taxonomy":"post_tag","embeddable":true,"href":"https:\/\/www.icesi.edu.co\/editorial\/wp-json\/wp\/v2\/tags?post=5580"}],"curies":[{"name":"wp","href":"https:\/\/api.w.org\/{rel}","templated":true}]}}