{"id":6015,"date":"2021-09-01T00:10:00","date_gmt":"2021-09-01T05:10:00","guid":{"rendered":"http:\/\/www.icesi.edu.co\/editorial\/?p=6015"},"modified":"2023-07-05T11:15:56","modified_gmt":"2023-07-05T16:15:56","slug":"historias-memorias-relatos","status":"publish","type":"post","link":"https:\/\/www.icesi.edu.co\/editorial\/historias-memorias-relatos\/","title":{"rendered":"Historia(s), memorias y relatos"},"content":{"rendered":"<div class=\"ead-preview\"><div class=\"ead-document\" style=\"position: relative;\"><div class=\"ead-iframe-wrapper\"><iframe src=\"\/\/docs.google.com\/viewer?url=https%3A%2F%2Frepository.icesi.edu.co%2Fbiblioteca_digital%2Fbitstream%2F10906%2F90075%2F1%2Fbaron_historias_memoria_2021.pdf&amp;embedded=true&amp;hl=en\" title=\"Embedded Document\" class=\"ead-iframe\" style=\"width: 0px;height: 0px;border: none;visibility: hidden;\"><\/iframe><\/div>\t\t\t<div class=\"ead-document-loading\" style=\"width:100%;height:100%;position:absolute;left:0;top:0;z-index:10;\">\n\t\t\t\t<div class=\"ead-loading-wrap\">\n\t\t\t\t\t<div class=\"ead-loading-main\">\n\t\t\t\t\t\t<div class=\"ead-loading\">\n\t\t\t\t\t\t\t<img loading=\"lazy\" decoding=\"async\" src=\"https:\/\/www.icesi.edu.co\/editorial\/wp-content\/plugins\/embed-any-document\/images\/loading.svg\" width=\"55\" height=\"55\" alt=\"Loader\">\n\t\t\t\t\t\t\t<span>Loading...<\/span>\n\t\t\t\t\t\t<\/div>\n\t\t\t\t\t<\/div>\n\t\t\t\t\t<div class=\"ead-loading-foot\">\n\t\t\t\t\t\t<div class=\"ead-loading-foot-title\">\n\t\t\t\t\t\t\t<img loading=\"lazy\" decoding=\"async\" src=\"https:\/\/www.icesi.edu.co\/editorial\/wp-content\/plugins\/embed-any-document\/images\/EAD-logo.svg\" alt=\"EAD Logo\" width=\"36\" height=\"23\"\/>\n\t\t\t\t\t\t\t<span>Taking too long?<\/span>\n\t\t\t\t\t\t<\/div>\n\t\t\t\t\t\t<p>\n\t\t\t\t\t\t\t<div class=\"ead-document-btn ead-reload-btn\" role=\"button\">\n\t\t\t\t\t\t\t\t<img loading=\"lazy\" decoding=\"async\" src=\"https:\/\/www.icesi.edu.co\/editorial\/wp-content\/plugins\/embed-any-document\/images\/reload.svg\" alt=\"Reload\" width=\"12\" height=\"12\"\/> Reload document\t\t\t\t\t\t\t<\/div>\n\t\t\t\t\t\t\t<span>|<\/span>\n\t\t\t\t\t\t\t<a href=\"https:\/\/repository.icesi.edu.co\/biblioteca_digital\/bitstream\/10906\/90075\/1\/baron_historias_memoria_2021.pdf\" class=\"ead-document-btn\" target=\"_blank\" rel=\"noopener\">\n\t\t\t\t\t\t\t\t<img loading=\"lazy\" decoding=\"async\" src=\"https:\/\/www.icesi.edu.co\/editorial\/wp-content\/plugins\/embed-any-document\/images\/open.svg\" alt=\"Open\" width=\"12\" height=\"12\"\/> Open in new tab\t\t\t\t\t\t\t<\/a>\n\t\t\t\t\t<\/div>\n\t\t\t\t<\/div>\n\t\t\t<\/div>\n\t\t<\/div><p class=\"embed_download\"><a href=\"https:\/\/repository.icesi.edu.co\/biblioteca_digital\/bitstream\/10906\/90075\/1\/baron_historias_memoria_2021.pdf\" download target=\"_blank\" rel=\"noopener\">Download\/Descargar <\/a><\/p><\/div>\n<strong>T\u00edtulo completo:<\/strong> Historia(s), relatos y memorias. Miradas desde lo local.<br \/>\n<strong>Editores acad\u00e9micos:<\/strong> Luis Fernando Bar\u00f3n y Adolfo A. Abad\u00eda.<br \/>\n<strong>Autores:<\/strong> Juan Gabriel G\u00f3mez Albarello, Gloria Mar\u00eda Gallego Garc\u00eda, Enrique Jaramillo B., Guido Germ\u00e1n Hurtado Vera, Daniel Mateus Arciniegas, Jaime Eduardo Londo\u00f1o, Ricardo G\u00f3mez y Luis Fernando Bar\u00f3n.<br \/>\n<strong>Editoriales:<\/strong> Universidad Icesi y Tirant lo Blanch.<br \/>\n<strong>ISBN:<\/strong> 978-84-18802-04-1 \/ 978-84-18802-05-8 (eBook).<br \/>\n<strong>A\u00f1o de edici\u00f3n:<\/strong> 2021.<br \/>\n<span id=\"post-ratings-6015\" class=\"post-ratings\" data-nonce=\"2316aead51\"><img decoding=\"async\" id=\"rating_6015_1\" src=\"https:\/\/www.icesi.edu.co\/editorial\/wp-content\/plugins\/wp-postratings\/images\/stars_crystal\/rating_on.gif\" alt=\"1 estrella\" title=\"1 estrella\" onmouseover=\"current_rating(6015, 1, '1 estrella');\" onmouseout=\"ratings_off(5, 0, 0);\" onclick=\"rate_post();\" onkeypress=\"rate_post();\" style=\"cursor: pointer; border: 0px;\" \/><img decoding=\"async\" id=\"rating_6015_2\" src=\"https:\/\/www.icesi.edu.co\/editorial\/wp-content\/plugins\/wp-postratings\/images\/stars_crystal\/rating_on.gif\" alt=\"2 estrellas\" title=\"2 estrellas\" onmouseover=\"current_rating(6015, 2, '2 estrellas');\" onmouseout=\"ratings_off(5, 0, 0);\" onclick=\"rate_post();\" onkeypress=\"rate_post();\" style=\"cursor: pointer; border: 0px;\" \/><img decoding=\"async\" id=\"rating_6015_3\" src=\"https:\/\/www.icesi.edu.co\/editorial\/wp-content\/plugins\/wp-postratings\/images\/stars_crystal\/rating_on.gif\" alt=\"3 estrellas\" title=\"3 estrellas\" onmouseover=\"current_rating(6015, 3, '3 estrellas');\" onmouseout=\"ratings_off(5, 0, 0);\" onclick=\"rate_post();\" onkeypress=\"rate_post();\" style=\"cursor: pointer; border: 0px;\" \/><img decoding=\"async\" id=\"rating_6015_4\" src=\"https:\/\/www.icesi.edu.co\/editorial\/wp-content\/plugins\/wp-postratings\/images\/stars_crystal\/rating_on.gif\" alt=\"4 estrellas\" title=\"4 estrellas\" onmouseover=\"current_rating(6015, 4, '4 estrellas');\" onmouseout=\"ratings_off(5, 0, 0);\" onclick=\"rate_post();\" onkeypress=\"rate_post();\" style=\"cursor: pointer; border: 0px;\" \/><img decoding=\"async\" id=\"rating_6015_5\" src=\"https:\/\/www.icesi.edu.co\/editorial\/wp-content\/plugins\/wp-postratings\/images\/stars_crystal\/rating_on.gif\" alt=\"5 estrellas\" title=\"5 estrellas\" onmouseover=\"current_rating(6015, 5, '5 estrellas');\" onmouseout=\"ratings_off(5, 0, 0);\" onclick=\"rate_post();\" onkeypress=\"rate_post();\" style=\"cursor: pointer; border: 0px;\" \/> (<strong>4<\/strong> votos, promedio: <strong>5,00<\/strong> sobre 5)<br \/><span class=\"post-ratings-text\" id=\"ratings_6015_text\"><\/span><\/span><span id=\"post-ratings-6015-loading\" class=\"post-ratings-loading\"><img loading=\"lazy\" decoding=\"async\" src=\"https:\/\/www.icesi.edu.co\/editorial\/wp-content\/plugins\/wp-postratings\/images\/loading.gif\" width=\"16\" height=\"16\" class=\"post-ratings-image\" \/>Loading...<\/span>\n<script type=\"text\/javascript\" src=\"\/\/cdn.plu.mx\/widget-popup.js\"><\/script><a href=\"https:\/\/plu.mx\/plum\/a\/?doi=10.18046\/EUI\/tirant.2021.1\" data-popup=\"right\" data-size=\"large\" class=\"plumx-plum-print-popup\" data-site=\"plum\" data-hide-when-empty=\"true\" data-lang=\"es\" target=\"_blank\" rel=\"noopener\">Historia(s), relatos y memorias. Miradas desde lo local<\/a><br \/>\n<div class=\"osc-res-tab tabbable   osc-tabs-left\"><div style=\"clear:both;width: 100%;\"><ul class=\"nav osc-res-nav nav-pills osc-tabs-left-ul\" id=\"oscitas-restabs-1-historias-memorias-relatos-67874\"><li class=\"active\"><a href=\"#ert_pane1-0\" data-toggle=\"tab\">Descripci\u00f3n<\/a><\/li><li class=\"\"><a href=\"#ert_pane1-1\" data-toggle=\"tab\">Contenido<\/a><\/li><li class=\"\"><a href=\"#ert_pane1-2\" data-toggle=\"tab\">Autor(es)<\/a><\/li><li class=\"\"><a href=\"#ert_pane1-3\" data-toggle=\"tab\">Catalogaci\u00f3n<\/a><\/li><\/ul><\/div><div style=\"clear:both;width: 100%;\"><ul class=\"tab-content\" id=\"oscitas-restabcontent-1-historias-memorias-relatos-67874\"><li class=\"tab-pane active\" id=\"ert_pane1-0\"><p style=\"text-align: justify;\"><i>Historia(s), relatos y memorias. Miradas desde lo local<\/i>, recoge diferentes investigaciones cuyas tem\u00e1ticas, si bien est\u00e1n basadas en procesos organizativos, comunitarios, \u00e9tnicos y de cierta tradici\u00f3n historiogr\u00e1fica, logran vincularse a trav\u00e9s de la revisi\u00f3n e innovaci\u00f3n de perspectivas que tienen como punto de partida referentes conceptuales y metodolog\u00edas aportadas por el campo de estudios de memoria. Memorias, en plural, mediadas por la reconstrucci\u00f3n y recreaci\u00f3n de experiencias pret\u00e9ritas e identitarias, que recurren al cuerpo, la imagen, la lengua, la tecnolog\u00eda y lo documental como expresiones de la configuraci\u00f3n y visibilidad de pasados que se muestran en continua disputa. Se trata de un grupo de <i>memorias ejemplares<\/i>, como las definidas por Todorov, que no se limitan a reconstruir el pasado, sino que apuntan a aprehender de sus lecciones para el presente y el futuro [Freddy A. Guerrero].<\/p>\n<p style=\"text-align: justify;\"><strong>C\u00f3mo citar (APA):<\/strong> Bar\u00f3n, L.F. y Abad\u00eda, A.A. (2021). <i>Historia(s), relatos y memorias. Miradas desde lo local<\/i>. Colombia: Universidad Icesi y Tirant lo Blanch. DOI: <a href=\"https:\/\/doi.org\/10.18046\/EUI\/tirant.2021.1\" target=\"_blank\" rel=\"noopener noreferrer\">https:\/\/doi.org\/10.18046\/EUI\/tirant.2021.1<\/a><\/p>\n<p><span class=\"__dimensions_badge_embed__\" data-doi=\"10.18046\/EUI\/tirant.2021.1\" data-hide-zero-citations=\"true\" data-legend=\"hover-right\" data-style=\"small_circle\"><\/span><script async=\"\" src=\"https:\/\/badge.dimensions.ai\/badge.js\" charset=\"utf-8\"><\/script><br \/><\/li><li class=\"tab-pane \" id=\"ert_pane1-1\"><strong>Tabla de contenido:<\/strong><\/p>\n<p>Presentaci\u00f3n<\/p>\n<p>A manera de introducci\u00f3n: memorias desde lo local<br \/>\n<i>Freddy A. Guerrero<\/i><\/p>\n<p><b>1 \/ <i>Negaciones implausibles<\/i>: Chiquita Brands y la violencia antisindical en el Urab\u00e1 colombiano<\/b><br \/>\n<i>Juan Gabriel G\u00f3mez Albarello<\/i><\/p>\n<p><b>2 \/ Odio y venganza en la guerra civil colombiana. Patrones en los asesinatos a excombatientes de las FARC<\/b><br \/>\n<i>Gloria Mar\u00eda Gallego Garc\u00eda<\/i><\/p>\n<p><b>3 \/ La memoria y las facultades de la imaginaci\u00f3n: usos del pasado y producci\u00f3n del futuro en el norte del Cauca<\/b><br \/>\n<i>Enrique Jaramillo Buenaventura<\/i><\/p>\n<p><b>4 \/ Infraestructura para el naciente capitalismo local. Relaciones entre \u00e9lites pol\u00edticas y econ\u00f3micas, Cali 1910-1940<\/b><br \/>\n<i>Guido Germ\u00e1n Hurtado Vera<\/i><\/p>\n<p><b>5 \/ Cuerpo y memoria en el proceso hist\u00f3rico Kuankuamo<\/b><br \/>\n<i>Daniel Mateus Arciniegas<\/i><\/p>\n<p><b>6 \/ \u201cUna machete\u201d: mapas parlantes, luchas ind\u00edgenas, historias y memorias emblem\u00e1ticas<\/b><br \/>\n<i>Jaime Eduardo Londo\u00f1o Motta<\/i><\/p>\n<p><b>7 \/ Fotohistorias: m\u00e9todo para investigar memorias con fotograf\u00eda participativa<\/b><br \/>\n<i>Ricardo G\u00f3mez<\/i><\/p>\n<p><b>8 \/ Migraciones, comunicaci\u00f3n y tecnolog\u00edas. Historias desde el Pac\u00edfico Colombiano<\/b><br \/>\n<i>Luis Fernando Bar\u00f3n<\/i><\/p>\n<p>Sobre los autores<br \/><\/li><li class=\"tab-pane \" id=\"ert_pane1-2\"><ul>\n<li style=\"text-align: justify;\"><a href=\"https:\/\/orcid.org\/0000-0001-9097-763X\" target=\"_blank\" title=\"ORCID iD\" rel=\"noopener noreferrer\"><img loading=\"lazy\" decoding=\"async\" class=\"alignnone size-full wp-image-1012\" src=\"http:\/\/www.icesi.edu.co\/editorial\/wp-content\/uploads\/2020\/06\/ORCIDiD_icon16x16.png\" style=\"margin-right: 6px;\" alt=\"Icono ORCID\" width=\"16\" height=\"16\"><\/a><b>Juan Gabriel Gomez Albarello<\/b>, Universidad Nacional de Colombia (Bogot\u00e1, Colombia)<\/li>\n<li style=\"text-align: justify;\"><a href=\"https:\/\/orcid.org\/0000-0003-2316-2929\" target=\"_blank\" title=\"ORCID iD\" rel=\"noopener noreferrer\"><img loading=\"lazy\" decoding=\"async\" class=\"alignnone size-full wp-image-1012\" src=\"http:\/\/www.icesi.edu.co\/editorial\/wp-content\/uploads\/2020\/06\/ORCIDiD_icon16x16.png\" style=\"margin-right: 6px;\" alt=\"Icono ORCID\" width=\"16\" height=\"16\"><\/a><b>Gloria Mar\u00eda Gallego Garc\u00eda<\/b>, Universidad EAFIT (Medell\u00edn, Colombia)<\/li>\n<li style=\"text-align: justify;\"><b>Enrique Jaramillo B.<\/b>, Universidad Icesi (Cali, Colombia)<\/li>\n<li style=\"text-align: justify;\"><b>Guido Germ\u00e1n Hurtado Vera<\/b>, Universidad Aut\u00f3noma de Occidente (Cali, Colombia)<\/li>\n<li style=\"text-align: justify;\"><b>Daniel Mateus Arciniegas<\/b>, Pontificia Universidad Javeriana (Bogot\u00e1, Colombia)<\/li>\n<li style=\"text-align: justify;\"><a href=\"https:\/\/orcid.org\/0000-0002-2128-727X\" target=\"_blank\" title=\"ORCID iD\" rel=\"noopener noreferrer\"><img loading=\"lazy\" decoding=\"async\" class=\"alignnone size-full wp-image-1012\" src=\"http:\/\/www.icesi.edu.co\/editorial\/wp-content\/uploads\/2020\/06\/ORCIDiD_icon16x16.png\" style=\"margin-right: 6px;\" alt=\"Icono ORCID\" width=\"16\" height=\"16\"><\/a><b>Jaime Eduardo Londo\u00f1o M.<\/b>, Universidad Icesi (Cali, Colombia)<\/li>\n<li style=\"text-align: justify;\"><a href=\"https:\/\/orcid.org\/0000-0002-4878-660X\" target=\"_blank\" title=\"ORCID iD\" rel=\"noopener noreferrer\"><img loading=\"lazy\" decoding=\"async\" class=\"alignnone size-full wp-image-1012\" src=\"http:\/\/www.icesi.edu.co\/editorial\/wp-content\/uploads\/2020\/06\/ORCIDiD_icon16x16.png\" style=\"margin-right: 6px;\" alt=\"Icono ORCID\" width=\"16\" height=\"16\"><\/a><b>Ricardo G\u00f3mez<\/b>, University of Washington (Seattle, EE.UU.)<\/li>\n<li style=\"text-align: justify;\"><a href=\"https:\/\/orcid.org\/0000-0002-4724-8869\" target=\"_blank\" title=\"ORCID iD\" rel=\"noopener noreferrer\"><img loading=\"lazy\" decoding=\"async\" class=\"alignnone size-full wp-image-1012\" src=\"http:\/\/www.icesi.edu.co\/editorial\/wp-content\/uploads\/2020\/06\/ORCIDiD_icon16x16.png\" style=\"margin-right: 6px;\" alt=\"Icono ORCID\" width=\"16\" height=\"16\"><\/a><b>Luis Fernando Bar\u00f3n<\/b>, Universidad Icesi (Cali, Colombia)<\/li>\n<\/ul><\/li><li class=\"tab-pane \" id=\"ert_pane1-3\"><table>\n<tbody>\n<tr class=\"first odd\">\n<th width=\"150\">\n<p style=\"text-align: left;\">T\u00edtulo (ingl\u00e9s):<\/p>\n<\/th>\n<td class=\"data last\">History(s), stories and memories. Local views.<\/td>\n<\/tr>\n<tr class=\"even\">\n<th>\n<p style=\"text-align: left;\">DOI\/URL:<\/p>\n<\/th>\n<td class=\"data last\"><a href=\"https:\/\/doi.org\/10.18046\/EUI\/tirant.2021.1\" target=\"_blank\" rel=\"noopener noreferrer\">https:\/\/doi.org\/10.18046\/EUI\/tirant.2021.1<\/a><\/td>\n<\/tr>\n<tr class=\"odd\">\n<th>\n<p style=\"text-align: left;\">Editoriales:<\/p>\n<\/th>\n<td class=\"data last\"> Universidad Icesi y Tirant lo Blanch.<\/td>\n<\/tr>\n<tr class=\"even\">\n<th>\n<p style=\"text-align: left;\">Autor(es):<\/p>\n<\/th>\n<td class=\"data last\">Juan Gabriel G\u00f3mez Albarello, Gloria Mar\u00eda Gallego Garc\u00eda, Enrique Jaramillo B., Guido Germ\u00e1n Hurtado Vera, Daniel Mateus Arciniegas, Jaime Eduardo Londo\u00f1o, Ricardo G\u00f3mez y Luis Fernando Bar\u00f3n.<\/td>\n<\/tr>\n<tr class=\"odd\">\n<th>\n<p style=\"text-align: left;\">Palabras clave:<\/p>\n<\/th>\n<td class=\"data last\">Historia, Relatos, Memorias, Etnograf\u00eda.<\/td>\n<\/tr>\n<tr class=\"even\">\n<th>\n<p style=\"text-align: left;\">ISBN:<\/p>\n<\/th>\n<td class=\"data last\">978-84-18802-04-1 \/ 978-84-18802-05-8 (eBook).<\/td>\n<\/tr>\n<tr class=\"odd\">\n<th>\n<p style=\"text-align: left;\">Fecha de edici\u00f3n:<\/p>\n<\/th>\n<td class=\"data last\">2021.<\/td>\n<\/tr>\n<tr class=\"even\">\n<th>\n<p style=\"text-align: left;\">No. de p\u00e1ginas:<\/p>\n<\/th>\n<td class=\"data last\">436.<\/td>\n<\/tr>\n<tr class=\"odd\">\n<th>\n<p style=\"text-align: left;\">Idioma(s):<\/p>\n<\/th>\n<td class=\"data last\">Espa\u00f1ol.<\/td>\n<\/tr>\n<tr class=\"even\">\n<th>\n<p style=\"text-align: left;\">Formato(s):<\/p>\n<\/th>\n<td class=\"data last\">Libro impreso (tapa r\u00fastica) y libro electr\u00f3nico.<\/td>\n<\/tr>\n<tr class=\"odd\">\n<th>\n<p style=\"text-align: left;\">Alto x ancho:<\/p>\n<\/th>\n<td class=\"data last\">21,5 x 15 cm.<\/td>\n<\/tr>\n<tr class=\"even\">\n<th>\n<p style=\"text-align: left;\">Colecci\u00f3n:<\/p>\n<\/th>\n<td class=\"data last\">Coedici\u00f3n con Tirant lo Blanch (2).<\/td>\n<\/tr>\n<tr class=\"odd\">\n<th>\n<p style=\"text-align: left;\">Producto:<\/p>\n<\/th>\n<td class=\"data last\">Libro de investigaci\u00f3n.<\/td>\n<\/tr>\n<tr class=\"even\">\n<th>\n<p style=\"text-align: left;\">Observaciones:<\/p>\n<\/th>\n<td class=\"data last\">Incluye referencias bibliogr\u00e1ficas.<\/td>\n<\/tr>\n<tr class=\"last odd\">\n<th>\n<p style=\"text-align: left;\">Registro DSpace:<\/p>\n<\/th>\n<td class=\"data last\"><a href=\"https:\/\/doi.org\/10.18046\/EUI\/tirant.2021.1\" target=\"_blank\" rel=\"noopener noreferrer\"><img loading=\"lazy\" decoding=\"async\" class=\"alignnone size-full wp-image-1012\" src=\"http:\/\/www.icesi.edu.co\/editorial\/wp-content\/uploads\/2016\/04\/downloadIcon-e1460499009176.png\" alt=\"Icono de Repositorio - Contenido en la Nube\" width=\"25\" height=\"25\"><\/a><\/td>\n<\/tr>\n<\/tbody>\n<\/table><\/li><\/ul><\/div><\/div>\n","protected":false},"excerpt":{"rendered":"<p>T\u00edtulo completo: Historia(s), relatos y memorias. Miradas desde lo local. Editores acad\u00e9micos: Luis Fernando Bar\u00f3n y Adolfo A. Abad\u00eda. Autores: Juan Gabriel G\u00f3mez Albarello, Gloria Mar\u00eda Gallego Garc\u00eda, Enrique Jaramillo B., Guido Germ\u00e1n Hurtado Vera, Daniel Mateus Arciniegas, Jaime Eduardo Londo\u00f1o, Ricardo G\u00f3mez y Luis Fernando Bar\u00f3n. Editoriales: Universidad Icesi y Tirant lo Blanch. ISBN: [&hellip;]<\/p>\n","protected":false},"author":3,"featured_media":6071,"comment_status":"closed","ping_status":"closed","sticky":false,"template":"","format":"standard","meta":{"footnotes":""},"categories":[797],"tags":[72,224,247,274,294,395,473,504,557,671,672,682,755,774],"class_list":["post-6015","post","type-post","status-publish","format-standard","has-post-thumbnail","hentry","category-tirant-icesi","tag-fdcs","tag-coedicion","tag-luis-fernando-baron-porras","tag-libro-de-investigacion","tag-ricardo-gomez","tag-historia","tag-jaime-eduardo-londono-motta","tag-etnografia","tag-enrique-jaramillo-buenaventura","tag-tirant-lo-blanch","tag-memoria","tag-682","tag-herramientas-metodologicas","tag-filcali-2021"],"_links":{"self":[{"href":"https:\/\/www.icesi.edu.co\/editorial\/wp-json\/wp\/v2\/posts\/6015","targetHints":{"allow":["GET"]}}],"collection":[{"href":"https:\/\/www.icesi.edu.co\/editorial\/wp-json\/wp\/v2\/posts"}],"about":[{"href":"https:\/\/www.icesi.edu.co\/editorial\/wp-json\/wp\/v2\/types\/post"}],"author":[{"embeddable":true,"href":"https:\/\/www.icesi.edu.co\/editorial\/wp-json\/wp\/v2\/users\/3"}],"replies":[{"embeddable":true,"href":"https:\/\/www.icesi.edu.co\/editorial\/wp-json\/wp\/v2\/comments?post=6015"}],"version-history":[{"count":10,"href":"https:\/\/www.icesi.edu.co\/editorial\/wp-json\/wp\/v2\/posts\/6015\/revisions"}],"predecessor-version":[{"id":7344,"href":"https:\/\/www.icesi.edu.co\/editorial\/wp-json\/wp\/v2\/posts\/6015\/revisions\/7344"}],"wp:featuredmedia":[{"embeddable":true,"href":"https:\/\/www.icesi.edu.co\/editorial\/wp-json\/wp\/v2\/media\/6071"}],"wp:attachment":[{"href":"https:\/\/www.icesi.edu.co\/editorial\/wp-json\/wp\/v2\/media?parent=6015"}],"wp:term":[{"taxonomy":"category","embeddable":true,"href":"https:\/\/www.icesi.edu.co\/editorial\/wp-json\/wp\/v2\/categories?post=6015"},{"taxonomy":"post_tag","embeddable":true,"href":"https:\/\/www.icesi.edu.co\/editorial\/wp-json\/wp\/v2\/tags?post=6015"}],"curies":[{"name":"wp","href":"https:\/\/api.w.org\/{rel}","templated":true}]}}