{"id":6144,"date":"2021-10-30T12:12:00","date_gmt":"2021-10-30T17:12:00","guid":{"rendered":"http:\/\/www.icesi.edu.co\/editorial\/?p=6144"},"modified":"2025-11-07T18:14:52","modified_gmt":"2025-11-07T23:14:52","slug":"tecnologia-innovacion-efectividad-operativa","status":"publish","type":"post","link":"https:\/\/www.icesi.edu.co\/editorial\/tecnologia-innovacion-efectividad-operativa\/","title":{"rendered":"Tecnolog\u00eda, innovaci\u00f3n y efectividad operativa"},"content":{"rendered":"<div class=\"ead-preview\"><div class=\"ead-document\" style=\"position: relative;\"><div class=\"ead-iframe-wrapper\"><iframe src=\"\/\/docs.google.com\/viewer?url=https%3A%2F%2Frepository.icesi.edu.co%2Fbitstreams%2F5bb542a0-3da6-460d-8921-996204a6a256%2Fdownload&amp;embedded=true&amp;hl=en\" title=\"Embedded Document\" class=\"ead-iframe\" style=\"width: 0px;height: 0px;border: none;visibility: hidden;\"><\/iframe><\/div>\t\t\t<div class=\"ead-document-loading\" style=\"width:100%;height:100%;position:absolute;left:0;top:0;z-index:10;\">\n\t\t\t\t<div class=\"ead-loading-wrap\">\n\t\t\t\t\t<div class=\"ead-loading-main\">\n\t\t\t\t\t\t<div class=\"ead-loading\">\n\t\t\t\t\t\t\t<img loading=\"lazy\" decoding=\"async\" src=\"https:\/\/www.icesi.edu.co\/editorial\/wp-content\/plugins\/embed-any-document\/images\/loading.svg\" width=\"55\" height=\"55\" alt=\"Loader\">\n\t\t\t\t\t\t\t<span>Loading...<\/span>\n\t\t\t\t\t\t<\/div>\n\t\t\t\t\t<\/div>\n\t\t\t\t\t<div class=\"ead-loading-foot\">\n\t\t\t\t\t\t<div class=\"ead-loading-foot-title\">\n\t\t\t\t\t\t\t<img loading=\"lazy\" decoding=\"async\" src=\"https:\/\/www.icesi.edu.co\/editorial\/wp-content\/plugins\/embed-any-document\/images\/EAD-logo.svg\" alt=\"EAD Logo\" width=\"36\" height=\"23\"\/>\n\t\t\t\t\t\t\t<span>Taking too long?<\/span>\n\t\t\t\t\t\t<\/div>\n\t\t\t\t\t\t<p>\n\t\t\t\t\t\t\t<div class=\"ead-document-btn ead-reload-btn\" role=\"button\">\n\t\t\t\t\t\t\t\t<img loading=\"lazy\" decoding=\"async\" src=\"https:\/\/www.icesi.edu.co\/editorial\/wp-content\/plugins\/embed-any-document\/images\/reload.svg\" alt=\"Reload\" width=\"12\" height=\"12\"\/> Reload document\t\t\t\t\t\t\t<\/div>\n\t\t\t\t\t\t\t<span>|<\/span>\n\t\t\t\t\t\t\t<a href=\"https:\/\/docs.google.com\/viewer?url=https%3A%2F%2Frepository.icesi.edu.co%2Fbitstreams%2F5bb542a0-3da6-460d-8921-996204a6a256%2Fdownload&#038;hl=en\" class=\"ead-document-btn\" target=\"_blank\" rel=\"noopener\">\n\t\t\t\t\t\t\t\t<img loading=\"lazy\" decoding=\"async\" src=\"https:\/\/www.icesi.edu.co\/editorial\/wp-content\/plugins\/embed-any-document\/images\/open.svg\" alt=\"Open\" width=\"12\" height=\"12\"\/> Open in new tab\t\t\t\t\t\t\t<\/a>\n\t\t\t\t\t<\/div>\n\t\t\t\t<\/div>\n\t\t\t<\/div>\n\t\t<\/div><p class=\"embed_download\"><a href=\"https:\/\/repository.icesi.edu.co\/bitstreams\/5bb542a0-3da6-460d-8921-996204a6a256\/download\" download target=\"_blank\" rel=\"noopener\">Download\/Descargar <\/a><\/p><\/div>\n<strong>T\u00edtulo completo:<\/strong> Regiones inteligentes: la tecnolog\u00eda, la innovaci\u00f3n y la efectividad operativa.<br \/>\n<strong>Editores:<\/strong> Ricardo Santa, Diego Morante y Thomas Tegethoff.<br \/>\n<strong>Autores:<\/strong> Ricardo Santa, Thomas Tegethoff, Diego Morante, Sayda Milena Pico, Elisa Mar\u00eda Pinz\u00f3n, Claudia Marcela Sanz, Fernando Escobar, Ana Milena Silva, Juan Sebasti\u00e1n Santa, Jorge Iv\u00e1n R\u00edos, Sandra Cristina Riascos Erazo, Luis Alfonso Salazar Melenge, Alexander Garc\u00eda D\u00e1valos, Daniela Walles Pe\u00f1aloza, Gustavo Agudelo, Martha Lucia Cruz, Leidi Ruano, Mercedes Fajardo, Erick Calvo y Mario Ferrer.<br \/>\n<strong>Editoriales:<\/strong> Escuela Militar de Aviaci\u00f3n \u201cMarco Fidel Su\u00e1rez\u201d (EMAVI) y Editorial Universidad Icesi.<br \/>\n<strong>A\u00f1o de edici\u00f3n:<\/strong> 2021 | <strong>ISBN:<\/strong> 978-958-53777-0-7 \/ 978-958-53777-1-4 (PDF).<br \/>\n<span id=\"post-ratings-6144\" class=\"post-ratings\" data-nonce=\"569f8cb4e1\"><img decoding=\"async\" id=\"rating_6144_1\" src=\"https:\/\/www.icesi.edu.co\/editorial\/wp-content\/plugins\/wp-postratings\/images\/stars_crystal\/rating_on.gif\" alt=\"1 estrella\" title=\"1 estrella\" onmouseover=\"current_rating(6144, 1, '1 estrella');\" onmouseout=\"ratings_off(5, 0, 0);\" onclick=\"rate_post();\" onkeypress=\"rate_post();\" style=\"cursor: pointer; border: 0px;\" \/><img decoding=\"async\" id=\"rating_6144_2\" src=\"https:\/\/www.icesi.edu.co\/editorial\/wp-content\/plugins\/wp-postratings\/images\/stars_crystal\/rating_on.gif\" alt=\"2 estrellas\" title=\"2 estrellas\" onmouseover=\"current_rating(6144, 2, '2 estrellas');\" onmouseout=\"ratings_off(5, 0, 0);\" onclick=\"rate_post();\" onkeypress=\"rate_post();\" style=\"cursor: pointer; border: 0px;\" \/><img decoding=\"async\" id=\"rating_6144_3\" src=\"https:\/\/www.icesi.edu.co\/editorial\/wp-content\/plugins\/wp-postratings\/images\/stars_crystal\/rating_on.gif\" alt=\"3 estrellas\" title=\"3 estrellas\" onmouseover=\"current_rating(6144, 3, '3 estrellas');\" onmouseout=\"ratings_off(5, 0, 0);\" onclick=\"rate_post();\" onkeypress=\"rate_post();\" style=\"cursor: pointer; border: 0px;\" \/><img decoding=\"async\" id=\"rating_6144_4\" src=\"https:\/\/www.icesi.edu.co\/editorial\/wp-content\/plugins\/wp-postratings\/images\/stars_crystal\/rating_on.gif\" alt=\"4 estrellas\" title=\"4 estrellas\" onmouseover=\"current_rating(6144, 4, '4 estrellas');\" onmouseout=\"ratings_off(5, 0, 0);\" onclick=\"rate_post();\" onkeypress=\"rate_post();\" style=\"cursor: pointer; border: 0px;\" \/><img decoding=\"async\" id=\"rating_6144_5\" src=\"https:\/\/www.icesi.edu.co\/editorial\/wp-content\/plugins\/wp-postratings\/images\/stars_crystal\/rating_on.gif\" alt=\"5 estrellas\" title=\"5 estrellas\" onmouseover=\"current_rating(6144, 5, '5 estrellas');\" onmouseout=\"ratings_off(5, 0, 0);\" onclick=\"rate_post();\" onkeypress=\"rate_post();\" style=\"cursor: pointer; border: 0px;\" \/> (<strong>6<\/strong> votos, promedio: <strong>5,00<\/strong> sobre 5)<br \/><span class=\"post-ratings-text\" id=\"ratings_6144_text\"><\/span><\/span><span id=\"post-ratings-6144-loading\" class=\"post-ratings-loading\"><img loading=\"lazy\" decoding=\"async\" src=\"https:\/\/www.icesi.edu.co\/editorial\/wp-content\/plugins\/wp-postratings\/images\/loading.gif\" width=\"16\" height=\"16\" class=\"post-ratings-image\" \/>Loading...<\/span>\n<table style=\"border: none;\">\n<tbody style=\"border: none;\">\n<tr valign=\"top\">\n<td valign=\"top\" style=\"border: none; vertical-align: top; height: 50%; width: 125px;\"><script type=\"text\/javascript\" src=\"\/\/cdn.plu.mx\/widget-popup.js\"><\/script><a class=\"plumx-plum-print-popup\" href=\"https:\/\/plu.mx\/plum\/a\/?doi=10.18046\/EUI\/ee.6.2021\" data-popup=\"right\" data-size=\"large\" data-site=\"plum\" data-hide-when-empty=\"true\" data-lang=\"es\" target=\"_blank\" rel=\"noopener\">Regiones inteligentes: la tecnolog\u00eda, la innovaci\u00f3n y la efectividad operativa<\/a>\n<\/td>\n<td style=\"border: none; vertical-align: top; height: 50%; width: 125px;\"><script type=\"text\/javascript\" src=\"https:\/\/d1bxh8uas1mnw7.cloudfront.net\/assets\/embed.js\"><\/script><\/p>\n<div class=\"altmetric-embed\" data-badge-type=\"donut\" data-altmetric-id=\"\"><\/div>\n<\/td>\n<td style=\"border: none; vertical-align: middle;\"><span class=\"__dimensions_badge_embed__\" data-doi=\"10.18046\/EUI\/ee.6.2021\" data-hide-zero-citations=\"true\" data-legend=\"hover-right\" data-style=\"small_circle\"><\/span><script async=\"\" src=\"https:\/\/badge.dimensions.ai\/badge.js\" charset=\"utf-8\"><\/script><\/td>\n<\/tr>\n<\/tbody>\n<\/table>\n<div class=\"osc-res-tab tabbable   osc-tabs-left\"><div style=\"clear:both;width: 100%;\"><ul class=\"nav osc-res-nav nav-pills osc-tabs-left-ul\" id=\"oscitas-restabs-1-tecnologia-innovacion-efectividad-operativa-85457\"><li class=\"active\"><a href=\"#ert_pane1-0\" data-toggle=\"tab\">Descripci\u00f3n<\/a><\/li><li class=\"\"><a href=\"#ert_pane1-1\" data-toggle=\"tab\">Contenido<\/a><\/li><li class=\"\"><a href=\"#ert_pane1-2\" data-toggle=\"tab\">Autor(es)<\/a><\/li><li class=\"\"><a href=\"#ert_pane1-3\" data-toggle=\"tab\">Catalogaci\u00f3n<\/a><\/li><\/ul><\/div><div style=\"clear:both;width: 100%;\"><ul class=\"tab-content\" id=\"oscitas-restabcontent-1-tecnologia-innovacion-efectividad-operativa-85457\"><li class=\"tab-pane active\" id=\"ert_pane1-0\"><p style=\"text-align: justify;\">El libro <i>Regiones inteligentes: la tecnolog\u00eda, la innovaci\u00f3n y la efectividad operativa<\/i> tiene como objetivo evaluar las capacidades de diferentes organizaciones colombianas para enfrentar el reto de transformaci\u00f3n hacia la Industria 4.0, enfocado desde la tecnolog\u00eda e innovaci\u00f3n para generar un desempe\u00f1o \u00f3ptimo o, en los t\u00e9rminos del libro, alcanzar una efectividad que induzca a la competitividad de las organizaciones [Ricardo Santa, Diego Morante y Thomas Tegethoff].<\/p>\n<p style=\"text-align: justify;\"><strong>C\u00f3mo citar (APA):<\/strong> Santa, R.; Morante, D. y Tegethoff, T. (eds.) (2021). <i>Regiones inteligentes: la tecnolog\u00eda, la innovaci\u00f3n y la efectividad operativa<\/i>. Cali: Escuela Militar de Aviaci\u00f3n \u201cMarco Fidel Su\u00e1rez\u201d (EMAVI) y Editorial Universidad Icesi. DOI: <a href=\"https:\/\/doi.org\/10.18046\/EUI\/ee.6.2021\" target=\"_blank\" rel=\"noopener noreferrer\">https:\/\/doi.org\/10.18046\/EUI\/ee.6.2021<\/a><\/p><\/li><li class=\"tab-pane \" id=\"ert_pane1-1\"><strong>Tabla de contenido:<\/strong><\/p>\n<p>Pr\u00f3logo<\/p>\n<p>Introducci\u00f3n<br \/>\n<i>Ricardo Santa, Thomas Tegethoff y Diego Morante<\/i><\/p>\n<p><strong>1 \/ El impacto de la estrategia sobre la innovaci\u00f3n en procesos, tecnolog\u00edas aditivas y la efectividad operacional \u2013 Hacia la implementaci\u00f3n de la Industria 4.0 en Colombia<\/strong><br \/>\n<i>Thomas Tegethoff, Ricardo Santa y Diego Morante<\/i><\/p>\n<p><strong>2 \/ Impacto de la innovaci\u00f3n tecnol\u00f3gica en el desempe\u00f1o de las organizaciones del sector salud (la comunicaci\u00f3n, el tiempo de servicio al paciente y la colaboraci\u00f3n)<\/strong><br \/>\n<i>Sayda Milena Pico, Elisa Mar\u00eda Pinz\u00f3n, Claudia Marcela Sanz, Diego Morante, Thomas Tegethoff y Ricardo Santa<\/i><\/p>\n<p><strong>3 \/ Ciudadan\u00eda organizacional, justicia organizacional, confianza organizacional y el impacto en la efectividad operativa<\/strong><br \/>\n<i>Ricardo Santa, Fernando Escobar, Diego Morante y Ana Milena Silva<\/i><\/p>\n<p><strong>4 \/ El impacto del Liderazgo Transformacional y Transaccional, en la Inteligencia Emocional y la Efectividad Operacional<\/strong><br \/>\n<i>Juan Sebasti\u00e1n Santa, Jorge Iv\u00e1n R\u00edos, Ricardo Santa, Diego Morante y Ana Milena Silva<\/i><\/p>\n<p><strong>5 \/ Transferencia de Tecnolog\u00eda, Capacidad de absorci\u00f3n, aprendizaje organizacional y calidad en las operaciones en el Valle del Cauca<\/strong><br \/>\n<i>Sandra Cristina Riascos Erazo, Luis Alfonso Salazar Melenge y Ricardo Santa<\/i><\/p>\n<p><strong>6 \/ La confianza en las alianzas estrat\u00e9gicas y su incidencia en la efectividad operativa de las empresas vallecaucanas<\/strong><br \/>\n<i>Alexander Garc\u00eda D\u00e1valos, Daniela Walles Pe\u00f1aloza, Gustavo Agudelo y Ricardo Santa<\/i><\/p>\n<p><strong>7 \/ \u00bfEs suficiente la innovaci\u00f3n abierta para lograr un desempe\u00f1o superior en las Pymes manufactureras del Valle del Cauca? el rol mediador del desempe\u00f1o innovador<\/strong><br \/>\n<i>Martha Lucia Cruz, Ricardo Santa, Thomas Tegethoff, Ana Milena Silva, Leidi Ruano y Mercedes Fajardo<\/i><\/p>\n<p><strong>8 \/ Impulsores claves de Producci\u00f3n Optimizada en empresas manufactureras: An\u00e1lisis comparativo entre Colombia y otros pa\u00edses de Sur Am\u00e9rica<\/strong><br \/>\n<i>Erick Calvo, Mario Ferrer y Ricardo Santa<\/i><\/p>\n<p>Sobre los autores<br \/><\/li><li class=\"tab-pane \" id=\"ert_pane1-2\"><ul>\n<li style=\"text-align: justify;\"><a title=\"ORCID iD\" href=\"https:\/\/orcid.org\/0000-0003-2584-2928\" target=\"_blank\" rel=\"noopener noreferrer\"><img loading=\"lazy\" decoding=\"async\" class=\"alignnone size-full wp-image-1012\" style=\"margin-right: 6px;\" src=\"http:\/\/www.icesi.edu.co\/editorial\/wp-content\/uploads\/2020\/06\/ORCIDiD_icon16x16.png\" alt=\"Icono ORCID\" width=\"16\" height=\"16\"><\/a><b>Ricardo Santa<\/b>, Universidad Icesi (Cali, Colombia)<\/li>\n<li style=\"text-align: justify;\"><a title=\"ORCID iD\" href=\"https:\/\/orcid.org\/0000-0003-4007-0508\" target=\"_blank\" rel=\"noopener noreferrer\"><img loading=\"lazy\" decoding=\"async\" class=\"alignnone size-full wp-image-1012\" style=\"margin-right: 6px;\" src=\"http:\/\/www.icesi.edu.co\/editorial\/wp-content\/uploads\/2020\/06\/ORCIDiD_icon16x16.png\" alt=\"Icono ORCID\" width=\"16\" height=\"16\"><\/a><b>Thomas Tegethoff<\/b>, Universidad Icesi (Cali, Colombia)<\/li>\n<li style=\"text-align: justify;\"><b>Diego Morante<\/b>, Escuela Militar de Aviaci\u00f3n &#8220;Marco Fidel Su\u00e1rez&#8221; (Emavi) (Cali, Colombia)<\/li>\n<li style=\"text-align: justify;\"><b>Sayda Milena Pico<\/b>, Pontificia Universidad Javeriana (Cali, Colombia)<\/li>\n<li style=\"text-align: justify;\"><b>Elisa Maria Pinz\u00f3n<\/b>, Fundaci\u00f3n Universitaria San Martin (Colombia)<\/li>\n<li style=\"text-align: justify;\"><b>Claudia Marcela Sanz<\/b>, Universidad San Buenaventura (Cali, Colombia)<\/li>\n<li style=\"text-align: justify;\"><b>Fernando Escobar<\/b>, Escuela Militar de Aviaci\u00f3n &#8220;Marco Fidel Su\u00e1rez&#8221; (Emavi) (Cali, Colombia)<\/li>\n<li style=\"text-align: justify;\"><b>Ana Milena Silva<\/b>, Universidad Icesi (Cali, Colombia)<\/li>\n<li style=\"text-align: justify;\"><a title=\"ORCID iD\" href=\"https:\/\/orcid.org\/0000-0002-8326-1243\" target=\"_blank\" rel=\"noopener noreferrer\"><img loading=\"lazy\" decoding=\"async\" class=\"alignnone size-full wp-image-1012\" style=\"margin-right: 6px;\" src=\"http:\/\/www.icesi.edu.co\/editorial\/wp-content\/uploads\/2020\/06\/ORCIDiD_icon16x16.png\" alt=\"Icono ORCID\" width=\"16\" height=\"16\"><\/a><b>Martha Lucia Cruz Rinc\u00f3n<\/b>, Universidad Icesi (Cali, Colombia)<\/li>\n<li style=\"text-align: justify;\"><b>Jorge Iv\u00e1n R\u00edos<\/b>, Universidad Tecnol\u00f3gica de Pereira (Colombia)<\/li>\n<li style=\"text-align: justify;\"><b>Juan Sebasti\u00e1n Santa<\/b>, Universidad Tecnol\u00f3gica de Pereira (Colombia)<\/li>\n<li style=\"text-align: justify;\"><b>Leidi Ruano<\/b>, Universidad del Valle (Cali, Colombia)<\/li>\n<li style=\"text-align: justify;\"><b>Mercedes Fajardo<\/b>, Escuela Militar de Aviaci\u00f3n &#8220;Marco Fidel Su\u00e1rez&#8221; (Emavi) (Cali, Colombia)<\/li>\n<li style=\"text-align: justify;\"><b>Erick Calvo<\/b>, Universidad del Atl\u00e1ntico (Barranquilla, Colombia)<\/li>\n<li style=\"text-align: justify;\"><b>Mario Ferrer<\/b>, Alfaisal University (Arabia Saudita)<\/li>\n<li style=\"text-align: justify;\"><b>Sandra Cristina Riascos Erazo<\/b>, Universidad del Valle (Cali, Colombia)<\/li>\n<li style=\"text-align: justify;\"><b>Luis Alfonso Salazar Melenge<\/b>, Universidad del Valle (Cali, Colombia)<\/li>\n<li style=\"text-align: justify;\"><b>Alexander Garc\u00eda D\u00e1valos<\/b>, Universidad Aut\u00f3noma de Occidente (Cali, Colombia)<\/li>\n<li style=\"text-align: justify;\"><b>Daniela Walles Pe\u00f1aloza<\/b>, Universidad Aut\u00f3noma de Occidente (Cali, Colombia)<\/li>\n<li style=\"text-align: justify;\"><b>Gustavo Agudelo<\/b>, Universidad San Buenaventura (Cali, Colombia)<\/li>\n<\/ul><\/li><li class=\"tab-pane \" id=\"ert_pane1-3\"><table>\n<tbody>\n<tr class=\"first odd\">\n<th width=\"150\">\n<p style=\"text-align: left;\">T\u00edtulo (ingl\u00e9s):<\/p>\n<\/th>\n<td class=\"data last\">Smart regions: technology, innovation and operational effectiveness.<\/td>\n<\/tr>\n<tr class=\"even\">\n<th>\n<p style=\"text-align: left;\">DOI\/URL:<\/p>\n<\/th>\n<td class=\"data last\"><a href=\"https:\/\/doi.org\/10.18046\/EUI\/ee.6.2021\" target=\"_blank\" rel=\"noopener noreferrer\">https:\/\/doi.org\/10.18046\/EUI\/ee.6.2021<\/a><\/td>\n<\/tr>\n<tr class=\"odd\">\n<th>\n<p style=\"text-align: left;\">Editorial(es):<\/p>\n<\/th>\n<td class=\"data last\">Escuela Militar de Aviaci\u00f3n \u201cMarco Fidel Su\u00e1rez\u201d (EMAVI) y Editorial Universidad Icesi.<\/td>\n<\/tr>\n<tr class=\"even\">\n<th>\n<p style=\"text-align: left;\">Autor(es):<\/p>\n<\/th>\n<td class=\"data last\">Ricardo Santa, Thomas Tegethoff, Diego Morante, Sayda Milena Pico, Elisa Mar\u00eda Pinz\u00f3n, Claudia Marcela Sanz, Fernando Escobar, Ana Milena Silva, Juan Sebasti\u00e1n Santa, Jorge Iv\u00e1n R\u00edos, Sandra Cristina Riascos Erazo, Luis Alfonso Salazar Melenge, Alexander Garc\u00eda D\u00e1valos, Daniela Walles Pe\u00f1aloza, Gustavo Agudelo, Martha Lucia Cruz, Leidi Ruano, Mercedes Fajardo, Erick Calvo y Mario Ferrer.<\/td>\n<\/tr>\n<tr class=\"odd\">\n<th>\n<p style=\"text-align: left;\">Palabras clave:<\/p>\n<\/th>\n<td class=\"data last\">Regiones inteligentes, Tecnolog\u00eda, Innovaci\u00f3n y Efectividad operativa.<\/td>\n<\/tr>\n<tr class=\"even\">\n<th>\n<p style=\"text-align: left;\">ISBN:<\/p>\n<\/th>\n<td class=\"data last\">978-958-53777-0-7 \/ 978-958-53777-1-4 (PDF).<\/td>\n<\/tr>\n<tr class=\"odd\">\n<th>\n<p style=\"text-align: left;\">Fecha de edici\u00f3n:<\/p>\n<\/th>\n<td class=\"data last\">2021.<\/td>\n<\/tr>\n<tr class=\"even\">\n<th>\n<p style=\"text-align: left;\">No. de p\u00e1ginas:<\/p>\n<\/th>\n<td class=\"data last\">202.<\/td>\n<\/tr>\n<tr class=\"odd\">\n<th>\n<p style=\"text-align: left;\">Idioma(s):<\/p>\n<\/th>\n<td class=\"data last\">Espa\u00f1ol.<\/td>\n<\/tr>\n<tr class=\"even\">\n<th>\n<p style=\"text-align: left;\">Formato(s):<\/p>\n<\/th>\n<td class=\"data last\">Libro impreso (tapa r\u00fastica) y electr\u00f3nico (PDF).<\/td>\n<\/tr>\n<tr class=\"odd\">\n<th>\n<p style=\"text-align: left;\">Alto x ancho:<\/p>\n<\/th>\n<td class=\"data last\">24 x 17 cm<\/td>\n<\/tr>\n<tr class=\"even\">\n<th>\n<p style=\"text-align: left;\">Colecci\u00f3n:<\/p>\n<\/th>\n<td class=\"data last\">Coedici\u00f3n.<\/td>\n<\/tr>\n<tr class=\"odd\">\n<th>\n<p style=\"text-align: left;\">Producto:<\/p>\n<\/th>\n<td class=\"data last\">Libro de investigaci\u00f3n.<\/td>\n<\/tr>\n<tr class=\"even\">\n<th>\n<p style=\"text-align: left;\">Observaciones:<\/p>\n<\/th>\n<td class=\"data last\">Incluye referencias bibliogr\u00e1ficas.<\/td>\n<\/tr>\n<tr class=\"last odd\">\n<th>\n<p style=\"text-align: left;\">Registro DSpace:<\/p>\n<\/th>\n<td class=\"data last\"><a href=\"https:\/\/doi.org\/10.18046\/EUI\/ee.6.2021\" target=\"_blank\" rel=\"noopener noreferrer\"><img loading=\"lazy\" decoding=\"async\" class=\"alignnone size-full wp-image-1012\" src=\"http:\/\/www.icesi.edu.co\/editorial\/wp-content\/uploads\/2016\/04\/downloadIcon-e1460499009176.png\" alt=\"Icono de Repositorio - Contenido en la Nube\" width=\"25\" height=\"25\"><\/a><\/td>\n<\/tr>\n<\/tbody>\n<\/table><\/li><\/ul><\/div><\/div>\n","protected":false},"excerpt":{"rendered":"<p>T\u00edtulo completo: Regiones inteligentes: la tecnolog\u00eda, la innovaci\u00f3n y la efectividad operativa. Editores: Ricardo Santa, Diego Morante y Thomas Tegethoff. Autores: Ricardo Santa, Thomas Tegethoff, Diego Morante, Sayda Milena Pico, Elisa Mar\u00eda Pinz\u00f3n, Claudia Marcela Sanz, Fernando Escobar, Ana Milena Silva, Juan Sebasti\u00e1n Santa, Jorge Iv\u00e1n R\u00edos, Sandra Cristina Riascos Erazo, Luis Alfonso Salazar Melenge, [&hellip;]<\/p>\n","protected":false},"author":3,"featured_media":6190,"comment_status":"closed","ping_status":"closed","sticky":false,"template":"","format":"standard","meta":{"footnotes":""},"categories":[372],"tags":[80,224,268,274,311,465,566,567,585,682,774],"class_list":["post-6144","post","type-post","status-publish","format-standard","has-post-thumbnail","hentry","category-coediciones","tag-tecnologia","tag-coedicion","tag-fcae-2","tag-libro-de-investigacion","tag-innovacion","tag-descarga-gratuita","tag-escuela-militar-de-aviacion-marco-fidel-suarez-emavi","tag-regiones-inteligentes","tag-ricardo-santa","tag-682","tag-filcali-2021"],"_links":{"self":[{"href":"https:\/\/www.icesi.edu.co\/editorial\/wp-json\/wp\/v2\/posts\/6144","targetHints":{"allow":["GET"]}}],"collection":[{"href":"https:\/\/www.icesi.edu.co\/editorial\/wp-json\/wp\/v2\/posts"}],"about":[{"href":"https:\/\/www.icesi.edu.co\/editorial\/wp-json\/wp\/v2\/types\/post"}],"author":[{"embeddable":true,"href":"https:\/\/www.icesi.edu.co\/editorial\/wp-json\/wp\/v2\/users\/3"}],"replies":[{"embeddable":true,"href":"https:\/\/www.icesi.edu.co\/editorial\/wp-json\/wp\/v2\/comments?post=6144"}],"version-history":[{"count":9,"href":"https:\/\/www.icesi.edu.co\/editorial\/wp-json\/wp\/v2\/posts\/6144\/revisions"}],"predecessor-version":[{"id":8866,"href":"https:\/\/www.icesi.edu.co\/editorial\/wp-json\/wp\/v2\/posts\/6144\/revisions\/8866"}],"wp:featuredmedia":[{"embeddable":true,"href":"https:\/\/www.icesi.edu.co\/editorial\/wp-json\/wp\/v2\/media\/6190"}],"wp:attachment":[{"href":"https:\/\/www.icesi.edu.co\/editorial\/wp-json\/wp\/v2\/media?parent=6144"}],"wp:term":[{"taxonomy":"category","embeddable":true,"href":"https:\/\/www.icesi.edu.co\/editorial\/wp-json\/wp\/v2\/categories?post=6144"},{"taxonomy":"post_tag","embeddable":true,"href":"https:\/\/www.icesi.edu.co\/editorial\/wp-json\/wp\/v2\/tags?post=6144"}],"curies":[{"name":"wp","href":"https:\/\/api.w.org\/{rel}","templated":true}]}}