{"id":6178,"date":"2022-04-15T12:12:00","date_gmt":"2022-04-15T17:12:00","guid":{"rendered":"https:\/\/www.icesi.edu.co\/editorial\/?p=6178"},"modified":"2024-04-11T15:05:19","modified_gmt":"2024-04-11T20:05:19","slug":"fernando-gonzalez-rey","status":"publish","type":"post","link":"https:\/\/www.icesi.edu.co\/editorial\/fernando-gonzalez-rey\/","title":{"rendered":"El legado de Fernando Gonz\u00e1lez Rey"},"content":{"rendered":"<p><strong>T\u00edtulo completo:<\/strong> Aportes al desarrollo de la subjetividad desde la perspectiva hist\u00f3rico cultural. El legado de Fernando Gonz\u00e1lez Rey.<br \/>\n<strong>Editores:<\/strong> Omar Alejandro Bravo y \u00c1lvaro D\u00edaz G\u00f3mez.<br \/>\n<strong>Autores:<\/strong> Fernando Gonz\u00e1lez Rey (<i>In Memoriam<\/i>), Jos\u00e9 Fernando Pati\u00f1o Torres, Jorge Eduardo Moncayo Quevedo, Mar\u00eda del Mar P\u00e9rez Arizabaleta, Ana Mar\u00eda Calder\u00f3n Jaramillo, Daniel Magalh\u00e3es Goulart, \u00c1lvaro D\u00edaz G\u00f3mez y Omar Alejandro Bravo.<br \/>\n<strong>Prologuista:<\/strong> Albertina Mitj\u00e1ns Mart\u00ednez.<br \/>\n<strong>Editorial:<\/strong> Universidad Icesi y Tirant lo Blanch.<br \/>\n<strong>A\u00f1o de edici\u00f3n:<\/strong> 2022 | <strong>ISBN:<\/strong> 978-84-18970-35-1 \/ 978-84-18970-36-8 (eBook).<br \/>\n<span id=\"post-ratings-6178\" class=\"post-ratings\" data-nonce=\"23507157d0\"><img decoding=\"async\" id=\"rating_6178_1\" src=\"https:\/\/www.icesi.edu.co\/editorial\/wp-content\/plugins\/wp-postratings\/images\/stars_crystal\/rating_on.gif\" alt=\"1 estrella\" title=\"1 estrella\" onmouseover=\"current_rating(6178, 1, '1 estrella');\" onmouseout=\"ratings_off(4.9, 5, 0);\" onclick=\"rate_post();\" onkeypress=\"rate_post();\" style=\"cursor: pointer; border: 0px;\" \/><img decoding=\"async\" id=\"rating_6178_2\" src=\"https:\/\/www.icesi.edu.co\/editorial\/wp-content\/plugins\/wp-postratings\/images\/stars_crystal\/rating_on.gif\" alt=\"2 estrellas\" title=\"2 estrellas\" onmouseover=\"current_rating(6178, 2, '2 estrellas');\" onmouseout=\"ratings_off(4.9, 5, 0);\" onclick=\"rate_post();\" onkeypress=\"rate_post();\" style=\"cursor: pointer; border: 0px;\" \/><img decoding=\"async\" id=\"rating_6178_3\" src=\"https:\/\/www.icesi.edu.co\/editorial\/wp-content\/plugins\/wp-postratings\/images\/stars_crystal\/rating_on.gif\" alt=\"3 estrellas\" title=\"3 estrellas\" onmouseover=\"current_rating(6178, 3, '3 estrellas');\" onmouseout=\"ratings_off(4.9, 5, 0);\" onclick=\"rate_post();\" onkeypress=\"rate_post();\" style=\"cursor: pointer; border: 0px;\" \/><img decoding=\"async\" id=\"rating_6178_4\" src=\"https:\/\/www.icesi.edu.co\/editorial\/wp-content\/plugins\/wp-postratings\/images\/stars_crystal\/rating_on.gif\" alt=\"4 estrellas\" title=\"4 estrellas\" onmouseover=\"current_rating(6178, 4, '4 estrellas');\" onmouseout=\"ratings_off(4.9, 5, 0);\" onclick=\"rate_post();\" onkeypress=\"rate_post();\" style=\"cursor: pointer; border: 0px;\" \/><img decoding=\"async\" id=\"rating_6178_5\" src=\"https:\/\/www.icesi.edu.co\/editorial\/wp-content\/plugins\/wp-postratings\/images\/stars_crystal\/rating_half.gif\" alt=\"5 estrellas\" title=\"5 estrellas\" onmouseover=\"current_rating(6178, 5, '5 estrellas');\" onmouseout=\"ratings_off(4.9, 5, 0);\" onclick=\"rate_post();\" onkeypress=\"rate_post();\" style=\"cursor: pointer; border: 0px;\" \/> (<strong>7<\/strong> votos, promedio: <strong>4,86<\/strong> sobre 5)<br \/><span class=\"post-ratings-text\" id=\"ratings_6178_text\"><\/span><\/span><span id=\"post-ratings-6178-loading\" class=\"post-ratings-loading\"><img loading=\"lazy\" decoding=\"async\" src=\"https:\/\/www.icesi.edu.co\/editorial\/wp-content\/plugins\/wp-postratings\/images\/loading.gif\" width=\"16\" height=\"16\" class=\"post-ratings-image\" \/>Loading...<\/span>\n<script type=\"text\/javascript\" src=\"\/\/cdn.plu.mx\/widget-popup.js\"><\/script><a href=\"https:\/\/plu.mx\/plum\/a\/?doi=10.18046\/EUI\/tirant.2022.2\" data-popup=\"right\" data-size=\"large\" class=\"plumx-plum-print-popup\" data-site=\"plum\" data-hide-when-empty=\"true\" data-lang=\"es\" target=\"_blank\" rel=\"noopener\">Aportes al desarrollo de la subjetividad desde la perspectiva hist\u00f3rico cultural. El legado de Fernando Gonz\u00e1lez Rey<\/a><br \/>\n<div class=\"osc-res-tab tabbable   osc-tabs-left\"><div style=\"clear:both;width: 100%;\"><ul class=\"nav osc-res-nav nav-pills osc-tabs-left-ul\" id=\"oscitas-restabs-1-fernando-gonzalez-rey-71201\"><li class=\"active\"><a href=\"#ert_pane1-0\" data-toggle=\"tab\">Descripci\u00f3n<\/a><\/li><li class=\"\"><a href=\"#ert_pane1-1\" data-toggle=\"tab\">Contenido<\/a><\/li><li class=\"\"><a href=\"#ert_pane1-2\" data-toggle=\"tab\">Autor(es)<\/a><\/li><li class=\"\"><a href=\"#ert_pane1-3\" data-toggle=\"tab\">Catalogaci\u00f3n<\/a><\/li><\/ul><\/div><div style=\"clear:both;width: 100%;\"><ul class=\"tab-content\" id=\"oscitas-restabcontent-1-fernando-gonzalez-rey-71201\"><li class=\"tab-pane active\" id=\"ert_pane1-0\"><p style=\"text-align: justify;\">Referir a la trayectoria te\u00f3rica y la potencia del pensamiento de Fernando Gonz\u00e1lez Rey es siempre una tarea dif\u00edcil por la riqueza del mismo, su vitalidad intelectual y la diversidad de referencias y autores\/as en la que se apoya su producci\u00f3n intelectual, expresadas en un pensamiento original y en constante transformaci\u00f3n, siendo este car\u00e1cter procesual coherente con esa teor\u00eda. El prop\u00f3sito de este libro, entonces, es mostrar diversas formas de apropiaci\u00f3n y reflexi\u00f3n surgidas de este complejo e instigante marco te\u00f3rico. Al mismo tiempo, este texto trasluce la relaci\u00f3n afectuosa que los autores\/as mantuvieron con Fernando y el dolor inacabado por su p\u00e9rdida.<\/p>\n<p style=\"text-align: justify;\"><strong>C\u00f3mo citar (APA):<\/strong> Bravo, O. A. y D\u00edaz G\u00f3mez, A. (eds.) (2022). <i>Aportes al desarrollo de la subjetividad desde la perspectiva hist\u00f3rico cultural. El legado de Fernando Gonz\u00e1lez Rey<\/i>. Colombia: Universidad Icesi y Tirant lo Blanch. DOI: <a href=\"https:\/\/doi.org\/10.18046\/EUI\/tirant.2022.2\" target=\"_blank\" rel=\"noopener noreferrer\">https:\/\/doi.org\/10.18046\/EUI\/tirant.2022.2<\/a><\/p><\/li><li class=\"tab-pane \" id=\"ert_pane1-1\"><strong>Tabla de contenido:<\/strong><\/p>\n<p>Pr\u00f3logo<br \/>\n<i>Albertina Mitj\u00e1ns Mart\u00ednez<\/i><\/p>\n<p>Introducci\u00f3n<br \/>\n<i>Omar Alejandro Bravo y \u00c1lvaro D\u00edaz G\u00f3mez<\/i><\/p>\n<p><strong>1 \/ Gonz\u00e1lez Rey: subjetividad social, pol\u00edtica e instituciones<\/strong><br \/>\n<i>Omar Alejandro Bravo<\/i><\/p>\n<p><strong>2 \/ Sentidos subjetivos pol\u00edticos. Un aporte para investigar la subjetividad pol\u00edtica<\/strong><br \/>\n<i>\u00c1lvaro D\u00edaz G\u00f3mez y Ana Mar\u00eda Calder\u00f3n Jaramillo<\/i><\/p>\n<p><strong>3 \/ Personalidad, sujeto y configuraci\u00f3n: an\u00e1lisis de los conceptos que sirvieron como anteceedntes a la teor\u00eda de la subjetividad<\/strong><br \/>\n<i>Jorge Eduardo Moncayo Quevedo y Mar\u00eda del Mar P\u00e9rez Arizabaleta<\/i><\/p>\n<p><strong>4 \/ Una epistemolog\u00eda para el estudio de la subjetividad: contribuciones de Gonz\u00e1lez Rey a la psicolog\u00eda<\/strong><br \/>\n<i>Jos\u00e9 Fernando Pati\u00f1o Torres<\/i><\/p>\n<p><strong>5 \/ Teor\u00eda de la subjetividad y educaci\u00f3n: entrevista a Fernando Gonz\u00e1lez Rey<\/strong><br \/>\n<i>Fernando Gonz\u00e1lez Rey (In Memoriam) y Daniel Magalh\u00e3es Goulart<\/i><\/p>\n<p>Sobre los autores<br \/><\/li><li class=\"tab-pane \" id=\"ert_pane1-2\"><ul>\n<li style=\"text-align: justify;\"><b>Fernando Gonz\u00e1lez Rey<\/b>, (<i>In Memoriam<\/i>)<\/li>\n<li style=\"text-align: justify;\"><b>Jos\u00e9 Fernando Pati\u00f1o Torres<\/b>, Universidad Federal do Tocantins (Brasil)<\/li>\n<li style=\"text-align: justify;\"><b>Jorge Eduardo Moncayo Quevedo<\/b>, Universidad Antonio Nari\u00f1o (Colombia)<\/li>\n<li style=\"text-align: justify;\"><b>Mar\u00eda del Mar P\u00e9rez Arizabaleta<\/b>, Universidad Antonio Nari\u00f1o (Colombia)<\/li>\n<li style=\"text-align: justify;\"><b>Ana Mar\u00eda Calder\u00f3n Jaramillo<\/b>, Universidad San Sebasti\u00e1n (Chile)<\/li>\n<li style=\"text-align: justify;\"><b>Daniel Magalh\u00e3es Goulart<\/b>, Universidad de Brasilia (Brasil)<\/li>\n<li style=\"text-align: justify;\"><a href=\"https:\/\/orcid.org\/0000-0002-2602-1702\" target=\"_blank\" title=\"ORCID iD\" rel=\"noopener noreferrer\"><img loading=\"lazy\" decoding=\"async\" class=\"alignnone size-full wp-image-1012\" src=\"http:\/\/www.icesi.edu.co\/editorial\/wp-content\/uploads\/2020\/06\/ORCIDiD_icon16x16.png\" style=\"margin-right: 6px;\" alt=\"Icono ORCID\" width=\"16\" height=\"16\"><\/a><b>\u00c1lvaro D\u00edaz G\u00f3mez<\/b>, Universidad Tecnol\u00f3gica de Pereira (Colombia)<\/li>\n<li style=\"text-align: justify;\"><a href=\"https:\/\/orcid.org\/0000-0002-6184-9193\" target=\"_blank\" title=\"ORCID iD\" rel=\"noopener noreferrer\"><img loading=\"lazy\" decoding=\"async\" class=\"alignnone size-full wp-image-1012\" src=\"http:\/\/www.icesi.edu.co\/editorial\/wp-content\/uploads\/2020\/06\/ORCIDiD_icon16x16.png\" style=\"margin-right: 6px;\" alt=\"Icono ORCID\" width=\"16\" height=\"16\"><\/a><b>Omar Alejandro Bravo<\/b>, Universidad Icesi (Cali, Colombia)<\/li>\n<\/ul><\/li><li class=\"tab-pane \" id=\"ert_pane1-3\"><table>\n<tbody>\n<tr class=\"first odd\">\n<th width=\"150\">\n<p style=\"text-align: left;\">T\u00edtulo (ingl\u00e9s):<\/p>\n<\/th>\n<td class=\"data last\">Contributions to the development of subjectivity from a cultural-historical perspective. The legacy of Fernando Gonz\u00e1lez Rey.<\/td>\n<\/tr>\n<tr class=\"even\">\n<th>\n<p style=\"text-align: left;\">DOI\/URL:<\/p>\n<\/th>\n<td class=\"data last\"><a href=\"https:\/\/doi.org\/10.18046\/EUI\/tirant.2022.2\" target=\"_blank\" rel=\"noopener noreferrer\">https:\/\/doi.org\/10.18046\/EUI\/tirant.2022.2<\/a><\/td>\n<\/tr>\n<tr class=\"odd\">\n<th>\n<p style=\"text-align: left;\">Editorial(es):<\/p>\n<\/th>\n<td class=\"data last\">Universidad Icesi y Tirant lo Blanch.<\/td>\n<\/tr>\n<tr class=\"even\">\n<th>\n<p style=\"text-align: left;\">Autores:<\/p>\n<\/th>\n<td class=\"data last\">Fernando Gonz\u00e1lez Rey (<i>In Memoriam<\/i>), Jos\u00e9 Fernando Pati\u00f1o Torres, Jorge Eduardo Moncayo Quevedo, Mar\u00eda del Mar P\u00e9rez Arizabaleta, Ana Mar\u00eda Calder\u00f3n Jaramillo, Daniel Magalh\u00e3es Goulart, \u00c1lvaro D\u00edaz G\u00f3mez y Omar Alejandro Bravo.<\/td>\n<\/tr>\n<tr class=\"odd\">\n<th>\n<p style=\"text-align: left;\">Palabras clave:<\/p>\n<\/th>\n<td class=\"data last\">Fernando Gonz\u00e1lez Rey (1949-2019), Teor\u00eda de la subjetividad, Psicolog\u00eda social, Psicolog\u00eda pol\u00edtica.<\/td>\n<\/tr>\n<tr class=\"even\">\n<th>\n<p style=\"text-align: left;\">ISBN:<\/p>\n<\/th>\n<td class=\"data last\">978-84-18970-35-1 \/ 978-84-18970-36-8 (eBook).<\/td>\n<\/tr>\n<tr class=\"odd\">\n<th>\n<p style=\"text-align: left;\">Fecha de edici\u00f3n:<\/p>\n<\/th>\n<td class=\"data last\">Abril de 2022.<\/td>\n<\/tr>\n<tr class=\"even\">\n<th>\n<p style=\"text-align: left;\">No. de p\u00e1ginas:<\/p>\n<\/th>\n<td class=\"data last\">184.<\/td>\n<\/tr>\n<tr class=\"odd\">\n<th>\n<p style=\"text-align: left;\">Idioma(s):<\/p>\n<\/th>\n<td class=\"data last\">Espa\u00f1ol.<\/td>\n<\/tr>\n<tr class=\"even\">\n<th>\n<p style=\"text-align: left;\">Formato(s):<\/p>\n<\/th>\n<td class=\"data last\">Libro impreso (tapa r\u00fastica) y libro electr\u00f3nico.<\/td>\n<\/tr>\n<tr class=\"odd\">\n<th>\n<p style=\"text-align: left;\">Alto x ancho:<\/p>\n<\/th>\n<td class=\"data last\">21,5 x 15 cm<\/td>\n<\/tr>\n<tr class=\"even\">\n<th>\n<p style=\"text-align: left;\">Colecci\u00f3n:<\/p>\n<\/th>\n<td class=\"data last\">Edici\u00f3n especial.<\/td>\n<\/tr>\n<tr class=\"odd\">\n<th>\n<p style=\"text-align: left;\">Producto:<\/p>\n<\/th>\n<td class=\"data last\">Libro de investigaci\u00f3n.<\/td>\n<\/tr>\n<tr class=\"even\">\n<th>\n<p style=\"text-align: left;\">Observaciones:<\/p>\n<\/th>\n<td class=\"data last\">Incluye referencias bibliogr\u00e1ficas.<\/td>\n<\/tr>\n<tr class=\"last odd\">\n<th>\n<p style=\"text-align: left;\">Registro DSpace:<\/p>\n<\/th>\n<td class=\"data last\"><a href=\"https:\/\/doi.org\/10.18046\/EUI\/tirant.2022.2\" target=\"_blank\" rel=\"noopener noreferrer\"><img loading=\"lazy\" decoding=\"async\" class=\"alignnone size-full wp-image-1012\" src=\"http:\/\/www.icesi.edu.co\/editorial\/wp-content\/uploads\/2016\/04\/downloadIcon-e1460499009176.png\" alt=\"Icono de Repositorio - Contenido en la Nube\" width=\"25\" height=\"25\"><\/a><\/td>\n<\/tr>\n<\/tbody>\n<\/table><\/li><\/ul><\/div><\/div>\n","protected":false},"excerpt":{"rendered":"<p>T\u00edtulo completo: Aportes al desarrollo de la subjetividad desde la perspectiva hist\u00f3rico cultural. El legado de Fernando Gonz\u00e1lez Rey. Editores: Omar Alejandro Bravo y \u00c1lvaro D\u00edaz G\u00f3mez. Autores: Fernando Gonz\u00e1lez Rey (In Memoriam), Jos\u00e9 Fernando Pati\u00f1o Torres, Jorge Eduardo Moncayo Quevedo, Mar\u00eda del Mar P\u00e9rez Arizabaleta, Ana Mar\u00eda Calder\u00f3n Jaramillo, Daniel Magalh\u00e3es Goulart, \u00c1lvaro D\u00edaz [&hellip;]<\/p>\n","protected":false},"author":3,"featured_media":6663,"comment_status":"closed","ping_status":"closed","sticky":false,"template":"","format":"standard","meta":{"footnotes":""},"categories":[797],"tags":[55,72,161,224,411,422,511,671,773,795,902],"class_list":["post-6178","post","type-post","status-publish","format-standard","has-post-thumbnail","hentry","category-tirant-icesi","tag-subjetividad","tag-fdcs","tag-psicologia-social","tag-coedicion","tag-omar-alejandro-bravo","tag-psicologia","tag-psicologia-politica","tag-tirant-lo-blanch","tag-fernando-gonzalez-rey","tag-795","tag-fch"],"_links":{"self":[{"href":"https:\/\/www.icesi.edu.co\/editorial\/wp-json\/wp\/v2\/posts\/6178","targetHints":{"allow":["GET"]}}],"collection":[{"href":"https:\/\/www.icesi.edu.co\/editorial\/wp-json\/wp\/v2\/posts"}],"about":[{"href":"https:\/\/www.icesi.edu.co\/editorial\/wp-json\/wp\/v2\/types\/post"}],"author":[{"embeddable":true,"href":"https:\/\/www.icesi.edu.co\/editorial\/wp-json\/wp\/v2\/users\/3"}],"replies":[{"embeddable":true,"href":"https:\/\/www.icesi.edu.co\/editorial\/wp-json\/wp\/v2\/comments?post=6178"}],"version-history":[{"count":9,"href":"https:\/\/www.icesi.edu.co\/editorial\/wp-json\/wp\/v2\/posts\/6178\/revisions"}],"predecessor-version":[{"id":6730,"href":"https:\/\/www.icesi.edu.co\/editorial\/wp-json\/wp\/v2\/posts\/6178\/revisions\/6730"}],"wp:featuredmedia":[{"embeddable":true,"href":"https:\/\/www.icesi.edu.co\/editorial\/wp-json\/wp\/v2\/media\/6663"}],"wp:attachment":[{"href":"https:\/\/www.icesi.edu.co\/editorial\/wp-json\/wp\/v2\/media?parent=6178"}],"wp:term":[{"taxonomy":"category","embeddable":true,"href":"https:\/\/www.icesi.edu.co\/editorial\/wp-json\/wp\/v2\/categories?post=6178"},{"taxonomy":"post_tag","embeddable":true,"href":"https:\/\/www.icesi.edu.co\/editorial\/wp-json\/wp\/v2\/tags?post=6178"}],"curies":[{"name":"wp","href":"https:\/\/api.w.org\/{rel}","templated":true}]}}