{"id":6554,"date":"2021-10-31T01:00:00","date_gmt":"2021-10-31T06:00:00","guid":{"rendered":"https:\/\/www.icesi.edu.co\/editorial\/?p=6554"},"modified":"2022-10-20T08:27:21","modified_gmt":"2022-10-20T13:27:21","slug":"desde-mi-ventana","status":"publish","type":"post","link":"https:\/\/www.icesi.edu.co\/editorial\/desde-mi-ventana\/","title":{"rendered":"Desde mi ventana"},"content":{"rendered":"<p><strong>T\u00edtulo completo:<\/strong> Desde mi ventana.<br \/>\n<strong>Prologuista:<\/strong> Agueda Pizarro Rayo.<br \/>\n<strong>Autor:<\/strong> Adela Guerrero.<br \/>\n<strong>Editoriales:<\/strong> GEUP Colombia.<br \/>\n<strong>A\u00f1o de edici\u00f3n<\/strong>: 2021 | <strong>ISBN:<\/strong> 978-628-7501-22-5.<br \/>\n<span id=\"post-ratings-6554\" class=\"post-ratings\" data-nonce=\"bd9412e52f\"><img decoding=\"async\" id=\"rating_6554_1\" src=\"https:\/\/www.icesi.edu.co\/editorial\/wp-content\/plugins\/wp-postratings\/images\/stars_crystal\/rating_on.gif\" alt=\"1 estrella\" title=\"1 estrella\" onmouseover=\"current_rating(6554, 1, '1 estrella');\" onmouseout=\"ratings_off(3, 0, 0);\" onclick=\"rate_post();\" onkeypress=\"rate_post();\" style=\"cursor: pointer; border: 0px;\" \/><img decoding=\"async\" id=\"rating_6554_2\" src=\"https:\/\/www.icesi.edu.co\/editorial\/wp-content\/plugins\/wp-postratings\/images\/stars_crystal\/rating_on.gif\" alt=\"2 estrellas\" title=\"2 estrellas\" onmouseover=\"current_rating(6554, 2, '2 estrellas');\" onmouseout=\"ratings_off(3, 0, 0);\" onclick=\"rate_post();\" onkeypress=\"rate_post();\" style=\"cursor: pointer; border: 0px;\" \/><img decoding=\"async\" id=\"rating_6554_3\" src=\"https:\/\/www.icesi.edu.co\/editorial\/wp-content\/plugins\/wp-postratings\/images\/stars_crystal\/rating_on.gif\" alt=\"3 estrellas\" title=\"3 estrellas\" onmouseover=\"current_rating(6554, 3, '3 estrellas');\" onmouseout=\"ratings_off(3, 0, 0);\" onclick=\"rate_post();\" onkeypress=\"rate_post();\" style=\"cursor: pointer; border: 0px;\" \/><img decoding=\"async\" id=\"rating_6554_4\" src=\"https:\/\/www.icesi.edu.co\/editorial\/wp-content\/plugins\/wp-postratings\/images\/stars_crystal\/rating_off.gif\" alt=\"4 estrellas\" title=\"4 estrellas\" onmouseover=\"current_rating(6554, 4, '4 estrellas');\" onmouseout=\"ratings_off(3, 0, 0);\" onclick=\"rate_post();\" onkeypress=\"rate_post();\" style=\"cursor: pointer; border: 0px;\" \/><img decoding=\"async\" id=\"rating_6554_5\" src=\"https:\/\/www.icesi.edu.co\/editorial\/wp-content\/plugins\/wp-postratings\/images\/stars_crystal\/rating_off.gif\" alt=\"5 estrellas\" title=\"5 estrellas\" onmouseover=\"current_rating(6554, 5, '5 estrellas');\" onmouseout=\"ratings_off(3, 0, 0);\" onclick=\"rate_post();\" onkeypress=\"rate_post();\" style=\"cursor: pointer; border: 0px;\" \/> (<strong>2<\/strong> votos, promedio: <strong>3,00<\/strong> sobre 5)<br \/><span class=\"post-ratings-text\" id=\"ratings_6554_text\"><\/span><\/span><span id=\"post-ratings-6554-loading\" class=\"post-ratings-loading\"><img loading=\"lazy\" decoding=\"async\" src=\"https:\/\/www.icesi.edu.co\/editorial\/wp-content\/plugins\/wp-postratings\/images\/loading.gif\" width=\"16\" height=\"16\" class=\"post-ratings-image\" \/>Loading...<\/span>\n&nbsp;<br \/>\n<div class=\"osc-res-tab tabbable   osc-tabs-left\"><div style=\"clear:both;width: 100%;\"><ul class=\"nav osc-res-nav nav-pills osc-tabs-left-ul\" id=\"oscitas-restabs-1-desde-mi-ventana-54460\"><li class=\"active\"><a href=\"#ert_pane1-0\" data-toggle=\"tab\">Descripci\u00f3n<\/a><\/li><li class=\"\"><a href=\"#ert_pane1-1\" data-toggle=\"tab\">Contenido<\/a><\/li><li class=\"\"><a href=\"#ert_pane1-2\" data-toggle=\"tab\">Autor(es)<\/a><\/li><li class=\"\"><a href=\"#ert_pane1-3\" data-toggle=\"tab\">Catalogaci\u00f3n<\/a><\/li><\/ul><\/div><div style=\"clear:both;width: 100%;\"><ul class=\"tab-content\" id=\"oscitas-restabcontent-1-desde-mi-ventana-54460\"><li class=\"tab-pane active\" id=\"ert_pane1-0\"><p style=\"text-align: justify;\">El t\u00edtulo del libro ganador del Gran Premio Ediciones Embalaje 2005, Desde mi Ventana, de Adela Guerrero, nos ubica a los lectores precisamente en aquel alf\u00e9izar desde el que ella observa su propia vida que as\u00ed se convierte en la nuestra. La met\u00e1fora arquet\u00edpica en la que \u201ccasa\u201d equivale a \u201ccara\u201d y \u201cventana\u201d a \u201cojo\u201d, aqu\u00ed se lleva a otros niveles de conciencia, empezando por aquella otra figura ret\u00f3rica que identifica a los ojos como \u201cventanas del alma\u201d. En Desde mi Ventana, cada poema es una mirada del esp\u00edritu en que el lenguaje capta en un parpadeo una visi\u00f3n que se recibe como rapto, como revelaci\u00f3n. Aqu\u00ed el tiempo se vuelve flexible y el pasado se asoma en toda la luminosidad de su presencia instant\u00e1nea, milagrosamente recuperada y recibida como una epifan\u00eda. El tema de estos poemas breves es el redescubrimiento de la infancia, cuyo para\u00edso sensible lo alumbra una conciencia de lo sagrado inmanente en el primer asombro de la ni\u00f1a, ahora, a la vez a\u00f1oranza y j\u00fabilo. As\u00ed hay un doble arrobamiento: el de la mujer madura que se ve ni\u00f1a arrobada en el primer contacto con el mundo. Doble gozo, doble j\u00fabilo [Agueda Pizarro Rayo].<\/p><\/li><li class=\"tab-pane \" id=\"ert_pane1-1\"><strong>Tabla de contenido:<\/strong><\/p>\n<p>Pr\u00f3logo<br \/>\n<i>Agueda Pizarro Rayo<\/i><\/p>\n<p><strong><u>Parte 1. Hacia la infancia<\/u><\/strong><\/p>\n<p>Voz de mar<br \/>\nAsombro<br \/>\nOtro lugar<br \/>\nEl rostro del inicio<br \/>\nDe almendra<br \/>\nSurcos de encuentro<br \/>\nLluvia de soles<br \/>\nAnuncio de fiesta<br \/>\nA la espera<br \/>\nDespu\u00e9s del fuego<br \/>\nTernura de huerto<br \/>\nRegalo de amor<br \/>\nRe\u00edr a carcajadas<br \/>\nElla<br \/>\nCandi<br \/>\nSilencio<\/p>\n<p><strong><u>Parte 2. Otros mares<\/u><\/strong><\/p>\n<p>Mensajeros<br \/>\nPor un beso<br \/>\nRisa de ciruelo<br \/>\nTejedora de sue\u00f1os<br \/>\nMientras el silencio<br \/>\nSecretos<br \/>\nNuevamente el internado<br \/>\nAs\u00ed<br \/>\nUna voz<br \/>\nAhora<br \/>\nResplandor<br \/>\nComo acertijo<br \/>\nDesnudez de viento<br \/>\nHacia las estrellas<br \/>\nRegreso<br \/>\nDentro de mi<br \/>\nUn instante<br \/>\nDespu\u00e9s de todo<br \/>\nRuego<br \/><\/li><li class=\"tab-pane \" id=\"ert_pane1-2\"><ul>\n<li style=\"text-align: justify;\">Adela Guerrero<\/li>\n<\/ul><\/li><li class=\"tab-pane \" id=\"ert_pane1-3\"><table>\n<tbody>\n<tr class=\"first odd\">\n<th width=\"150\">\n<p style=\"text-align: left;\">T\u00edtulo (ingl\u00e9s):<\/p>\n<\/th>\n<td class=\"data last\">From my window.<\/td>\n<\/tr>\n<tr class=\"even\">\n<th>\n<p style=\"text-align: left;\">DOI\/URL:<\/p>\n<\/th>\n<td class=\"data last\">&#8212;.<\/td>\n<\/tr>\n<tr class=\"odd\">\n<th>\n<p style=\"text-align: left;\">Editorial(es):<\/p>\n<\/th>\n<td class=\"data last\">GEUP Colombia.<\/td>\n<\/tr>\n<tr class=\"even\">\n<th>\n<p style=\"text-align: left;\">Autor:<\/p>\n<\/th>\n<td class=\"data last\">Adela Guerrero.<\/td>\n<\/tr>\n<tr class=\"odd\">\n<th>\n<p style=\"text-align: left;\">Palabras clave:<\/p>\n<\/th>\n<td class=\"data last\">Literatura, Poes\u00eda, Concurso literario, Museo Rayo.<\/td>\n<\/tr>\n<tr class=\"even\">\n<th>\n<p style=\"text-align: left;\">ISBN:<\/p>\n<\/th>\n<td class=\"data last\">978-628-7501-22-5.<\/td>\n<\/tr>\n<tr class=\"odd\">\n<th>\n<p style=\"text-align: left;\">Fecha de edici\u00f3n:<\/p>\n<\/th>\n<td class=\"data last\">Octubre de 2021.<\/td>\n<\/tr>\n<tr class=\"even\">\n<th>\n<p style=\"text-align: left;\">No. de p\u00e1ginas:<\/p>\n<\/th>\n<td class=\"data last\">60<\/td>\n<\/tr>\n<tr class=\"odd\">\n<th>\n<p style=\"text-align: left;\">Idioma(s):<\/p>\n<\/th>\n<td class=\"data last\">Espa\u00f1ol.<\/td>\n<\/tr>\n<tr class=\"even\">\n<th>\n<p style=\"text-align: left;\">Formato(s):<\/p>\n<\/th>\n<td class=\"data last\">Libro digital (PDF).<\/td>\n<\/tr>\n<tr class=\"odd\">\n<th>\n<p style=\"text-align: left;\">Alto x ancho:<\/p>\n<\/th>\n<td class=\"data last\">21 x 14 cm.<\/td>\n<\/tr>\n<tr class=\"even\">\n<th>\n<p style=\"text-align: left;\">Colecci\u00f3n:<\/p>\n<\/th>\n<td class=\"data last\">Feria Internacional del Libro de Cali.<\/td>\n<\/tr>\n<tr class=\"odd\">\n<th>\n<p style=\"text-align: left;\">Producto:<\/p>\n<\/th>\n<td class=\"data last\">Libro de inter\u00e9s general.<\/td>\n<\/tr>\n<tr class=\"last even\">\n<th>\n<p style=\"text-align: left;\">Observaciones:<\/p>\n<\/th>\n<td class=\"data last\">Edici\u00f3n especial para la Feria Internacional del Libro de Cali de 2021. Gran Premio Ediciones Embalaje Museo Rayo 2005<\/td>\n<\/tr>\n<\/tbody>\n<\/table><\/li><\/ul><\/div><\/div>\n","protected":false},"excerpt":{"rendered":"<p>T\u00edtulo completo: Desde mi ventana. Prologuista: Agueda Pizarro Rayo. Autor: Adela Guerrero. Editoriales: GEUP Colombia. A\u00f1o de edici\u00f3n: 2021 | ISBN: 978-628-7501-22-5. &nbsp;<\/p>\n","protected":false},"author":3,"featured_media":6555,"comment_status":"closed","ping_status":"closed","sticky":false,"template":"","format":"standard","meta":{"footnotes":""},"categories":[760],"tags":[221,385,514,682,774,796],"class_list":["post-6554","post","type-post","status-publish","format-standard","has-post-thumbnail","hentry","category-geup","tag-literatura","tag-feria-internacional-del-libro-de-cali","tag-geup-colombia","tag-682","tag-filcali-2021","tag-ediciones-embalaje-museo-rayo"],"_links":{"self":[{"href":"https:\/\/www.icesi.edu.co\/editorial\/wp-json\/wp\/v2\/posts\/6554","targetHints":{"allow":["GET"]}}],"collection":[{"href":"https:\/\/www.icesi.edu.co\/editorial\/wp-json\/wp\/v2\/posts"}],"about":[{"href":"https:\/\/www.icesi.edu.co\/editorial\/wp-json\/wp\/v2\/types\/post"}],"author":[{"embeddable":true,"href":"https:\/\/www.icesi.edu.co\/editorial\/wp-json\/wp\/v2\/users\/3"}],"replies":[{"embeddable":true,"href":"https:\/\/www.icesi.edu.co\/editorial\/wp-json\/wp\/v2\/comments?post=6554"}],"version-history":[{"count":6,"href":"https:\/\/www.icesi.edu.co\/editorial\/wp-json\/wp\/v2\/posts\/6554\/revisions"}],"predecessor-version":[{"id":6576,"href":"https:\/\/www.icesi.edu.co\/editorial\/wp-json\/wp\/v2\/posts\/6554\/revisions\/6576"}],"wp:featuredmedia":[{"embeddable":true,"href":"https:\/\/www.icesi.edu.co\/editorial\/wp-json\/wp\/v2\/media\/6555"}],"wp:attachment":[{"href":"https:\/\/www.icesi.edu.co\/editorial\/wp-json\/wp\/v2\/media?parent=6554"}],"wp:term":[{"taxonomy":"category","embeddable":true,"href":"https:\/\/www.icesi.edu.co\/editorial\/wp-json\/wp\/v2\/categories?post=6554"},{"taxonomy":"post_tag","embeddable":true,"href":"https:\/\/www.icesi.edu.co\/editorial\/wp-json\/wp\/v2\/tags?post=6554"}],"curies":[{"name":"wp","href":"https:\/\/api.w.org\/{rel}","templated":true}]}}